{"id":39570,"date":"2025-01-15T15:55:09","date_gmt":"2025-01-15T15:55:09","guid":{"rendered":"https:\/\/municipalidaddenebaj.com\/?p=39570"},"modified":"2025-03-07T15:42:47","modified_gmt":"2025-03-07T15:42:47","slug":"39570","status":"publish","type":"post","link":"https:\/\/municipalidaddenebaj.com\/?p=39570","title":{"rendered":"Agenda &#8211; Atenci\u00f3n Personalizada"},"content":{"rendered":"\n<h2 class=\"wp-block-heading\">Este 2025 marca un nuevo comienzo en nuestra relaci\u00f3n con ustedes. A partir de hoy, el Se\u00f1or Alcalde abrir\u00e1 su agenda para brindar atenci\u00f3n personalizada al pueblo de Nebaj. Registraremos las solicitudes de audiencias, programaremos en orden y le daremos seguimiento a la gesti\u00f3n que corresponda.<\/h2>\n\n\n\n<h2 class=\"wp-block-heading\">Dos d\u00edas a la semana, el liderazgo y compromiso estar\u00e1n al alcance de cada vecino, escuchando sus necesidades, ideas y sue\u00f1os para construir juntos un municipio m\u00e1s fuerte y unido. Su <a><\/a>voz importa y juntos haremos la diferencia.<\/h2>\n\n\n\n<h2 class=\"wp-block-heading\"><a href=\"https:\/\/www.facebook.com\/hashtag\/contruyendofuturo?__eep__=6&amp;__cft__[0]=AZWPLTjVTiTKdBp5rWWA1m0vA2g2meNEoIwQqbGX7YSBqY2aLkVEC_4Z7QyH4Ql1ioMFQ4cvJys20bLyxICb5Z9iDlLdvS41p6yJtNy2lNClVnAKc1tRA3hBThgJPfLbqYfdItfvhPGh4u3w2JWvLhP4QGPsrZrH5gqO12iNLQCYX6j5rAa_kDtHeox_E62otHk&amp;__tn__=*NK-R\">#ContruyendoFuturo<\/a><\/h2>\n\n\n\n<iframe src=\"https:\/\/www.facebook.com\/plugins\/post.php?href=https%3A%2F%2Fwww.facebook.com%2Fpermalink.php%3Fstory_fbid%3Dpfbid0WPVyK3JtP9URdexwSEwB78Jb2mQsXmPh9Az5SBefjb9HJBcFrWXZ9um52qSmYnVpl%26id%3D100064424092491&#038;show_text=true&#038;width=1100\" width=\"1100\" height=\"1020\" style=\"border:none;overflow:hidden\" scrolling=\"no\" frameborder=\"0\" allowfullscreen=\"true\" allow=\"autoplay; clipboard-write; encrypted-media; picture-in-picture; web-share\"><\/iframe>\n\n\n\n<figure class=\"wp-block-image size-full is-resized\"><img  title=\"\" decoding=\"async\" src=\"https:\/\/municipalidaddenebaj.com\/wp-content\/uploads\/2025\/01\/image-3.png\"  alt=\"image-3 Agenda - Atenci\u00f3n Personalizada\"  class=\"wp-image-39571\" style=\"width:1450px;height:auto\"\/><\/figure>\n","protected":false},"excerpt":{"rendered":"<p>Este 2025 marca un nuevo comienzo en nuestra relaci\u00f3n con ustedes. A partir de hoy,&#8230;<\/p>\n","protected":false},"author":4,"featured_media":39572,"comment_status":"open","ping_status":"open","sticky":false,"template":"","format":"standard","meta":{"_eb_attr":"","_monsterinsights_skip_tracking":false,"_monsterinsights_sitenote_active":false,"_monsterinsights_sitenote_note":"","_monsterinsights_sitenote_category":0,"footnotes":""},"categories":[1],"tags":[],"class_list":["post-39570","post","type-post","status-publish","format-standard","has-post-thumbnail","hentry","category-uncategorized"],"featured_image_urls":{"full":["https:\/\/municipalidaddenebaj.com\/wp-content\/uploads\/2025\/01\/473677338_1008390497985077_1264023552819548840_n.jpg",593,395,false],"thumbnail":["https:\/\/municipalidaddenebaj.com\/wp-content\/uploads\/2025\/01\/473677338_1008390497985077_1264023552819548840_n-400x395.jpg",400,395,true],"medium":["https:\/\/municipalidaddenebaj.com\/wp-content\/uploads\/2025\/01\/473677338_1008390497985077_1264023552819548840_n.jpg",593,395,false],"medium_large":["https:\/\/municipalidaddenebaj.com\/wp-content\/uploads\/2025\/01\/473677338_1008390497985077_1264023552819548840_n.jpg",593,395,false],"large":["https:\/\/municipalidaddenebaj.com\/wp-content\/uploads\/2025\/01\/473677338_1008390497985077_1264023552819548840_n-510x340.jpg",510,340,true],"ezd_searrch_thumb16x16":["https:\/\/municipalidaddenebaj.com\/wp-content\/uploads\/2025\/01\/473677338_1008390497985077_1264023552819548840_n.jpg",16,11,false],"ezd_searrch_thumb50x50":["https:\/\/municipalidaddenebaj.com\/wp-content\/uploads\/2025\/01\/473677338_1008390497985077_1264023552819548840_n.jpg",50,33,false],"1536x1536":["https:\/\/municipalidaddenebaj.com\/wp-content\/uploads\/2025\/01\/473677338_1008390497985077_1264023552819548840_n.jpg",593,395,false],"2048x2048":["https:\/\/municipalidaddenebaj.com\/wp-content\/uploads\/2025\/01\/473677338_1008390497985077_1264023552819548840_n.jpg",593,395,false],"covernews-featured":["https:\/\/municipalidaddenebaj.com\/wp-content\/uploads\/2025\/01\/473677338_1008390497985077_1264023552819548840_n.jpg",593,395,false],"covernews-medium":["https:\/\/municipalidaddenebaj.com\/wp-content\/uploads\/2025\/01\/473677338_1008390497985077_1264023552819548840_n-540x340.jpg",540,340,true],"woocommerce_thumbnail":["https:\/\/municipalidaddenebaj.com\/wp-content\/uploads\/2025\/01\/473677338_1008390497985077_1264023552819548840_n-300x300.jpg",300,300,true],"woocommerce_single":["https:\/\/municipalidaddenebaj.com\/wp-content\/uploads\/2025\/01\/473677338_1008390497985077_1264023552819548840_n.jpg",593,395,false],"woocommerce_gallery_thumbnail":["https:\/\/municipalidaddenebaj.com\/wp-content\/uploads\/2025\/01\/473677338_1008390497985077_1264023552819548840_n-100x100.jpg",100,100,true]},"author_info":{"display_name":"Editor","author_link":"https:\/\/municipalidaddenebaj.com\/?author=4"},"category_info":"<a href=\"https:\/\/municipalidaddenebaj.com\/?cat=1\" rel=\"category\">Uncategorized<\/a>","tag_info":"Uncategorized","comment_count":"0","_links":{"self":[{"href":"https:\/\/municipalidaddenebaj.com\/index.php?rest_route=\/wp\/v2\/posts\/39570","targetHints":{"allow":["GET"]}}],"collection":[{"href":"https:\/\/municipalidaddenebaj.com\/index.php?rest_route=\/wp\/v2\/posts"}],"about":[{"href":"https:\/\/municipalidaddenebaj.com\/index.php?rest_route=\/wp\/v2\/types\/post"}],"author":[{"embeddable":true,"href":"https:\/\/municipalidaddenebaj.com\/index.php?rest_route=\/wp\/v2\/users\/4"}],"replies":[{"embeddable":true,"href":"https:\/\/municipalidaddenebaj.com\/index.php?rest_route=%2Fwp%2Fv2%2Fcomments&post=39570"}],"version-history":[{"count":0,"href":"https:\/\/municipalidaddenebaj.com\/index.php?rest_route=\/wp\/v2\/posts\/39570\/revisions"}],"wp:featuredmedia":[{"embeddable":true,"href":"https:\/\/municipalidaddenebaj.com\/index.php?rest_route=\/wp\/v2\/media\/39572"}],"wp:attachment":[{"href":"https:\/\/municipalidaddenebaj.com\/index.php?rest_route=%2Fwp%2Fv2%2Fmedia&parent=39570"}],"wp:term":[{"taxonomy":"category","embeddable":true,"href":"https:\/\/municipalidaddenebaj.com\/index.php?rest_route=%2Fwp%2Fv2%2Fcategories&post=39570"},{"taxonomy":"post_tag","embeddable":true,"href":"https:\/\/municipalidaddenebaj.com\/index.php?rest_route=%2Fwp%2Fv2%2Ftags&post=39570"}],"curies":[{"name":"wp","href":"https:\/\/api.w.org\/{rel}","templated":true}]}}