{"id":39574,"date":"2025-01-15T15:59:23","date_gmt":"2025-01-15T15:59:23","guid":{"rendered":"https:\/\/municipalidaddenebaj.com\/?p=39574"},"modified":"2025-03-07T15:43:05","modified_gmt":"2025-03-07T15:43:05","slug":"39574","status":"publish","type":"post","link":"https:\/\/municipalidaddenebaj.com\/?p=39574","title":{"rendered":"Recibimiento COCODE &#8211; Segundo Nivel del \u00e1rea urbana"},"content":{"rendered":"\n<h2 class=\"wp-block-heading\">Hoy tuvimos el honor de recibir al COCODE de Segundo Nivel del \u00e1rea urbana, quienes presentaron las necesidades m\u00e1s urgentes de nuestras familias. Nos llena de alegr\u00eda ver que sus propuestas reflejan un profundo amor por nuestra comunidad y que, adem\u00e1s, coincidimos en la mayor\u00eda de los proyectos que debemos priorizar.<\/h2>\n\n\n\n<h2 class=\"wp-block-heading\">Algunos proyectos ser\u00e1n incorporados en el plan de inversi\u00f3n municipal, mientras que otros los gestionaremos ante el gobierno nacional para convertirlos en <a><\/a>realidad. Estamos convencidos de que cuando sumamos esfuerzos, \u00a1logramos grandes cambios!<\/h2>\n\n\n\n<iframe src=\"https:\/\/www.facebook.com\/plugins\/post.php?href=https%3A%2F%2Fwww.facebook.com%2Fpermalink.php%3Fstory_fbid%3Dpfbid0Rxxy6ySHeLDv1TbfDH9i5uaSr5q1jMAr7r9ToRTz6twqTAggF9VZThTKU7f9FLZel%26id%3D100064424092491&#038;show_text=true&#038;width=1000\" width=\"1000\" height=\"1015\" style=\"border:none;overflow:hidden\" scrolling=\"no\" frameborder=\"0\" allowfullscreen=\"true\" allow=\"autoplay; clipboard-write; encrypted-media; picture-in-picture; web-share\"><\/iframe>\n\n\n\n<figure class=\"wp-block-image size-full is-resized\"><img  title=\"\" decoding=\"async\" src=\"https:\/\/municipalidaddenebaj.com\/wp-content\/uploads\/2025\/01\/image-4.png\"  alt=\"image-4 Recibimiento COCODE - Segundo Nivel del \u00e1rea urbana\"  class=\"wp-image-39576\" style=\"width:1450px;height:auto\"\/><\/figure>\n","protected":false},"excerpt":{"rendered":"<p>Hoy tuvimos el honor de recibir al COCODE de Segundo Nivel del \u00e1rea urbana, quienes&#8230;<\/p>\n","protected":false},"author":4,"featured_media":39575,"comment_status":"open","ping_status":"open","sticky":false,"template":"","format":"standard","meta":{"_eb_attr":"","_monsterinsights_skip_tracking":false,"_monsterinsights_sitenote_active":false,"_monsterinsights_sitenote_note":"","_monsterinsights_sitenote_category":0,"footnotes":""},"categories":[1],"tags":[],"class_list":["post-39574","post","type-post","status-publish","format-standard","has-post-thumbnail","hentry","category-uncategorized"],"featured_image_urls":{"full":["https:\/\/municipalidaddenebaj.com\/wp-content\/uploads\/2025\/01\/473589623_1008521991305261_6690867614212363065_n.jpg",2048,1536,false],"thumbnail":["https:\/\/municipalidaddenebaj.com\/wp-content\/uploads\/2025\/01\/473589623_1008521991305261_6690867614212363065_n-400x400.jpg",400,400,true],"medium":["https:\/\/municipalidaddenebaj.com\/wp-content\/uploads\/2025\/01\/473589623_1008521991305261_6690867614212363065_n-594x446.jpg",594,446,true],"medium_large":["https:\/\/municipalidaddenebaj.com\/wp-content\/uploads\/2025\/01\/473589623_1008521991305261_6690867614212363065_n-768x576.jpg",640,480,true],"large":["https:\/\/municipalidaddenebaj.com\/wp-content\/uploads\/2025\/01\/473589623_1008521991305261_6690867614212363065_n-510x383.jpg",510,383,true],"ezd_searrch_thumb16x16":["https:\/\/municipalidaddenebaj.com\/wp-content\/uploads\/2025\/01\/473589623_1008521991305261_6690867614212363065_n.jpg",16,12,false],"ezd_searrch_thumb50x50":["https:\/\/municipalidaddenebaj.com\/wp-content\/uploads\/2025\/01\/473589623_1008521991305261_6690867614212363065_n.jpg",50,38,false],"1536x1536":["https:\/\/municipalidaddenebaj.com\/wp-content\/uploads\/2025\/01\/473589623_1008521991305261_6690867614212363065_n-1536x1152.jpg",1536,1152,true],"2048x2048":["https:\/\/municipalidaddenebaj.com\/wp-content\/uploads\/2025\/01\/473589623_1008521991305261_6690867614212363065_n.jpg",2048,1536,false],"covernews-featured":["https:\/\/municipalidaddenebaj.com\/wp-content\/uploads\/2025\/01\/473589623_1008521991305261_6690867614212363065_n-1024x768.jpg",1024,768,true],"covernews-medium":["https:\/\/municipalidaddenebaj.com\/wp-content\/uploads\/2025\/01\/473589623_1008521991305261_6690867614212363065_n-540x340.jpg",540,340,true],"woocommerce_thumbnail":["https:\/\/municipalidaddenebaj.com\/wp-content\/uploads\/2025\/01\/473589623_1008521991305261_6690867614212363065_n-300x300.jpg",300,300,true],"woocommerce_single":["https:\/\/municipalidaddenebaj.com\/wp-content\/uploads\/2025\/01\/473589623_1008521991305261_6690867614212363065_n-600x450.jpg",600,450,true],"woocommerce_gallery_thumbnail":["https:\/\/municipalidaddenebaj.com\/wp-content\/uploads\/2025\/01\/473589623_1008521991305261_6690867614212363065_n-100x100.jpg",100,100,true]},"author_info":{"display_name":"Editor","author_link":"https:\/\/municipalidaddenebaj.com\/?author=4"},"category_info":"<a href=\"https:\/\/municipalidaddenebaj.com\/?cat=1\" rel=\"category\">Uncategorized<\/a>","tag_info":"Uncategorized","comment_count":"0","_links":{"self":[{"href":"https:\/\/municipalidaddenebaj.com\/index.php?rest_route=\/wp\/v2\/posts\/39574","targetHints":{"allow":["GET"]}}],"collection":[{"href":"https:\/\/municipalidaddenebaj.com\/index.php?rest_route=\/wp\/v2\/posts"}],"about":[{"href":"https:\/\/municipalidaddenebaj.com\/index.php?rest_route=\/wp\/v2\/types\/post"}],"author":[{"embeddable":true,"href":"https:\/\/municipalidaddenebaj.com\/index.php?rest_route=\/wp\/v2\/users\/4"}],"replies":[{"embeddable":true,"href":"https:\/\/municipalidaddenebaj.com\/index.php?rest_route=%2Fwp%2Fv2%2Fcomments&post=39574"}],"version-history":[{"count":0,"href":"https:\/\/municipalidaddenebaj.com\/index.php?rest_route=\/wp\/v2\/posts\/39574\/revisions"}],"wp:featuredmedia":[{"embeddable":true,"href":"https:\/\/municipalidaddenebaj.com\/index.php?rest_route=\/wp\/v2\/media\/39575"}],"wp:attachment":[{"href":"https:\/\/municipalidaddenebaj.com\/index.php?rest_route=%2Fwp%2Fv2%2Fmedia&parent=39574"}],"wp:term":[{"taxonomy":"category","embeddable":true,"href":"https:\/\/municipalidaddenebaj.com\/index.php?rest_route=%2Fwp%2Fv2%2Fcategories&post=39574"},{"taxonomy":"post_tag","embeddable":true,"href":"https:\/\/municipalidaddenebaj.com\/index.php?rest_route=%2Fwp%2Fv2%2Ftags&post=39574"}],"curies":[{"name":"wp","href":"https:\/\/api.w.org\/{rel}","templated":true}]}}