{"id":39578,"date":"2025-01-15T20:52:10","date_gmt":"2025-01-15T20:52:10","guid":{"rendered":"https:\/\/municipalidaddenebaj.com\/?p=39578"},"modified":"2025-01-15T20:52:10","modified_gmt":"2025-01-15T20:52:10","slug":"mejoramiento-de-calle-canton-vipila","status":"publish","type":"post","link":"https:\/\/municipalidaddenebaj.com\/?p=39578","title":{"rendered":"MEJORAMIENTO DE CALLE  CANT\u00d3N VIPILA"},"content":{"rendered":"\n<h2 class=\"wp-block-heading\">Hoy, desde las primeras horas del d\u00eda, el Se\u00f1or Alcalde, junto a las autoridades comunitarias, dio inicio al proyecto de mejoramiento de la calle que conecta Cant\u00f3n Vipil\u00e1 con Las Violetas. Esta v\u00eda, que por mucho tiempo hab\u00eda sido olvidada, es fundamental para las familias, los negocios y la juventud que transitan por ella cada d\u00eda.<\/h2>\n\n\n\n<h2 class=\"wp-block-heading\">Estamos construyendo futuro, llevando desarrollo y esperanza a cada rinc\u00f3n de nuestro municipio. Este proyecto es un reflejo del compromiso de <a><\/a>nuestra administraci\u00f3n con las comunidades que m\u00e1s lo necesitan, porque para nosotros no hay lugares olvidados, solo oportunidades de transformar vidas.<\/h2>\n\n\n\n<h2 class=\"wp-block-heading\">\u00a1Gobierno Municipal 2024-2028! <a href=\"https:\/\/www.facebook.com\/hashtag\/construyendofuturo?__eep__=6&amp;__cft__[0]=AZWHkG6B3sklLKXVhSiUYrKyaQuCBvG83c2KyxHENJ31zz9uCYq-eVDa2mQsUeSZ4J79bnVm-PB7y8nj1dQr1aLv5NhZehvPHUMgZjm5rr3TbLyKpomFflBA3ddu3uYarZpPVHNLyE_iORjy2T_CnqCh2XhmerEUwxG1sog4QV7L9NwSVKugAtATtunb9olWq4E&amp;__tn__=*NK-R\">#ConstruyendoFuturo<\/a><\/h2>\n\n\n\n<iframe src=\"https:\/\/www.facebook.com\/plugins\/post.php?href=https%3A%2F%2Fwww.facebook.com%2Fpermalink.php%3Fstory_fbid%3Dpfbid02gvriDb4BoeViHnxoy5JWQ7tgWpBdJqK53KFKsRWvCxJb4q7PdUQhdybCgci2yFDNl%26id%3D100064424092491&#038;show_text=true&#038;width=1100\" width=\"1100\" height=\"1030\" style=\"border:none;overflow:hidden\" scrolling=\"no\" frameborder=\"0\" allowfullscreen=\"true\" allow=\"autoplay; clipboard-write; encrypted-media; picture-in-picture; web-share\"><\/iframe>\n\n\n\n<figure class=\"wp-block-image size-full is-resized\"><img  title=\"\" decoding=\"async\" src=\"https:\/\/municipalidaddenebaj.com\/wp-content\/uploads\/2025\/01\/image-5.png\"  alt=\"image-5 MEJORAMIENTO DE CALLE  CANT\u00d3N VIPILA\"  class=\"wp-image-39580\" style=\"width:1450px;height:auto\"\/><\/figure>\n","protected":false},"excerpt":{"rendered":"<p>Hoy, desde las primeras horas del d\u00eda, el Se\u00f1or Alcalde, junto a las autoridades comunitarias,&#8230;<\/p>\n","protected":false},"author":4,"featured_media":39579,"comment_status":"open","ping_status":"open","sticky":false,"template":"","format":"standard","meta":{"_eb_attr":"","_monsterinsights_skip_tracking":false,"_monsterinsights_sitenote_active":false,"_monsterinsights_sitenote_note":"","_monsterinsights_sitenote_category":0,"footnotes":""},"categories":[1],"tags":[],"class_list":["post-39578","post","type-post","status-publish","format-standard","has-post-thumbnail","hentry","category-uncategorized"],"featured_image_urls":{"full":["https:\/\/municipalidaddenebaj.com\/wp-content\/uploads\/2025\/01\/473652450_1009562747867852_1231306819364672987_n.jpg",600,450,false],"thumbnail":["https:\/\/municipalidaddenebaj.com\/wp-content\/uploads\/2025\/01\/473652450_1009562747867852_1231306819364672987_n-400x400.jpg",400,400,true],"medium":["https:\/\/municipalidaddenebaj.com\/wp-content\/uploads\/2025\/01\/473652450_1009562747867852_1231306819364672987_n-594x446.jpg",594,446,true],"medium_large":["https:\/\/municipalidaddenebaj.com\/wp-content\/uploads\/2025\/01\/473652450_1009562747867852_1231306819364672987_n.jpg",600,450,false],"large":["https:\/\/municipalidaddenebaj.com\/wp-content\/uploads\/2025\/01\/473652450_1009562747867852_1231306819364672987_n-510x383.jpg",510,383,true],"ezd_searrch_thumb16x16":["https:\/\/municipalidaddenebaj.com\/wp-content\/uploads\/2025\/01\/473652450_1009562747867852_1231306819364672987_n.jpg",16,12,false],"ezd_searrch_thumb50x50":["https:\/\/municipalidaddenebaj.com\/wp-content\/uploads\/2025\/01\/473652450_1009562747867852_1231306819364672987_n.jpg",50,38,false],"1536x1536":["https:\/\/municipalidaddenebaj.com\/wp-content\/uploads\/2025\/01\/473652450_1009562747867852_1231306819364672987_n.jpg",600,450,false],"2048x2048":["https:\/\/municipalidaddenebaj.com\/wp-content\/uploads\/2025\/01\/473652450_1009562747867852_1231306819364672987_n.jpg",600,450,false],"covernews-featured":["https:\/\/municipalidaddenebaj.com\/wp-content\/uploads\/2025\/01\/473652450_1009562747867852_1231306819364672987_n.jpg",600,450,false],"covernews-medium":["https:\/\/municipalidaddenebaj.com\/wp-content\/uploads\/2025\/01\/473652450_1009562747867852_1231306819364672987_n-540x340.jpg",540,340,true],"woocommerce_thumbnail":["https:\/\/municipalidaddenebaj.com\/wp-content\/uploads\/2025\/01\/473652450_1009562747867852_1231306819364672987_n-300x300.jpg",300,300,true],"woocommerce_single":["https:\/\/municipalidaddenebaj.com\/wp-content\/uploads\/2025\/01\/473652450_1009562747867852_1231306819364672987_n.jpg",600,450,false],"woocommerce_gallery_thumbnail":["https:\/\/municipalidaddenebaj.com\/wp-content\/uploads\/2025\/01\/473652450_1009562747867852_1231306819364672987_n-100x100.jpg",100,100,true]},"author_info":{"display_name":"Editor","author_link":"https:\/\/municipalidaddenebaj.com\/?author=4"},"category_info":"<a href=\"https:\/\/municipalidaddenebaj.com\/?cat=1\" rel=\"category\">Uncategorized<\/a>","tag_info":"Uncategorized","comment_count":"0","_links":{"self":[{"href":"https:\/\/municipalidaddenebaj.com\/index.php?rest_route=\/wp\/v2\/posts\/39578","targetHints":{"allow":["GET"]}}],"collection":[{"href":"https:\/\/municipalidaddenebaj.com\/index.php?rest_route=\/wp\/v2\/posts"}],"about":[{"href":"https:\/\/municipalidaddenebaj.com\/index.php?rest_route=\/wp\/v2\/types\/post"}],"author":[{"embeddable":true,"href":"https:\/\/municipalidaddenebaj.com\/index.php?rest_route=\/wp\/v2\/users\/4"}],"replies":[{"embeddable":true,"href":"https:\/\/municipalidaddenebaj.com\/index.php?rest_route=%2Fwp%2Fv2%2Fcomments&post=39578"}],"version-history":[{"count":0,"href":"https:\/\/municipalidaddenebaj.com\/index.php?rest_route=\/wp\/v2\/posts\/39578\/revisions"}],"wp:featuredmedia":[{"embeddable":true,"href":"https:\/\/municipalidaddenebaj.com\/index.php?rest_route=\/wp\/v2\/media\/39579"}],"wp:attachment":[{"href":"https:\/\/municipalidaddenebaj.com\/index.php?rest_route=%2Fwp%2Fv2%2Fmedia&parent=39578"}],"wp:term":[{"taxonomy":"category","embeddable":true,"href":"https:\/\/municipalidaddenebaj.com\/index.php?rest_route=%2Fwp%2Fv2%2Fcategories&post=39578"},{"taxonomy":"post_tag","embeddable":true,"href":"https:\/\/municipalidaddenebaj.com\/index.php?rest_route=%2Fwp%2Fv2%2Ftags&post=39578"}],"curies":[{"name":"wp","href":"https:\/\/api.w.org\/{rel}","templated":true}]}}