{"id":39582,"date":"2025-01-16T14:18:48","date_gmt":"2025-01-16T14:18:48","guid":{"rendered":"https:\/\/municipalidaddenebaj.com\/?p=39582"},"modified":"2025-03-07T15:42:03","modified_gmt":"2025-03-07T15:42:03","slug":"39582","status":"publish","type":"post","link":"https:\/\/municipalidaddenebaj.com\/?p=39582","title":{"rendered":"Mejoramiento Escuela &#8211; La Libertad, Acul"},"content":{"rendered":"\n<h2 class=\"wp-block-heading\">Estamos Construyendo Futuro para nuestra ni\u00f1ez. Junto a l\u00edderes comunitarios, padres de familia, cuerpo docente y autoridades educativas, hemos iniciado el proyecto de mejoramiento de la Escuela de La Libertad, Acul.<\/h2>\n\n\n\n<h2 class=\"wp-block-heading\">Esta obra no solo es cemento y ladrillos, es la base de los sue\u00f1os y el aprendizaje de nuestras ni\u00f1as y ni\u00f1os. Cada aula renovada ser\u00e1 un espacio donde florecer\u00e1n talentos, se forjar\u00e1n valores y se construir\u00e1n los cimientos de un mejor ma\u00f1ana, porque invertir en <a><\/a>educaci\u00f3n es sembrar esperanza y futuro para nuestras comunidades.<\/h2>\n\n\n\n<h2 class=\"wp-block-heading\">\u00a1Gobierno Municipal de Nebaj 2024-2028!<\/h2>\n\n\n\n<iframe src=\"https:\/\/www.facebook.com\/plugins\/post.php?href=https%3A%2F%2Fwww.facebook.com%2Fpermalink.php%3Fstory_fbid%3Dpfbid02ATwwFrqbZ38ukLmUmVWmb17CaeHNYdSBR64iHZHkPLv2SNvE2AuqAen7bTmCm8g3l%26id%3D100064424092491&#038;show_text=true&#038;width=1100\" width=\"1100\" height=\"990\" style=\"border:none;overflow:hidden\" scrolling=\"no\" frameborder=\"0\" allowfullscreen=\"true\" allow=\"autoplay; clipboard-write; encrypted-media; picture-in-picture; web-share\"><\/iframe>\n\n\n\n<figure class=\"wp-block-image size-full is-resized\"><img  title=\"\" decoding=\"async\" src=\"https:\/\/municipalidaddenebaj.com\/wp-content\/uploads\/2025\/01\/image-6.png\"  alt=\"image-6 Mejoramiento Escuela - La Libertad, Acul\"  class=\"wp-image-39583\" style=\"width:1450px;height:auto\"\/><\/figure>\n","protected":false},"excerpt":{"rendered":"<p>Estamos Construyendo Futuro para nuestra ni\u00f1ez. Junto a l\u00edderes comunitarios, padres de familia, cuerpo docente&#8230;<\/p>\n","protected":false},"author":4,"featured_media":39584,"comment_status":"open","ping_status":"open","sticky":false,"template":"","format":"standard","meta":{"_eb_attr":"","_monsterinsights_skip_tracking":false,"_monsterinsights_sitenote_active":false,"_monsterinsights_sitenote_note":"","_monsterinsights_sitenote_category":0,"footnotes":""},"categories":[1],"tags":[],"class_list":["post-39582","post","type-post","status-publish","format-standard","has-post-thumbnail","hentry","category-uncategorized"],"featured_image_urls":{"full":["https:\/\/municipalidaddenebaj.com\/wp-content\/uploads\/2025\/01\/473794750_1009898474500946_5705940984811068155_n.jpg",2048,1280,false],"thumbnail":["https:\/\/municipalidaddenebaj.com\/wp-content\/uploads\/2025\/01\/473794750_1009898474500946_5705940984811068155_n-400x400.jpg",400,400,true],"medium":["https:\/\/municipalidaddenebaj.com\/wp-content\/uploads\/2025\/01\/473794750_1009898474500946_5705940984811068155_n-594x371.jpg",594,371,true],"medium_large":["https:\/\/municipalidaddenebaj.com\/wp-content\/uploads\/2025\/01\/473794750_1009898474500946_5705940984811068155_n-768x480.jpg",640,400,true],"large":["https:\/\/municipalidaddenebaj.com\/wp-content\/uploads\/2025\/01\/473794750_1009898474500946_5705940984811068155_n-510x319.jpg",510,319,true],"ezd_searrch_thumb16x16":["https:\/\/municipalidaddenebaj.com\/wp-content\/uploads\/2025\/01\/473794750_1009898474500946_5705940984811068155_n.jpg",16,10,false],"ezd_searrch_thumb50x50":["https:\/\/municipalidaddenebaj.com\/wp-content\/uploads\/2025\/01\/473794750_1009898474500946_5705940984811068155_n.jpg",50,31,false],"1536x1536":["https:\/\/municipalidaddenebaj.com\/wp-content\/uploads\/2025\/01\/473794750_1009898474500946_5705940984811068155_n-1536x960.jpg",1536,960,true],"2048x2048":["https:\/\/municipalidaddenebaj.com\/wp-content\/uploads\/2025\/01\/473794750_1009898474500946_5705940984811068155_n.jpg",2048,1280,false],"covernews-featured":["https:\/\/municipalidaddenebaj.com\/wp-content\/uploads\/2025\/01\/473794750_1009898474500946_5705940984811068155_n-1024x640.jpg",1024,640,true],"covernews-medium":["https:\/\/municipalidaddenebaj.com\/wp-content\/uploads\/2025\/01\/473794750_1009898474500946_5705940984811068155_n-540x340.jpg",540,340,true],"woocommerce_thumbnail":["https:\/\/municipalidaddenebaj.com\/wp-content\/uploads\/2025\/01\/473794750_1009898474500946_5705940984811068155_n-300x300.jpg",300,300,true],"woocommerce_single":["https:\/\/municipalidaddenebaj.com\/wp-content\/uploads\/2025\/01\/473794750_1009898474500946_5705940984811068155_n-600x375.jpg",600,375,true],"woocommerce_gallery_thumbnail":["https:\/\/municipalidaddenebaj.com\/wp-content\/uploads\/2025\/01\/473794750_1009898474500946_5705940984811068155_n-100x100.jpg",100,100,true]},"author_info":{"display_name":"Editor","author_link":"https:\/\/municipalidaddenebaj.com\/?author=4"},"category_info":"<a href=\"https:\/\/municipalidaddenebaj.com\/?cat=1\" rel=\"category\">Uncategorized<\/a>","tag_info":"Uncategorized","comment_count":"0","_links":{"self":[{"href":"https:\/\/municipalidaddenebaj.com\/index.php?rest_route=\/wp\/v2\/posts\/39582","targetHints":{"allow":["GET"]}}],"collection":[{"href":"https:\/\/municipalidaddenebaj.com\/index.php?rest_route=\/wp\/v2\/posts"}],"about":[{"href":"https:\/\/municipalidaddenebaj.com\/index.php?rest_route=\/wp\/v2\/types\/post"}],"author":[{"embeddable":true,"href":"https:\/\/municipalidaddenebaj.com\/index.php?rest_route=\/wp\/v2\/users\/4"}],"replies":[{"embeddable":true,"href":"https:\/\/municipalidaddenebaj.com\/index.php?rest_route=%2Fwp%2Fv2%2Fcomments&post=39582"}],"version-history":[{"count":0,"href":"https:\/\/municipalidaddenebaj.com\/index.php?rest_route=\/wp\/v2\/posts\/39582\/revisions"}],"wp:featuredmedia":[{"embeddable":true,"href":"https:\/\/municipalidaddenebaj.com\/index.php?rest_route=\/wp\/v2\/media\/39584"}],"wp:attachment":[{"href":"https:\/\/municipalidaddenebaj.com\/index.php?rest_route=%2Fwp%2Fv2%2Fmedia&parent=39582"}],"wp:term":[{"taxonomy":"category","embeddable":true,"href":"https:\/\/municipalidaddenebaj.com\/index.php?rest_route=%2Fwp%2Fv2%2Fcategories&post=39582"},{"taxonomy":"post_tag","embeddable":true,"href":"https:\/\/municipalidaddenebaj.com\/index.php?rest_route=%2Fwp%2Fv2%2Ftags&post=39582"}],"curies":[{"name":"wp","href":"https:\/\/api.w.org\/{rel}","templated":true}]}}