{"id":39600,"date":"2025-01-16T20:18:05","date_gmt":"2025-01-16T20:18:05","guid":{"rendered":"https:\/\/municipalidaddenebaj.com\/?p=39600"},"modified":"2025-03-07T15:41:44","modified_gmt":"2025-03-07T15:41:44","slug":"39600","status":"publish","type":"post","link":"https:\/\/municipalidaddenebaj.com\/?p=39600","title":{"rendered":"Reuni\u00f3n con Comunidades"},"content":{"rendered":"\n<h2 class=\"wp-block-heading\">En el marco de nuestra pol\u00edtica de puertas abiertas, el Sr. Alcalde Ram\u00f3n Raymundo recibi\u00f3 con atenci\u00f3n y compromiso a los L\u00edderes Comunitarios, el Alcalde Auxiliar y el COCODE de la Aldea Palop.<\/h2>\n\n\n\n<h2 class=\"wp-block-heading\">Durante la audiencia, se presentaron las principales necesidades de la comunidad, destacando la construcci\u00f3n de una auxiliatura y la mejora de los caminos a trav\u00e9s de transversales para garantizar el mantenimiento adecuado.<\/h2>\n\n\n\n<h2 class=\"wp-block-heading\">El Alcalde reafirm\u00f3 su disposici\u00f3n de trabajar hombro a hombro <a><\/a>con las comunidades, escuchando sus voces y gestionando soluciones reales para construir el futuro de nuestras familias.<\/h2>\n\n\n\n<h2 class=\"wp-block-heading\">\u00a1Gobierno Municipal 2024-2028!<\/h2>\n\n\n\n<iframe src=\"https:\/\/www.facebook.com\/plugins\/post.php?href=https%3A%2F%2Fwww.facebook.com%2Fpermalink.php%3Fstory_fbid%3Dpfbid035CbVTyhaQA2E2i2S68rfRazcDDGASKx9m5Z46U9e2HxXor8d9RrQHq4UzdxZXZv2l%26id%3D100064424092491&#038;show_text=true&#038;width=1100\" width=\"1100\" height=\"993\" style=\"border:none;overflow:hidden\" scrolling=\"no\" frameborder=\"0\" allowfullscreen=\"true\" allow=\"autoplay; clipboard-write; encrypted-media; picture-in-picture; web-share\"><\/iframe>\n\n\n\n<figure class=\"wp-block-image size-full is-resized\"><img  title=\"\" decoding=\"async\" src=\"https:\/\/municipalidaddenebaj.com\/wp-content\/uploads\/2025\/01\/image-7.png\"  alt=\"image-7 Reuni\u00f3n con Comunidades\"  class=\"wp-image-39601\" style=\"width:1450px;height:auto\"\/><\/figure>\n","protected":false},"excerpt":{"rendered":"<p>En el marco de nuestra pol\u00edtica de puertas abiertas, el Sr. Alcalde Ram\u00f3n Raymundo recibi\u00f3&#8230;<\/p>\n","protected":false},"author":4,"featured_media":39602,"comment_status":"open","ping_status":"open","sticky":false,"template":"","format":"standard","meta":{"_eb_attr":"","_monsterinsights_skip_tracking":false,"_monsterinsights_sitenote_active":false,"_monsterinsights_sitenote_note":"","_monsterinsights_sitenote_category":0,"footnotes":""},"categories":[1],"tags":[],"class_list":["post-39600","post","type-post","status-publish","format-standard","has-post-thumbnail","hentry","category-uncategorized"],"featured_image_urls":{"full":["https:\/\/municipalidaddenebaj.com\/wp-content\/uploads\/2025\/01\/473568285_1009715444519249_75498883156124829_n.jpg",2048,1280,false],"thumbnail":["https:\/\/municipalidaddenebaj.com\/wp-content\/uploads\/2025\/01\/473568285_1009715444519249_75498883156124829_n-400x400.jpg",400,400,true],"medium":["https:\/\/municipalidaddenebaj.com\/wp-content\/uploads\/2025\/01\/473568285_1009715444519249_75498883156124829_n-594x371.jpg",594,371,true],"medium_large":["https:\/\/municipalidaddenebaj.com\/wp-content\/uploads\/2025\/01\/473568285_1009715444519249_75498883156124829_n-768x480.jpg",640,400,true],"large":["https:\/\/municipalidaddenebaj.com\/wp-content\/uploads\/2025\/01\/473568285_1009715444519249_75498883156124829_n-510x319.jpg",510,319,true],"ezd_searrch_thumb16x16":["https:\/\/municipalidaddenebaj.com\/wp-content\/uploads\/2025\/01\/473568285_1009715444519249_75498883156124829_n.jpg",16,10,false],"ezd_searrch_thumb50x50":["https:\/\/municipalidaddenebaj.com\/wp-content\/uploads\/2025\/01\/473568285_1009715444519249_75498883156124829_n.jpg",50,31,false],"1536x1536":["https:\/\/municipalidaddenebaj.com\/wp-content\/uploads\/2025\/01\/473568285_1009715444519249_75498883156124829_n-1536x960.jpg",1536,960,true],"2048x2048":["https:\/\/municipalidaddenebaj.com\/wp-content\/uploads\/2025\/01\/473568285_1009715444519249_75498883156124829_n.jpg",2048,1280,false],"covernews-featured":["https:\/\/municipalidaddenebaj.com\/wp-content\/uploads\/2025\/01\/473568285_1009715444519249_75498883156124829_n-1024x640.jpg",1024,640,true],"covernews-medium":["https:\/\/municipalidaddenebaj.com\/wp-content\/uploads\/2025\/01\/473568285_1009715444519249_75498883156124829_n-540x340.jpg",540,340,true],"woocommerce_thumbnail":["https:\/\/municipalidaddenebaj.com\/wp-content\/uploads\/2025\/01\/473568285_1009715444519249_75498883156124829_n-300x300.jpg",300,300,true],"woocommerce_single":["https:\/\/municipalidaddenebaj.com\/wp-content\/uploads\/2025\/01\/473568285_1009715444519249_75498883156124829_n-600x375.jpg",600,375,true],"woocommerce_gallery_thumbnail":["https:\/\/municipalidaddenebaj.com\/wp-content\/uploads\/2025\/01\/473568285_1009715444519249_75498883156124829_n-100x100.jpg",100,100,true]},"author_info":{"display_name":"Editor","author_link":"https:\/\/municipalidaddenebaj.com\/?author=4"},"category_info":"<a href=\"https:\/\/municipalidaddenebaj.com\/?cat=1\" rel=\"category\">Uncategorized<\/a>","tag_info":"Uncategorized","comment_count":"0","_links":{"self":[{"href":"https:\/\/municipalidaddenebaj.com\/index.php?rest_route=\/wp\/v2\/posts\/39600","targetHints":{"allow":["GET"]}}],"collection":[{"href":"https:\/\/municipalidaddenebaj.com\/index.php?rest_route=\/wp\/v2\/posts"}],"about":[{"href":"https:\/\/municipalidaddenebaj.com\/index.php?rest_route=\/wp\/v2\/types\/post"}],"author":[{"embeddable":true,"href":"https:\/\/municipalidaddenebaj.com\/index.php?rest_route=\/wp\/v2\/users\/4"}],"replies":[{"embeddable":true,"href":"https:\/\/municipalidaddenebaj.com\/index.php?rest_route=%2Fwp%2Fv2%2Fcomments&post=39600"}],"version-history":[{"count":0,"href":"https:\/\/municipalidaddenebaj.com\/index.php?rest_route=\/wp\/v2\/posts\/39600\/revisions"}],"wp:featuredmedia":[{"embeddable":true,"href":"https:\/\/municipalidaddenebaj.com\/index.php?rest_route=\/wp\/v2\/media\/39602"}],"wp:attachment":[{"href":"https:\/\/municipalidaddenebaj.com\/index.php?rest_route=%2Fwp%2Fv2%2Fmedia&parent=39600"}],"wp:term":[{"taxonomy":"category","embeddable":true,"href":"https:\/\/municipalidaddenebaj.com\/index.php?rest_route=%2Fwp%2Fv2%2Fcategories&post=39600"},{"taxonomy":"post_tag","embeddable":true,"href":"https:\/\/municipalidaddenebaj.com\/index.php?rest_route=%2Fwp%2Fv2%2Ftags&post=39600"}],"curies":[{"name":"wp","href":"https:\/\/api.w.org\/{rel}","templated":true}]}}