{"id":39756,"date":"2025-01-21T21:36:45","date_gmt":"2025-01-21T21:36:45","guid":{"rendered":"https:\/\/municipalidaddenebaj.com\/?p=39756"},"modified":"2025-03-07T15:41:04","modified_gmt":"2025-03-07T15:41:04","slug":"39756","status":"publish","type":"post","link":"https:\/\/municipalidaddenebaj.com\/?p=39756","title":{"rendered":"Construcci\u00f3n Nuevo Puente &#8211; La Planta"},"content":{"rendered":"\n<h2 class=\"wp-block-heading\">Hoy damos inicio a la construcci\u00f3n del nuevo Puente de La Planta, una obra que trasciende generaciones. Este puente, vital para la conexi\u00f3n de Nebaj con los dem\u00e1s municipios de la regi\u00f3n Ixil, no solo unir\u00e1 caminos, sino tambi\u00e9n sue\u00f1os, familias y oportunidades para m\u00e1s de 300,000 habitantes del norte del municipio.<\/h2>\n\n\n\n<h2 class=\"wp-block-heading\">Despu\u00e9s de a\u00f1os de abandono, comenzamos a construir no solo una estructura f\u00edsica, sino tambi\u00e9n la esperanza de un futuro donde nuestras comunidades puedan crecer y prosperar juntas. \u00a1Juntos estamos construyendo el futuro que nuestra regi\u00f3n merece!<\/h2>\n\n\n\n<iframe src=\"https:\/\/www.facebook.com\/plugins\/post.php?href=https%3A%2F%2Fwww.facebook.com%2Fpermalink.php%3Fstory_fbid%3Dpfbid0XPGyjNKa3eU8zhwonPw21CopnzjCHZJqXAQGJVCoV3ReuEd84aSCK8ep7shBj1jul%26id%3D100064424092491&#038;show_text=true&#038;width=1100\" width=\"1100\" height=\"998\" style=\"border:none;overflow:hidden\" scrolling=\"no\" frameborder=\"0\" allowfullscreen=\"true\" allow=\"autoplay; clipboard-write; encrypted-media; picture-in-picture; web-share\"><\/iframe>\n\n\n\n<p><\/p>\n\n\n\n<figure class=\"wp-block-image size-full is-resized\"><img  title=\"\" decoding=\"async\" src=\"https:\/\/municipalidaddenebaj.com\/wp-content\/uploads\/2025\/01\/image-8.png\"  alt=\"image-8 Construcci\u00f3n Nuevo Puente - La Planta\"  class=\"wp-image-39605\" style=\"width:1450px;height:auto\"\/><\/figure>\n","protected":false},"excerpt":{"rendered":"<p>Hoy damos inicio a la construcci\u00f3n del nuevo Puente de La Planta, una obra que&#8230;<\/p>\n","protected":false},"author":4,"featured_media":39757,"comment_status":"open","ping_status":"open","sticky":false,"template":"","format":"standard","meta":{"_eb_attr":"","_monsterinsights_skip_tracking":false,"_monsterinsights_sitenote_active":false,"_monsterinsights_sitenote_note":"","_monsterinsights_sitenote_category":0,"footnotes":""},"categories":[1],"tags":[],"class_list":["post-39756","post","type-post","status-publish","format-standard","has-post-thumbnail","hentry","category-uncategorized"],"featured_image_urls":{"full":["https:\/\/municipalidaddenebaj.com\/wp-content\/uploads\/2025\/01\/474555894_1013824267441700_2633100691148357396_n.jpg",1979,1312,false],"thumbnail":["https:\/\/municipalidaddenebaj.com\/wp-content\/uploads\/2025\/01\/474555894_1013824267441700_2633100691148357396_n-400x400.jpg",400,400,true],"medium":["https:\/\/municipalidaddenebaj.com\/wp-content\/uploads\/2025\/01\/474555894_1013824267441700_2633100691148357396_n-594x394.jpg",594,394,true],"medium_large":["https:\/\/municipalidaddenebaj.com\/wp-content\/uploads\/2025\/01\/474555894_1013824267441700_2633100691148357396_n-768x509.jpg",640,424,true],"large":["https:\/\/municipalidaddenebaj.com\/wp-content\/uploads\/2025\/01\/474555894_1013824267441700_2633100691148357396_n-510x338.jpg",510,338,true],"ezd_searrch_thumb16x16":["https:\/\/municipalidaddenebaj.com\/wp-content\/uploads\/2025\/01\/474555894_1013824267441700_2633100691148357396_n.jpg",16,11,false],"ezd_searrch_thumb50x50":["https:\/\/municipalidaddenebaj.com\/wp-content\/uploads\/2025\/01\/474555894_1013824267441700_2633100691148357396_n.jpg",50,33,false],"1536x1536":["https:\/\/municipalidaddenebaj.com\/wp-content\/uploads\/2025\/01\/474555894_1013824267441700_2633100691148357396_n-1536x1018.jpg",1536,1018,true],"2048x2048":["https:\/\/municipalidaddenebaj.com\/wp-content\/uploads\/2025\/01\/474555894_1013824267441700_2633100691148357396_n.jpg",1979,1312,false],"covernews-featured":["https:\/\/municipalidaddenebaj.com\/wp-content\/uploads\/2025\/01\/474555894_1013824267441700_2633100691148357396_n-1024x679.jpg",1024,679,true],"covernews-medium":["https:\/\/municipalidaddenebaj.com\/wp-content\/uploads\/2025\/01\/474555894_1013824267441700_2633100691148357396_n-540x340.jpg",540,340,true],"woocommerce_thumbnail":["https:\/\/municipalidaddenebaj.com\/wp-content\/uploads\/2025\/01\/474555894_1013824267441700_2633100691148357396_n-300x300.jpg",300,300,true],"woocommerce_single":["https:\/\/municipalidaddenebaj.com\/wp-content\/uploads\/2025\/01\/474555894_1013824267441700_2633100691148357396_n-600x398.jpg",600,398,true],"woocommerce_gallery_thumbnail":["https:\/\/municipalidaddenebaj.com\/wp-content\/uploads\/2025\/01\/474555894_1013824267441700_2633100691148357396_n-100x100.jpg",100,100,true]},"author_info":{"display_name":"Editor","author_link":"https:\/\/municipalidaddenebaj.com\/?author=4"},"category_info":"<a href=\"https:\/\/municipalidaddenebaj.com\/?cat=1\" rel=\"category\">Uncategorized<\/a>","tag_info":"Uncategorized","comment_count":"0","_links":{"self":[{"href":"https:\/\/municipalidaddenebaj.com\/index.php?rest_route=\/wp\/v2\/posts\/39756","targetHints":{"allow":["GET"]}}],"collection":[{"href":"https:\/\/municipalidaddenebaj.com\/index.php?rest_route=\/wp\/v2\/posts"}],"about":[{"href":"https:\/\/municipalidaddenebaj.com\/index.php?rest_route=\/wp\/v2\/types\/post"}],"author":[{"embeddable":true,"href":"https:\/\/municipalidaddenebaj.com\/index.php?rest_route=\/wp\/v2\/users\/4"}],"replies":[{"embeddable":true,"href":"https:\/\/municipalidaddenebaj.com\/index.php?rest_route=%2Fwp%2Fv2%2Fcomments&post=39756"}],"version-history":[{"count":0,"href":"https:\/\/municipalidaddenebaj.com\/index.php?rest_route=\/wp\/v2\/posts\/39756\/revisions"}],"wp:featuredmedia":[{"embeddable":true,"href":"https:\/\/municipalidaddenebaj.com\/index.php?rest_route=\/wp\/v2\/media\/39757"}],"wp:attachment":[{"href":"https:\/\/municipalidaddenebaj.com\/index.php?rest_route=%2Fwp%2Fv2%2Fmedia&parent=39756"}],"wp:term":[{"taxonomy":"category","embeddable":true,"href":"https:\/\/municipalidaddenebaj.com\/index.php?rest_route=%2Fwp%2Fv2%2Fcategories&post=39756"},{"taxonomy":"post_tag","embeddable":true,"href":"https:\/\/municipalidaddenebaj.com\/index.php?rest_route=%2Fwp%2Fv2%2Ftags&post=39756"}],"curies":[{"name":"wp","href":"https:\/\/api.w.org\/{rel}","templated":true}]}}