{"id":39859,"date":"2025-01-23T14:19:22","date_gmt":"2025-01-23T14:19:22","guid":{"rendered":"https:\/\/municipalidaddenebaj.com\/?p=39859"},"modified":"2025-01-23T14:19:23","modified_gmt":"2025-01-23T14:19:23","slug":"iinforme-de-gobierno","status":"publish","type":"post","link":"https:\/\/municipalidaddenebaj.com\/?p=39859","title":{"rendered":"IINFORME DE GOBIERNO"},"content":{"rendered":"\n<h2 class=\"wp-block-heading\">En un acto hist\u00f3rico y con la visi\u00f3n clara de transformar el futuro de Nebaj, el Sr. Alcalde Municipal, Ram\u00f3n Raymundo, ha presentado su informe del Primer A\u00f1o de Gobierno.<\/h2>\n\n\n\n<h2 class=\"wp-block-heading\">Este informe refleja los m\u00faltiples proyecto logrados, mediante fotograf\u00edas de cada uno, sino que refleja la convicci\u00f3n de que las comunidades olvidadas durante d\u00e9cadas hoy tienen voz y soluciones concretas.<\/h2>\n\n\n\n<h2 class=\"wp-block-heading\"><a href=\"https:\/\/www.facebook.com\/hashtag\/construyendofuturo?__eep__=6&amp;__cft__[0]=AZViQnGWIrs0p4ucpgiUZs_Zmm_TeMVORGvwEjwE09I1bGCjrWKCp7UHeJrh3vzOctHwS5ElegRpvApoScAQ3qtAgxchqoyOsKfD-OAsGgCBEZF_evWO8G6Jdi7bpzbCpVpzFt3eQTIqJHT1RCkP5vZHLfXWRUjvbpsrcrmTkul9SkLHjnbMdqyALT0ox0jpNBk&amp;__tn__=*NK-R\">#ConstruyendoFuturo<\/a><a href=\"https:\/\/www.facebook.com\/hashtag\/primerinforme?__eep__=6&amp;__cft__[0]=AZViQnGWIrs0p4ucpgiUZs_Zmm_TeMVORGvwEjwE09I1bGCjrWKCp7UHeJrh3vzOctHwS5ElegRpvApoScAQ3qtAgxchqoyOsKfD-OAsGgCBEZF_evWO8G6Jdi7bpzbCpVpzFt3eQTIqJHT1RCkP5vZHLfXWRUjvbpsrcrmTkul9SkLHjnbMdqyALT0ox0jpNBk&amp;__tn__=*NK-R\">#PrimerInforme<\/a><a href=\"https:\/\/www.facebook.com\/hashtag\/gobiernomunicipal?__eep__=6&amp;__cft__[0]=AZViQnGWIrs0p4ucpgiUZs_Zmm_TeMVORGvwEjwE09I1bGCjrWKCp7UHeJrh3vzOctHwS5ElegRpvApoScAQ3qtAgxchqoyOsKfD-OAsGgCBEZF_evWO8G6Jdi7bpzbCpVpzFt3eQTIqJHT1RCkP5vZHLfXWRUjvbpsrcrmTkul9SkLHjnbMdqyALT0ox0jpNBk&amp;__tn__=*NK-R\">#GobiernoMunicipal<\/a><\/h2>\n\n\n\n<iframe src=\"https:\/\/www.facebook.com\/plugins\/post.php?href=https%3A%2F%2Fwww.facebook.com%2Fpermalink.php%3Fstory_fbid%3Dpfbid02upd8dc84kNKvtgATcQjAkPeqn9GCrh8LNdQz41JJhaoEFDmycUyvyjXUz22maAR3l%26id%3D100064424092491&#038;show_text=true&#038;width=1100\" width=\"1100\" height=\"998\" style=\"border:none;overflow:hidden\" scrolling=\"no\" frameborder=\"0\" allowfullscreen=\"true\" allow=\"autoplay; clipboard-write; encrypted-media; picture-in-picture; web-share\"><\/iframe>\n\n\n\n<figure class=\"wp-block-image size-full is-resized\"><img  title=\"\" decoding=\"async\" src=\"https:\/\/municipalidaddenebaj.com\/wp-content\/uploads\/2025\/01\/image-9.png\"  alt=\"image-9 IINFORME DE GOBIERNO\"  class=\"wp-image-39860\" style=\"width:1450px;height:auto\"\/><\/figure>\n","protected":false},"excerpt":{"rendered":"<p>En un acto hist\u00f3rico y con la visi\u00f3n clara de transformar el futuro de Nebaj,&#8230;<\/p>\n","protected":false},"author":4,"featured_media":39861,"comment_status":"open","ping_status":"open","sticky":false,"template":"","format":"standard","meta":{"_eb_attr":"","_monsterinsights_skip_tracking":false,"_monsterinsights_sitenote_active":false,"_monsterinsights_sitenote_note":"","_monsterinsights_sitenote_category":0,"footnotes":""},"categories":[1],"tags":[],"class_list":["post-39859","post","type-post","status-publish","format-standard","has-post-thumbnail","hentry","category-uncategorized"],"featured_image_urls":{"full":["https:\/\/municipalidaddenebaj.com\/wp-content\/uploads\/2025\/01\/474889185_1014759774014816_8585698521032395_n.jpg",2048,1358,false],"thumbnail":["https:\/\/municipalidaddenebaj.com\/wp-content\/uploads\/2025\/01\/474889185_1014759774014816_8585698521032395_n-400x400.jpg",400,400,true],"medium":["https:\/\/municipalidaddenebaj.com\/wp-content\/uploads\/2025\/01\/474889185_1014759774014816_8585698521032395_n-594x394.jpg",594,394,true],"medium_large":["https:\/\/municipalidaddenebaj.com\/wp-content\/uploads\/2025\/01\/474889185_1014759774014816_8585698521032395_n-768x509.jpg",640,424,true],"large":["https:\/\/municipalidaddenebaj.com\/wp-content\/uploads\/2025\/01\/474889185_1014759774014816_8585698521032395_n-510x338.jpg",510,338,true],"ezd_searrch_thumb16x16":["https:\/\/municipalidaddenebaj.com\/wp-content\/uploads\/2025\/01\/474889185_1014759774014816_8585698521032395_n.jpg",16,11,false],"ezd_searrch_thumb50x50":["https:\/\/municipalidaddenebaj.com\/wp-content\/uploads\/2025\/01\/474889185_1014759774014816_8585698521032395_n.jpg",50,33,false],"1536x1536":["https:\/\/municipalidaddenebaj.com\/wp-content\/uploads\/2025\/01\/474889185_1014759774014816_8585698521032395_n-1536x1019.jpg",1536,1019,true],"2048x2048":["https:\/\/municipalidaddenebaj.com\/wp-content\/uploads\/2025\/01\/474889185_1014759774014816_8585698521032395_n.jpg",2048,1358,false],"covernews-featured":["https:\/\/municipalidaddenebaj.com\/wp-content\/uploads\/2025\/01\/474889185_1014759774014816_8585698521032395_n-1024x679.jpg",1024,679,true],"covernews-medium":["https:\/\/municipalidaddenebaj.com\/wp-content\/uploads\/2025\/01\/474889185_1014759774014816_8585698521032395_n-540x340.jpg",540,340,true],"woocommerce_thumbnail":["https:\/\/municipalidaddenebaj.com\/wp-content\/uploads\/2025\/01\/474889185_1014759774014816_8585698521032395_n-300x300.jpg",300,300,true],"woocommerce_single":["https:\/\/municipalidaddenebaj.com\/wp-content\/uploads\/2025\/01\/474889185_1014759774014816_8585698521032395_n-600x398.jpg",600,398,true],"woocommerce_gallery_thumbnail":["https:\/\/municipalidaddenebaj.com\/wp-content\/uploads\/2025\/01\/474889185_1014759774014816_8585698521032395_n-100x100.jpg",100,100,true]},"author_info":{"display_name":"Editor","author_link":"https:\/\/municipalidaddenebaj.com\/?author=4"},"category_info":"<a href=\"https:\/\/municipalidaddenebaj.com\/?cat=1\" rel=\"category\">Uncategorized<\/a>","tag_info":"Uncategorized","comment_count":"0","_links":{"self":[{"href":"https:\/\/municipalidaddenebaj.com\/index.php?rest_route=\/wp\/v2\/posts\/39859","targetHints":{"allow":["GET"]}}],"collection":[{"href":"https:\/\/municipalidaddenebaj.com\/index.php?rest_route=\/wp\/v2\/posts"}],"about":[{"href":"https:\/\/municipalidaddenebaj.com\/index.php?rest_route=\/wp\/v2\/types\/post"}],"author":[{"embeddable":true,"href":"https:\/\/municipalidaddenebaj.com\/index.php?rest_route=\/wp\/v2\/users\/4"}],"replies":[{"embeddable":true,"href":"https:\/\/municipalidaddenebaj.com\/index.php?rest_route=%2Fwp%2Fv2%2Fcomments&post=39859"}],"version-history":[{"count":0,"href":"https:\/\/municipalidaddenebaj.com\/index.php?rest_route=\/wp\/v2\/posts\/39859\/revisions"}],"wp:featuredmedia":[{"embeddable":true,"href":"https:\/\/municipalidaddenebaj.com\/index.php?rest_route=\/wp\/v2\/media\/39861"}],"wp:attachment":[{"href":"https:\/\/municipalidaddenebaj.com\/index.php?rest_route=%2Fwp%2Fv2%2Fmedia&parent=39859"}],"wp:term":[{"taxonomy":"category","embeddable":true,"href":"https:\/\/municipalidaddenebaj.com\/index.php?rest_route=%2Fwp%2Fv2%2Fcategories&post=39859"},{"taxonomy":"post_tag","embeddable":true,"href":"https:\/\/municipalidaddenebaj.com\/index.php?rest_route=%2Fwp%2Fv2%2Ftags&post=39859"}],"curies":[{"name":"wp","href":"https:\/\/api.w.org\/{rel}","templated":true}]}}