{"id":40397,"date":"2025-01-28T14:21:23","date_gmt":"2025-01-28T14:21:23","guid":{"rendered":"https:\/\/municipalidaddenebaj.com\/?p=40397"},"modified":"2025-01-28T14:21:24","modified_gmt":"2025-01-28T14:21:24","slug":"capacitacion-sobre-las-reformas-a-la-ley-de-transito","status":"publish","type":"post","link":"https:\/\/municipalidaddenebaj.com\/?p=40397","title":{"rendered":"CAPACITACI\u00d3N  SOBRE LAS REFORMAS  A LA LEY DE TR\u00c1NSITO."},"content":{"rendered":"\n<h2 class=\"wp-block-heading\">Agentes de la Polic\u00eda Municipal de Tr\u00e1nsito -PMT- participaron en una capacitaci\u00f3n virtual sobre las REFORMAS A LA LEY DE TR\u00c1NSITO del Departamento de Transito de la Polic\u00eda Nacional Civil.<\/h2>\n\n\n\n<h2 class=\"wp-block-heading\">Con el objetivo que los Agentes de la Polic\u00eda Municipal de Tr\u00e1nsito- PMT puedan brindar un buen servicio a la poblaci\u00f3n de NEBAJ.<\/h2>\n\n\n\n<h2 class=\"wp-block-heading\"><a href=\"https:\/\/www.facebook.com\/hashtag\/construyendofuturo?__eep__=6&amp;__cft__[0]=AZWtVgdSrGTxhzfjAA08Q04VgxKZvzlhL2Rflacs6PZZ_el-Os8dAZ8LcIzw0P3FUOAabh0mpChwIilEMyz0aObSXA9Cix6mT9NBcxOoCr7wVAuFeq-9ZfqiS7hMufDj7LKVCK3tDoCf3j3oxJOdRJJnmMY2j4w-DRlgfItGgIDZsyee07TA2-6bpGEWYSCfq2I&amp;__tn__=*NK-R\">#ConstruyendoFuturo<\/a><\/h2>\n\n\n\n<iframe src=\"https:\/\/www.facebook.com\/plugins\/post.php?href=https%3A%2F%2Fwww.facebook.com%2Fpermalink.php%3Fstory_fbid%3Dpfbid02XbWa3xi59hw4mRqPRWXGaXw818cLDZs4NkQvu4r92yxnYD38gJKTn5DykTdEapfTl%26id%3D100064424092491&#038;show_text=true&#038;width=1100\" width=\"1100\" height=\"999\" style=\"border:none;overflow:hidden\" scrolling=\"no\" frameborder=\"0\" allowfullscreen=\"true\" allow=\"autoplay; clipboard-write; encrypted-media; picture-in-picture; web-share\"><\/iframe>\n\n\n\n<figure class=\"wp-block-image size-full is-resized\"><img  title=\"\" decoding=\"async\" src=\"https:\/\/municipalidaddenebaj.com\/wp-content\/uploads\/2025\/01\/image-11.png\"  alt=\"image-11 CAPACITACI\u00d3N  SOBRE LAS REFORMAS  A LA LEY DE TR\u00c1NSITO.\"  class=\"wp-image-40398\" style=\"width:1450px;height:auto\"\/><\/figure>\n","protected":false},"excerpt":{"rendered":"<p>Agentes de la Polic\u00eda Municipal de Tr\u00e1nsito -PMT- participaron en una capacitaci\u00f3n virtual sobre las&#8230;<\/p>\n","protected":false},"author":4,"featured_media":40399,"comment_status":"open","ping_status":"open","sticky":false,"template":"","format":"standard","meta":{"_eb_attr":"","_monsterinsights_skip_tracking":false,"_monsterinsights_sitenote_active":false,"_monsterinsights_sitenote_note":"","_monsterinsights_sitenote_category":0,"footnotes":""},"categories":[1],"tags":[],"class_list":["post-40397","post","type-post","status-publish","format-standard","has-post-thumbnail","hentry","category-uncategorized"],"featured_image_urls":{"full":["https:\/\/municipalidaddenebaj.com\/wp-content\/uploads\/2025\/01\/475153133_1018165700340890_804049440288228332_n.jpg",1080,720,false],"thumbnail":["https:\/\/municipalidaddenebaj.com\/wp-content\/uploads\/2025\/01\/475153133_1018165700340890_804049440288228332_n-400x400.jpg",400,400,true],"medium":["https:\/\/municipalidaddenebaj.com\/wp-content\/uploads\/2025\/01\/475153133_1018165700340890_804049440288228332_n-594x396.jpg",594,396,true],"medium_large":["https:\/\/municipalidaddenebaj.com\/wp-content\/uploads\/2025\/01\/475153133_1018165700340890_804049440288228332_n-768x512.jpg",640,427,true],"large":["https:\/\/municipalidaddenebaj.com\/wp-content\/uploads\/2025\/01\/475153133_1018165700340890_804049440288228332_n-510x340.jpg",510,340,true],"ezd_searrch_thumb16x16":["https:\/\/municipalidaddenebaj.com\/wp-content\/uploads\/2025\/01\/475153133_1018165700340890_804049440288228332_n.jpg",16,11,false],"ezd_searrch_thumb50x50":["https:\/\/municipalidaddenebaj.com\/wp-content\/uploads\/2025\/01\/475153133_1018165700340890_804049440288228332_n.jpg",50,33,false],"1536x1536":["https:\/\/municipalidaddenebaj.com\/wp-content\/uploads\/2025\/01\/475153133_1018165700340890_804049440288228332_n.jpg",1080,720,false],"2048x2048":["https:\/\/municipalidaddenebaj.com\/wp-content\/uploads\/2025\/01\/475153133_1018165700340890_804049440288228332_n.jpg",1080,720,false],"covernews-featured":["https:\/\/municipalidaddenebaj.com\/wp-content\/uploads\/2025\/01\/475153133_1018165700340890_804049440288228332_n-1024x683.jpg",1024,683,true],"covernews-medium":["https:\/\/municipalidaddenebaj.com\/wp-content\/uploads\/2025\/01\/475153133_1018165700340890_804049440288228332_n-540x340.jpg",540,340,true],"woocommerce_thumbnail":["https:\/\/municipalidaddenebaj.com\/wp-content\/uploads\/2025\/01\/475153133_1018165700340890_804049440288228332_n-300x300.jpg",300,300,true],"woocommerce_single":["https:\/\/municipalidaddenebaj.com\/wp-content\/uploads\/2025\/01\/475153133_1018165700340890_804049440288228332_n-600x400.jpg",600,400,true],"woocommerce_gallery_thumbnail":["https:\/\/municipalidaddenebaj.com\/wp-content\/uploads\/2025\/01\/475153133_1018165700340890_804049440288228332_n-100x100.jpg",100,100,true]},"author_info":{"display_name":"Editor","author_link":"https:\/\/municipalidaddenebaj.com\/?author=4"},"category_info":"<a href=\"https:\/\/municipalidaddenebaj.com\/?cat=1\" rel=\"category\">Uncategorized<\/a>","tag_info":"Uncategorized","comment_count":"0","_links":{"self":[{"href":"https:\/\/municipalidaddenebaj.com\/index.php?rest_route=\/wp\/v2\/posts\/40397","targetHints":{"allow":["GET"]}}],"collection":[{"href":"https:\/\/municipalidaddenebaj.com\/index.php?rest_route=\/wp\/v2\/posts"}],"about":[{"href":"https:\/\/municipalidaddenebaj.com\/index.php?rest_route=\/wp\/v2\/types\/post"}],"author":[{"embeddable":true,"href":"https:\/\/municipalidaddenebaj.com\/index.php?rest_route=\/wp\/v2\/users\/4"}],"replies":[{"embeddable":true,"href":"https:\/\/municipalidaddenebaj.com\/index.php?rest_route=%2Fwp%2Fv2%2Fcomments&post=40397"}],"version-history":[{"count":0,"href":"https:\/\/municipalidaddenebaj.com\/index.php?rest_route=\/wp\/v2\/posts\/40397\/revisions"}],"wp:featuredmedia":[{"embeddable":true,"href":"https:\/\/municipalidaddenebaj.com\/index.php?rest_route=\/wp\/v2\/media\/40399"}],"wp:attachment":[{"href":"https:\/\/municipalidaddenebaj.com\/index.php?rest_route=%2Fwp%2Fv2%2Fmedia&parent=40397"}],"wp:term":[{"taxonomy":"category","embeddable":true,"href":"https:\/\/municipalidaddenebaj.com\/index.php?rest_route=%2Fwp%2Fv2%2Fcategories&post=40397"},{"taxonomy":"post_tag","embeddable":true,"href":"https:\/\/municipalidaddenebaj.com\/index.php?rest_route=%2Fwp%2Fv2%2Ftags&post=40397"}],"curies":[{"name":"wp","href":"https:\/\/api.w.org\/{rel}","templated":true}]}}