{"id":40881,"date":"2025-02-05T20:54:23","date_gmt":"2025-02-05T20:54:23","guid":{"rendered":"https:\/\/municipalidaddenebaj.com\/?p=40881"},"modified":"2025-03-07T15:40:41","modified_gmt":"2025-03-07T15:40:41","slug":"40881","status":"publish","type":"post","link":"https:\/\/municipalidaddenebaj.com\/?p=40881","title":{"rendered":"Bono Mensual &#8211; Adultos Mayores"},"content":{"rendered":"\n<h2 class=\"wp-block-heading\">En conjunto con el Ministerio de Trabajo se realiza la primera notificaci\u00f3n del <a href=\"https:\/\/www.facebook.com\/hashtag\/bonomensual?__eep__=6&amp;__cft__[0]=AZUKJd8zqXxIilexmLaZOPLE1IMQpouKyWXeNQ5wJpCZjzuAGSitHqzAhfs1_OA_xSDzIYxwqi01sRjHiOK2M3TmCh3l4ViejYQerc9Q-YAlVo7lsQtBCfz3IKU9DW2sEDsT_QpQg4B1MEWSmBy_ZaNa7T1bXrHKp1EASLt7VuotoWtRzfUKq0UJdGvZJj2_0l4&amp;__tn__=*NK-R\">#BonoMensual<\/a> de Q. 500.00 para los Adultos Mayores en Nebaj. Desde el Gobierno Municipal se brinda acompa\u00f1amiento para que los beneficiarios reciban el apoyo del Programa de Adulto Mayor.<\/h2>\n\n\n\n<h2 class=\"wp-block-heading\">El Sr. Alcalde Municipal indic\u00f3 que seguiremos apoyando para que el beneficio llegue a los Adultos Mayores m\u00e1s necesitados, pues nuestro compromiso es gestionar para que el apoyo llegue a un buen n\u00famero de <a><\/a>abuelitos y abuelitas en la regi\u00f3n Ixil.<\/h2>\n\n\n\n<h2 class=\"wp-block-heading\">\u00a1Gobierno Municipal de Nebaj 2024-2028!<\/h2>\n\n\n\n<h2 class=\"wp-block-heading\">-Construyendo Futuro-<\/h2>\n\n\n\n<iframe src=\"https:\/\/www.facebook.com\/plugins\/post.php?href=https%3A%2F%2Fwww.facebook.com%2Fpermalink.php%3Fstory_fbid%3Dpfbid0TNtKpo3BGTXYwnyExmE8xZP1PLkp2ZWTn3nENP3ZqtqRuwTvHYG1HpSrERcDQGeul%26id%3D100064424092491&#038;show_text=true&#038;width=1100\" width=\"1100\" height=\"990\" style=\"border:none;overflow:hidden\" scrolling=\"no\" frameborder=\"0\" allowfullscreen=\"true\" allow=\"autoplay; clipboard-write; encrypted-media; picture-in-picture; web-share\"><\/iframe>\n\n\n\n<figure class=\"wp-block-image size-full is-resized\"><img  title=\"\" decoding=\"async\" src=\"https:\/\/municipalidaddenebaj.com\/wp-content\/uploads\/2025\/02\/image-1.png\"  alt=\"image-1 Bono Mensual - Adultos Mayores\"  class=\"wp-image-40882\" style=\"width:1450px;height:auto\"\/><\/figure>\n","protected":false},"excerpt":{"rendered":"<p>En conjunto con el Ministerio de Trabajo se realiza la primera notificaci\u00f3n del #BonoMensual de&#8230;<\/p>\n","protected":false},"author":4,"featured_media":40883,"comment_status":"open","ping_status":"open","sticky":false,"template":"","format":"standard","meta":{"_eb_attr":"","_monsterinsights_skip_tracking":false,"_monsterinsights_sitenote_active":false,"_monsterinsights_sitenote_note":"","_monsterinsights_sitenote_category":0,"footnotes":""},"categories":[1],"tags":[],"class_list":["post-40881","post","type-post","status-publish","format-standard","has-post-thumbnail","hentry","category-uncategorized"],"featured_image_urls":{"full":["https:\/\/municipalidaddenebaj.com\/wp-content\/uploads\/2025\/02\/476558646_1024229973067796_2193640233667999419_n.jpg",2048,1358,false],"thumbnail":["https:\/\/municipalidaddenebaj.com\/wp-content\/uploads\/2025\/02\/476558646_1024229973067796_2193640233667999419_n-400x400.jpg",400,400,true],"medium":["https:\/\/municipalidaddenebaj.com\/wp-content\/uploads\/2025\/02\/476558646_1024229973067796_2193640233667999419_n-594x394.jpg",594,394,true],"medium_large":["https:\/\/municipalidaddenebaj.com\/wp-content\/uploads\/2025\/02\/476558646_1024229973067796_2193640233667999419_n-768x509.jpg",640,424,true],"large":["https:\/\/municipalidaddenebaj.com\/wp-content\/uploads\/2025\/02\/476558646_1024229973067796_2193640233667999419_n-510x338.jpg",510,338,true],"ezd_searrch_thumb16x16":["https:\/\/municipalidaddenebaj.com\/wp-content\/uploads\/2025\/02\/476558646_1024229973067796_2193640233667999419_n.jpg",16,11,false],"ezd_searrch_thumb50x50":["https:\/\/municipalidaddenebaj.com\/wp-content\/uploads\/2025\/02\/476558646_1024229973067796_2193640233667999419_n.jpg",50,33,false],"1536x1536":["https:\/\/municipalidaddenebaj.com\/wp-content\/uploads\/2025\/02\/476558646_1024229973067796_2193640233667999419_n-1536x1019.jpg",1536,1019,true],"2048x2048":["https:\/\/municipalidaddenebaj.com\/wp-content\/uploads\/2025\/02\/476558646_1024229973067796_2193640233667999419_n.jpg",2048,1358,false],"covernews-featured":["https:\/\/municipalidaddenebaj.com\/wp-content\/uploads\/2025\/02\/476558646_1024229973067796_2193640233667999419_n-1024x679.jpg",1024,679,true],"covernews-medium":["https:\/\/municipalidaddenebaj.com\/wp-content\/uploads\/2025\/02\/476558646_1024229973067796_2193640233667999419_n-540x340.jpg",540,340,true],"woocommerce_thumbnail":["https:\/\/municipalidaddenebaj.com\/wp-content\/uploads\/2025\/02\/476558646_1024229973067796_2193640233667999419_n-300x300.jpg",300,300,true],"woocommerce_single":["https:\/\/municipalidaddenebaj.com\/wp-content\/uploads\/2025\/02\/476558646_1024229973067796_2193640233667999419_n-600x398.jpg",600,398,true],"woocommerce_gallery_thumbnail":["https:\/\/municipalidaddenebaj.com\/wp-content\/uploads\/2025\/02\/476558646_1024229973067796_2193640233667999419_n-100x100.jpg",100,100,true]},"author_info":{"display_name":"Editor","author_link":"https:\/\/municipalidaddenebaj.com\/?author=4"},"category_info":"<a href=\"https:\/\/municipalidaddenebaj.com\/?cat=1\" rel=\"category\">Uncategorized<\/a>","tag_info":"Uncategorized","comment_count":"0","_links":{"self":[{"href":"https:\/\/municipalidaddenebaj.com\/index.php?rest_route=\/wp\/v2\/posts\/40881","targetHints":{"allow":["GET"]}}],"collection":[{"href":"https:\/\/municipalidaddenebaj.com\/index.php?rest_route=\/wp\/v2\/posts"}],"about":[{"href":"https:\/\/municipalidaddenebaj.com\/index.php?rest_route=\/wp\/v2\/types\/post"}],"author":[{"embeddable":true,"href":"https:\/\/municipalidaddenebaj.com\/index.php?rest_route=\/wp\/v2\/users\/4"}],"replies":[{"embeddable":true,"href":"https:\/\/municipalidaddenebaj.com\/index.php?rest_route=%2Fwp%2Fv2%2Fcomments&post=40881"}],"version-history":[{"count":0,"href":"https:\/\/municipalidaddenebaj.com\/index.php?rest_route=\/wp\/v2\/posts\/40881\/revisions"}],"wp:featuredmedia":[{"embeddable":true,"href":"https:\/\/municipalidaddenebaj.com\/index.php?rest_route=\/wp\/v2\/media\/40883"}],"wp:attachment":[{"href":"https:\/\/municipalidaddenebaj.com\/index.php?rest_route=%2Fwp%2Fv2%2Fmedia&parent=40881"}],"wp:term":[{"taxonomy":"category","embeddable":true,"href":"https:\/\/municipalidaddenebaj.com\/index.php?rest_route=%2Fwp%2Fv2%2Fcategories&post=40881"},{"taxonomy":"post_tag","embeddable":true,"href":"https:\/\/municipalidaddenebaj.com\/index.php?rest_route=%2Fwp%2Fv2%2Ftags&post=40881"}],"curies":[{"name":"wp","href":"https:\/\/api.w.org\/{rel}","templated":true}]}}