{"id":41165,"date":"2025-02-13T16:49:56","date_gmt":"2025-02-13T16:49:56","guid":{"rendered":"https:\/\/municipalidaddenebaj.com\/?p=41165"},"modified":"2025-02-13T16:49:58","modified_gmt":"2025-02-13T16:49:58","slug":"feria-gastronomica","status":"publish","type":"post","link":"https:\/\/municipalidaddenebaj.com\/?p=41165","title":{"rendered":"FERIA GASTRON\u00d3MICA"},"content":{"rendered":"\n<h2 class=\"wp-block-heading\">\u00a1Gobierno Municipal de Nebaj le invitan a la Feria Gastron\u00f3mica y Artesan\u00eda Ixil!<\/h2>\n\n\n\n<h2 class=\"wp-block-heading\"><img  title=\"\" decoding=\"async\" height=\"16\" width=\"16\"  alt=\"1f4c5 FERIA GASTRON\u00d3MICA\"  src=\"https:\/\/static.xx.fbcdn.net\/images\/emoji.php\/v9\/t7e\/1\/16\/1f4c5.png\"> Viernes 14 de febrero<\/h2>\n\n\n\n<h2 class=\"wp-block-heading\"><img  title=\"\" decoding=\"async\" height=\"16\" width=\"16\"  alt=\"1f556 FERIA GASTRON\u00d3MICA\"  src=\"https:\/\/static.xx.fbcdn.net\/images\/emoji.php\/v9\/tae\/1\/16\/1f556.png\"> 7:00 a.m. &#8211; 1:00 p.m.<\/h2>\n\n\n\n<h2 class=\"wp-block-heading\"><img  title=\"\" decoding=\"async\" height=\"16\" width=\"16\"  alt=\"1f4cd FERIA GASTRON\u00d3MICA\"  src=\"https:\/\/static.xx.fbcdn.net\/images\/emoji.php\/v9\/t2d\/1\/16\/1f4cd.png\"> Parque Central de Nebaj<\/h2>\n\n\n\n<h2 class=\"wp-block-heading\"><a><\/a>Venga a disfrutar de los sabores \u00fanicos de nuestra tierra, apoye a los productores locales y viva una ma\u00f1ana llena de tradici\u00f3n y cultura.<\/h2>\n\n\n\n<h2 class=\"wp-block-heading\"><img  title=\"\" loading=\"lazy\" decoding=\"async\" height=\"16\" width=\"16\"  alt=\"2728 FERIA GASTRON\u00d3MICA\"  src=\"https:\/\/static.xx.fbcdn.net\/images\/emoji.php\/v9\/tf4\/1\/16\/2728.png\"> Habr\u00e1:<\/h2>\n\n\n\n<h2 class=\"wp-block-heading\"><img  title=\"\" loading=\"lazy\" decoding=\"async\" height=\"16\" width=\"16\"  alt=\"2705 FERIA GASTRON\u00d3MICA\"  src=\"https:\/\/static.xx.fbcdn.net\/images\/emoji.php\/v9\/t33\/1\/16\/2705.png\"> Comida t\u00edpica deliciosa <img  title=\"\" loading=\"lazy\" decoding=\"async\" height=\"16\" width=\"16\"  alt=\"1f35b FERIA GASTRON\u00d3MICA\"  src=\"https:\/\/static.xx.fbcdn.net\/images\/emoji.php\/v9\/t58\/1\/16\/1f35b.png\"><\/h2>\n\n\n\n<h2 class=\"wp-block-heading\"><img  title=\"\" loading=\"lazy\" decoding=\"async\" height=\"16\" width=\"16\"  alt=\"2705 FERIA GASTRON\u00d3MICA\"  src=\"https:\/\/static.xx.fbcdn.net\/images\/emoji.php\/v9\/t33\/1\/16\/2705.png\"> Productos locales de calidad <img  title=\"\" loading=\"lazy\" decoding=\"async\" height=\"16\" width=\"16\"  alt=\"1f6cd FERIA GASTRON\u00d3MICA\"  src=\"https:\/\/static.xx.fbcdn.net\/images\/emoji.php\/v9\/taf\/1\/16\/1f6cd.png\"><\/h2>\n\n\n\n<h2 class=\"wp-block-heading\"><img  title=\"\" loading=\"lazy\" decoding=\"async\" height=\"16\" width=\"16\"  alt=\"2705 FERIA GASTRON\u00d3MICA\"  src=\"https:\/\/static.xx.fbcdn.net\/images\/emoji.php\/v9\/t33\/1\/16\/2705.png\"> Un ambiente festivo y familiar <img  title=\"\" loading=\"lazy\" decoding=\"async\" height=\"16\" width=\"16\"  alt=\"1f3b6 FERIA GASTRON\u00d3MICA\"  src=\"https:\/\/static.xx.fbcdn.net\/images\/emoji.php\/v9\/t1f\/1\/16\/1f3b6.png\"><\/h2>\n\n\n\n<h2 class=\"wp-block-heading\">Apoyemos lo nuestro y sigamos fortaleciendo nuestro municipio. \u00a1Le esperamos!<\/h2>\n\n\n\n<iframe src=\"https:\/\/www.facebook.com\/plugins\/post.php?href=https%3A%2F%2Fwww.facebook.com%2Fpermalink.php%3Fstory_fbid%3Dpfbid02s8TwQNmAgrXuF2ax99QW7JC4rRDUnECBg4ZRsEaw7nRP3ypeWdeCMxEpBJd3kyqDl%26id%3D100064424092491&#038;show_text=true&#038;width=1100\" width=\"1100\" height=\"673\" style=\"border:none;overflow:hidden\" scrolling=\"no\" frameborder=\"0\" allowfullscreen=\"true\" allow=\"autoplay; clipboard-write; encrypted-media; picture-in-picture; web-share\"><\/iframe>\n\n\n\n<figure class=\"wp-block-image size-full is-resized\"><img  title=\"\" decoding=\"async\" src=\"https:\/\/municipalidaddenebaj.com\/wp-content\/uploads\/2025\/01\/image-10.png\"  alt=\"image-10 FERIA GASTRON\u00d3MICA\"  class=\"wp-image-40080\" style=\"width:1450px;height:auto\"\/><\/figure>\n","protected":false},"excerpt":{"rendered":"<p>\u00a1Gobierno Municipal de Nebaj le invitan a la Feria Gastron\u00f3mica y Artesan\u00eda Ixil! Viernes 14&#8230;<\/p>\n","protected":false},"author":4,"featured_media":41166,"comment_status":"open","ping_status":"open","sticky":false,"template":"","format":"standard","meta":{"_eb_attr":"","_monsterinsights_skip_tracking":false,"_monsterinsights_sitenote_active":false,"_monsterinsights_sitenote_note":"","_monsterinsights_sitenote_category":0,"footnotes":""},"categories":[1],"tags":[],"class_list":["post-41165","post","type-post","status-publish","format-standard","has-post-thumbnail","hentry","category-uncategorized"],"featured_image_urls":{"full":["https:\/\/municipalidaddenebaj.com\/wp-content\/uploads\/2025\/02\/479188313_1029333845890742_952965182174843797_n.jpg",1080,1350,false],"thumbnail":["https:\/\/municipalidaddenebaj.com\/wp-content\/uploads\/2025\/02\/479188313_1029333845890742_952965182174843797_n-400x400.jpg",400,400,true],"medium":["https:\/\/municipalidaddenebaj.com\/wp-content\/uploads\/2025\/02\/479188313_1029333845890742_952965182174843797_n-475x594.jpg",475,594,true],"medium_large":["https:\/\/municipalidaddenebaj.com\/wp-content\/uploads\/2025\/02\/479188313_1029333845890742_952965182174843797_n-768x960.jpg",640,800,true],"large":["https:\/\/municipalidaddenebaj.com\/wp-content\/uploads\/2025\/02\/479188313_1029333845890742_952965182174843797_n-408x510.jpg",408,510,true],"ezd_searrch_thumb16x16":["https:\/\/municipalidaddenebaj.com\/wp-content\/uploads\/2025\/02\/479188313_1029333845890742_952965182174843797_n.jpg",13,16,false],"ezd_searrch_thumb50x50":["https:\/\/municipalidaddenebaj.com\/wp-content\/uploads\/2025\/02\/479188313_1029333845890742_952965182174843797_n.jpg",40,50,false],"1536x1536":["https:\/\/municipalidaddenebaj.com\/wp-content\/uploads\/2025\/02\/479188313_1029333845890742_952965182174843797_n.jpg",1080,1350,false],"2048x2048":["https:\/\/municipalidaddenebaj.com\/wp-content\/uploads\/2025\/02\/479188313_1029333845890742_952965182174843797_n.jpg",1080,1350,false],"covernews-featured":["https:\/\/municipalidaddenebaj.com\/wp-content\/uploads\/2025\/02\/479188313_1029333845890742_952965182174843797_n-1024x1280.jpg",1024,1280,true],"covernews-medium":["https:\/\/municipalidaddenebaj.com\/wp-content\/uploads\/2025\/02\/479188313_1029333845890742_952965182174843797_n-540x340.jpg",540,340,true],"woocommerce_thumbnail":["https:\/\/municipalidaddenebaj.com\/wp-content\/uploads\/2025\/02\/479188313_1029333845890742_952965182174843797_n-300x300.jpg",300,300,true],"woocommerce_single":["https:\/\/municipalidaddenebaj.com\/wp-content\/uploads\/2025\/02\/479188313_1029333845890742_952965182174843797_n-600x750.jpg",600,750,true],"woocommerce_gallery_thumbnail":["https:\/\/municipalidaddenebaj.com\/wp-content\/uploads\/2025\/02\/479188313_1029333845890742_952965182174843797_n-100x100.jpg",100,100,true]},"author_info":{"display_name":"Editor","author_link":"https:\/\/municipalidaddenebaj.com\/?author=4"},"category_info":"<a href=\"https:\/\/municipalidaddenebaj.com\/?cat=1\" rel=\"category\">Uncategorized<\/a>","tag_info":"Uncategorized","comment_count":"0","_links":{"self":[{"href":"https:\/\/municipalidaddenebaj.com\/index.php?rest_route=\/wp\/v2\/posts\/41165","targetHints":{"allow":["GET"]}}],"collection":[{"href":"https:\/\/municipalidaddenebaj.com\/index.php?rest_route=\/wp\/v2\/posts"}],"about":[{"href":"https:\/\/municipalidaddenebaj.com\/index.php?rest_route=\/wp\/v2\/types\/post"}],"author":[{"embeddable":true,"href":"https:\/\/municipalidaddenebaj.com\/index.php?rest_route=\/wp\/v2\/users\/4"}],"replies":[{"embeddable":true,"href":"https:\/\/municipalidaddenebaj.com\/index.php?rest_route=%2Fwp%2Fv2%2Fcomments&post=41165"}],"version-history":[{"count":0,"href":"https:\/\/municipalidaddenebaj.com\/index.php?rest_route=\/wp\/v2\/posts\/41165\/revisions"}],"wp:featuredmedia":[{"embeddable":true,"href":"https:\/\/municipalidaddenebaj.com\/index.php?rest_route=\/wp\/v2\/media\/41166"}],"wp:attachment":[{"href":"https:\/\/municipalidaddenebaj.com\/index.php?rest_route=%2Fwp%2Fv2%2Fmedia&parent=41165"}],"wp:term":[{"taxonomy":"category","embeddable":true,"href":"https:\/\/municipalidaddenebaj.com\/index.php?rest_route=%2Fwp%2Fv2%2Fcategories&post=41165"},{"taxonomy":"post_tag","embeddable":true,"href":"https:\/\/municipalidaddenebaj.com\/index.php?rest_route=%2Fwp%2Fv2%2Ftags&post=41165"}],"curies":[{"name":"wp","href":"https:\/\/api.w.org\/{rel}","templated":true}]}}