{"id":41171,"date":"2025-02-13T16:54:30","date_gmt":"2025-02-13T16:54:30","guid":{"rendered":"https:\/\/municipalidaddenebaj.com\/?p=41171"},"modified":"2025-04-29T16:42:15","modified_gmt":"2025-04-29T16:42:15","slug":"41171","status":"publish","type":"post","link":"https:\/\/municipalidaddenebaj.com\/?p=41171","title":{"rendered":"Campeonato Fut-Sala"},"content":{"rendered":"\n<h2 class=\"wp-block-heading\">\u00a1Tambi\u00e9n hay campeonato para los que les encanta el Fut-Sala! Habr\u00e1 5 categor\u00edas, as\u00ed que agr\u00fapate con los de las edades que te corresponde y divi\u00e9rtete jugando el deporte que m\u00e1s te gusta. \u00a1Las inscripciones est\u00e1n abiertas pero cierran pronto, \u00e1nimo!<\/h2>\n\n\n\n<iframe src=\"https:\/\/www.facebook.com\/plugins\/post.php?href=https%3A%2F%2Fwww.facebook.com%2Fpermalink.php%3Fstory_fbid%3Dpfbid08NxdgEACQzEZC67K57NV74MCKfmnN3SkMDV4L25B3XLoC68yZ1f8GXg8HifY2oA1l%26id%3D100064424092491&#038;show_text=true&#038;width=1100\" width=\"1100\" height=\"648\" style=\"border:none;overflow:hidden\" scrolling=\"no\" frameborder=\"0\" allowfullscreen=\"true\" allow=\"autoplay; clipboard-write; encrypted-media; picture-in-picture; web-share\"><\/iframe>\n\n\n\n<p><\/p>\n","protected":false},"excerpt":{"rendered":"<p>\u00a1Tambi\u00e9n hay campeonato para los que les encanta el Fut-Sala! Habr\u00e1 5 categor\u00edas, as\u00ed que&#8230;<\/p>\n","protected":false},"author":4,"featured_media":41172,"comment_status":"closed","ping_status":"open","sticky":false,"template":"","format":"standard","meta":{"_eb_attr":"","_monsterinsights_skip_tracking":false,"_monsterinsights_sitenote_active":false,"_monsterinsights_sitenote_note":"","_monsterinsights_sitenote_category":0,"footnotes":""},"categories":[1],"tags":[],"class_list":["post-41171","post","type-post","status-publish","format-standard","has-post-thumbnail","hentry","category-uncategorized"],"featured_image_urls":{"full":["https:\/\/municipalidaddenebaj.com\/wp-content\/uploads\/2025\/02\/476831705_1029633002527493_650539403492092421_n.jpg",512,640,false],"thumbnail":["https:\/\/municipalidaddenebaj.com\/wp-content\/uploads\/2025\/02\/476831705_1029633002527493_650539403492092421_n-400x400.jpg",400,400,true],"medium":["https:\/\/municipalidaddenebaj.com\/wp-content\/uploads\/2025\/02\/476831705_1029633002527493_650539403492092421_n-475x594.jpg",475,594,true],"medium_large":["https:\/\/municipalidaddenebaj.com\/wp-content\/uploads\/2025\/02\/476831705_1029633002527493_650539403492092421_n.jpg",512,640,false],"large":["https:\/\/municipalidaddenebaj.com\/wp-content\/uploads\/2025\/02\/476831705_1029633002527493_650539403492092421_n-408x510.jpg",408,510,true],"ezd_searrch_thumb16x16":["https:\/\/municipalidaddenebaj.com\/wp-content\/uploads\/2025\/02\/476831705_1029633002527493_650539403492092421_n.jpg",13,16,false],"ezd_searrch_thumb50x50":["https:\/\/municipalidaddenebaj.com\/wp-content\/uploads\/2025\/02\/476831705_1029633002527493_650539403492092421_n.jpg",40,50,false],"1536x1536":["https:\/\/municipalidaddenebaj.com\/wp-content\/uploads\/2025\/02\/476831705_1029633002527493_650539403492092421_n.jpg",512,640,false],"2048x2048":["https:\/\/municipalidaddenebaj.com\/wp-content\/uploads\/2025\/02\/476831705_1029633002527493_650539403492092421_n.jpg",512,640,false],"covernews-featured":["https:\/\/municipalidaddenebaj.com\/wp-content\/uploads\/2025\/02\/476831705_1029633002527493_650539403492092421_n.jpg",512,640,false],"covernews-medium":["https:\/\/municipalidaddenebaj.com\/wp-content\/uploads\/2025\/02\/476831705_1029633002527493_650539403492092421_n-512x340.jpg",512,340,true],"woocommerce_thumbnail":["https:\/\/municipalidaddenebaj.com\/wp-content\/uploads\/2025\/02\/476831705_1029633002527493_650539403492092421_n-300x300.jpg",300,300,true],"woocommerce_single":["https:\/\/municipalidaddenebaj.com\/wp-content\/uploads\/2025\/02\/476831705_1029633002527493_650539403492092421_n.jpg",512,640,false],"woocommerce_gallery_thumbnail":["https:\/\/municipalidaddenebaj.com\/wp-content\/uploads\/2025\/02\/476831705_1029633002527493_650539403492092421_n-100x100.jpg",100,100,true]},"author_info":{"display_name":"Editor","author_link":"https:\/\/municipalidaddenebaj.com\/?author=4"},"category_info":"<a href=\"https:\/\/municipalidaddenebaj.com\/?cat=1\" rel=\"category\">Uncategorized<\/a>","tag_info":"Uncategorized","comment_count":"0","_links":{"self":[{"href":"https:\/\/municipalidaddenebaj.com\/index.php?rest_route=\/wp\/v2\/posts\/41171","targetHints":{"allow":["GET"]}}],"collection":[{"href":"https:\/\/municipalidaddenebaj.com\/index.php?rest_route=\/wp\/v2\/posts"}],"about":[{"href":"https:\/\/municipalidaddenebaj.com\/index.php?rest_route=\/wp\/v2\/types\/post"}],"author":[{"embeddable":true,"href":"https:\/\/municipalidaddenebaj.com\/index.php?rest_route=\/wp\/v2\/users\/4"}],"replies":[{"embeddable":true,"href":"https:\/\/municipalidaddenebaj.com\/index.php?rest_route=%2Fwp%2Fv2%2Fcomments&post=41171"}],"version-history":[{"count":0,"href":"https:\/\/municipalidaddenebaj.com\/index.php?rest_route=\/wp\/v2\/posts\/41171\/revisions"}],"wp:featuredmedia":[{"embeddable":true,"href":"https:\/\/municipalidaddenebaj.com\/index.php?rest_route=\/wp\/v2\/media\/41172"}],"wp:attachment":[{"href":"https:\/\/municipalidaddenebaj.com\/index.php?rest_route=%2Fwp%2Fv2%2Fmedia&parent=41171"}],"wp:term":[{"taxonomy":"category","embeddable":true,"href":"https:\/\/municipalidaddenebaj.com\/index.php?rest_route=%2Fwp%2Fv2%2Fcategories&post=41171"},{"taxonomy":"post_tag","embeddable":true,"href":"https:\/\/municipalidaddenebaj.com\/index.php?rest_route=%2Fwp%2Fv2%2Ftags&post=41171"}],"curies":[{"name":"wp","href":"https:\/\/api.w.org\/{rel}","templated":true}]}}