{"id":42154,"date":"2025-03-07T22:18:59","date_gmt":"2025-03-07T22:18:59","guid":{"rendered":"https:\/\/municipalidaddenebaj.com\/?p=42154"},"modified":"2025-04-29T16:37:29","modified_gmt":"2025-04-29T16:37:29","slug":"1er-sesion-de-comude","status":"publish","type":"post","link":"https:\/\/municipalidaddenebaj.com\/?p=42154","title":{"rendered":"1er  SESION DE COMUDE"},"content":{"rendered":"\n<h3 class=\"wp-block-heading\">Se lleva a cabo el 1er COMUDE de Nebaj, un espacio clave para fortalecer la participaci\u00f3n ciudadana y garantizar la transparencia en la gesti\u00f3n p\u00fablica municipal.<\/h3>\n\n\n\n<h3 class=\"wp-block-heading\">En la reuni\u00f3n, se present\u00f3 el informe de proyectos CODEDE 2024, la reprogramaci\u00f3n para 2025, y la priorizaci\u00f3n de proyectos con fondos extraordinarios. Adem\u00e1s, se rindieron cuentas del \u00faltimo cuatrimestre 2024, se socializ\u00f3 la construcci\u00f3n de escuelas en Xesupio y Quejchip, se trataron temas de seguridad y <a><\/a>participaci\u00f3n ciudadana, y se reactiv\u00f3 la COMUSAN para atender temas de seguridad alimentaria.<\/h3>\n\n\n\n<h3 class=\"wp-block-heading\">Con estas acciones, reafirmamos nuestro compromiso con el desarrollo integral de Nebaj, cumpliendo con la Ley de Consejos de Desarrollo y asegurando que las necesidades de nuestras comunidades sean el centro de nuestra planificaci\u00f3n y ejecuci\u00f3n. \u00a1Construyendo Futuro!<\/h3>\n\n\n\n<iframe src=\"https:\/\/www.facebook.com\/plugins\/post.php?href=https%3A%2F%2Fwww.facebook.com%2Fpermalink.php%3Fstory_fbid%3Dpfbid08r4EEJtDzqgC3eEzf26CFtyvh87PNRA82ednB1DBCRj93wB9xNMKTsmXyWarjP2El%26id%3D100064424092491&#038;show_text=true&#038;width=1100\" width=\"1100\" height=\"1070\" style=\"border:none;overflow:hidden\" scrolling=\"no\" frameborder=\"0\" allowfullscreen=\"true\" allow=\"autoplay; clipboard-write; encrypted-media; picture-in-picture; web-share\"><\/iframe>\n\n\n\n<p><\/p>\n","protected":false},"excerpt":{"rendered":"<p>Se lleva a cabo el 1er COMUDE de Nebaj, un espacio clave para fortalecer la participaci\u00f3n ciudadana y garantizar la transparencia en la gesti\u00f3n p\u00fablica municipal. En la reuni\u00f3n, se&hellip;<\/p>\n","protected":false},"author":4,"featured_media":42155,"comment_status":"closed","ping_status":"open","sticky":false,"template":"","format":"standard","meta":{"_eb_attr":"","_monsterinsights_skip_tracking":false,"_monsterinsights_sitenote_active":false,"_monsterinsights_sitenote_note":"","_monsterinsights_sitenote_category":0,"footnotes":""},"categories":[1],"tags":[],"class_list":["post-42154","post","type-post","status-publish","format-standard","has-post-thumbnail","hentry","category-uncategorized"],"featured_image_urls":{"full":["https:\/\/municipalidaddenebaj.com\/wp-content\/uploads\/2025\/03\/475636906_1020829636741163_1417374401210752768_n.jpg",2048,1358,false],"thumbnail":["https:\/\/municipalidaddenebaj.com\/wp-content\/uploads\/2025\/03\/475636906_1020829636741163_1417374401210752768_n-400x400.jpg",400,400,true],"medium":["https:\/\/municipalidaddenebaj.com\/wp-content\/uploads\/2025\/03\/475636906_1020829636741163_1417374401210752768_n-594x394.jpg",594,394,true],"medium_large":["https:\/\/municipalidaddenebaj.com\/wp-content\/uploads\/2025\/03\/475636906_1020829636741163_1417374401210752768_n-768x509.jpg",768,509,true],"large":["https:\/\/municipalidaddenebaj.com\/wp-content\/uploads\/2025\/03\/475636906_1020829636741163_1417374401210752768_n-510x338.jpg",510,338,true],"ezd_searrch_thumb16x16":["https:\/\/municipalidaddenebaj.com\/wp-content\/uploads\/2025\/03\/475636906_1020829636741163_1417374401210752768_n.jpg",16,11,false],"ezd_searrch_thumb50x50":["https:\/\/municipalidaddenebaj.com\/wp-content\/uploads\/2025\/03\/475636906_1020829636741163_1417374401210752768_n.jpg",50,33,false],"1536x1536":["https:\/\/municipalidaddenebaj.com\/wp-content\/uploads\/2025\/03\/475636906_1020829636741163_1417374401210752768_n-1536x1019.jpg",1536,1019,true],"2048x2048":["https:\/\/municipalidaddenebaj.com\/wp-content\/uploads\/2025\/03\/475636906_1020829636741163_1417374401210752768_n.jpg",2048,1358,false],"woocommerce_thumbnail":["https:\/\/municipalidaddenebaj.com\/wp-content\/uploads\/2025\/03\/475636906_1020829636741163_1417374401210752768_n-300x300.jpg",300,300,true],"woocommerce_single":["https:\/\/municipalidaddenebaj.com\/wp-content\/uploads\/2025\/03\/475636906_1020829636741163_1417374401210752768_n-600x398.jpg",600,398,true],"woocommerce_gallery_thumbnail":["https:\/\/municipalidaddenebaj.com\/wp-content\/uploads\/2025\/03\/475636906_1020829636741163_1417374401210752768_n-100x100.jpg",100,100,true]},"author_info":{"display_name":"Editor","author_link":"https:\/\/municipalidaddenebaj.com\/?author=4"},"category_info":"<a href=\"https:\/\/municipalidaddenebaj.com\/?cat=1\" rel=\"category\">Uncategorized<\/a>","tag_info":"Uncategorized","comment_count":"0","_links":{"self":[{"href":"https:\/\/municipalidaddenebaj.com\/index.php?rest_route=\/wp\/v2\/posts\/42154","targetHints":{"allow":["GET"]}}],"collection":[{"href":"https:\/\/municipalidaddenebaj.com\/index.php?rest_route=\/wp\/v2\/posts"}],"about":[{"href":"https:\/\/municipalidaddenebaj.com\/index.php?rest_route=\/wp\/v2\/types\/post"}],"author":[{"embeddable":true,"href":"https:\/\/municipalidaddenebaj.com\/index.php?rest_route=\/wp\/v2\/users\/4"}],"replies":[{"embeddable":true,"href":"https:\/\/municipalidaddenebaj.com\/index.php?rest_route=%2Fwp%2Fv2%2Fcomments&post=42154"}],"version-history":[{"count":0,"href":"https:\/\/municipalidaddenebaj.com\/index.php?rest_route=\/wp\/v2\/posts\/42154\/revisions"}],"wp:featuredmedia":[{"embeddable":true,"href":"https:\/\/municipalidaddenebaj.com\/index.php?rest_route=\/wp\/v2\/media\/42155"}],"wp:attachment":[{"href":"https:\/\/municipalidaddenebaj.com\/index.php?rest_route=%2Fwp%2Fv2%2Fmedia&parent=42154"}],"wp:term":[{"taxonomy":"category","embeddable":true,"href":"https:\/\/municipalidaddenebaj.com\/index.php?rest_route=%2Fwp%2Fv2%2Fcategories&post=42154"},{"taxonomy":"post_tag","embeddable":true,"href":"https:\/\/municipalidaddenebaj.com\/index.php?rest_route=%2Fwp%2Fv2%2Ftags&post=42154"}],"curies":[{"name":"wp","href":"https:\/\/api.w.org\/{rel}","templated":true}]}}