{"id":42177,"date":"2025-03-07T22:46:35","date_gmt":"2025-03-07T22:46:35","guid":{"rendered":"https:\/\/municipalidaddenebaj.com\/?p=42177"},"modified":"2025-04-29T16:35:35","modified_gmt":"2025-04-29T16:35:35","slug":"gestion-realizada","status":"publish","type":"post","link":"https:\/\/municipalidaddenebaj.com\/?p=42177","title":{"rendered":"GESTI\u00d3N REALIZADA"},"content":{"rendered":"\n<h3 class=\"wp-block-heading\">Nuestro reconocimiento y gratitud a las autoridades nacionales, autoridades comunitarias y ancestrales por la gesti\u00f3n realizada para la Restituci\u00f3n del T\u00edtulo de Acul al Ejido Municipal de Nebaj.<\/h3>\n\n\n\n<h3 class=\"wp-block-heading\">De parte de nuestra, como Gobierno Municipal 2024-2028, ratificamos el respeto al derecho de las comunidades y nos complacemos por el bienestar de las familias en Acul, Nebaj. <a href=\"https:\/\/www.facebook.com\/hashtag\/construyendofuturo?__eep__=6&amp;__cft__[0]=AZWpC2xXYjcRUVaoTlH7bC264fROuPPl9LTaSyTDckJKdiX7lNsBB4BggR-pOoJIPiDRXdrmGYdihaBt0yC4Sr7U7xd5fFCffExNu1t3qoTea47U8YvSNYGUqp_ODVSMmqxFZBfesByxTR-yZWn2tnmZO15Sht23rnb4NCaH_2JT1oXxkFiz7QlNf_N_FNKS1cg&amp;__tn__=*NK-R\">#ConstruyendoFuturo<\/a><\/h3>\n\n\n\n<h3 class=\"wp-block-heading\"><\/h3>\n\n\n\n<iframe src=\"https:\/\/www.facebook.com\/plugins\/post.php?href=https%3A%2F%2Fwww.facebook.com%2Fpermalink.php%3Fstory_fbid%3Dpfbid02EQmiPCsBjkJiyGcUenZKNvzVsf8LgJWpTVEg9yG3U8yC9hBMs3G3wvXbnVxzmTMml%26id%3D100064424092491&#038;show_text=true&#038;width=1100\" width=\"1100\" height=\"650\" style=\"border:none;overflow:hidden\" scrolling=\"no\" frameborder=\"0\" allowfullscreen=\"true\" allow=\"autoplay; clipboard-write; encrypted-media; picture-in-picture; web-share\"><\/iframe>\n\n\n\n<p><\/p>\n","protected":false},"excerpt":{"rendered":"<p>Nuestro reconocimiento y gratitud a las autoridades nacionales, autoridades comunitarias y ancestrales por la gesti\u00f3n realizada para la Restituci\u00f3n del T\u00edtulo de Acul al Ejido Municipal de Nebaj. De parte&hellip;<\/p>\n","protected":false},"author":4,"featured_media":42178,"comment_status":"closed","ping_status":"open","sticky":false,"template":"","format":"standard","meta":{"_eb_attr":"","_monsterinsights_skip_tracking":false,"_monsterinsights_sitenote_active":false,"_monsterinsights_sitenote_note":"","_monsterinsights_sitenote_category":0,"footnotes":""},"categories":[1],"tags":[],"class_list":["post-42177","post","type-post","status-publish","format-standard","has-post-thumbnail","hentry","category-uncategorized"],"featured_image_urls":{"full":["https:\/\/municipalidaddenebaj.com\/wp-content\/uploads\/2025\/03\/481044704_1035257651965028_2941879104526354356_n.jpg",1440,963,false],"thumbnail":["https:\/\/municipalidaddenebaj.com\/wp-content\/uploads\/2025\/03\/481044704_1035257651965028_2941879104526354356_n-400x400.jpg",400,400,true],"medium":["https:\/\/municipalidaddenebaj.com\/wp-content\/uploads\/2025\/03\/481044704_1035257651965028_2941879104526354356_n-594x397.jpg",594,397,true],"medium_large":["https:\/\/municipalidaddenebaj.com\/wp-content\/uploads\/2025\/03\/481044704_1035257651965028_2941879104526354356_n-768x514.jpg",768,514,true],"large":["https:\/\/municipalidaddenebaj.com\/wp-content\/uploads\/2025\/03\/481044704_1035257651965028_2941879104526354356_n-510x341.jpg",510,341,true],"ezd_searrch_thumb16x16":["https:\/\/municipalidaddenebaj.com\/wp-content\/uploads\/2025\/03\/481044704_1035257651965028_2941879104526354356_n.jpg",16,11,false],"ezd_searrch_thumb50x50":["https:\/\/municipalidaddenebaj.com\/wp-content\/uploads\/2025\/03\/481044704_1035257651965028_2941879104526354356_n.jpg",50,33,false],"1536x1536":["https:\/\/municipalidaddenebaj.com\/wp-content\/uploads\/2025\/03\/481044704_1035257651965028_2941879104526354356_n.jpg",1440,963,false],"2048x2048":["https:\/\/municipalidaddenebaj.com\/wp-content\/uploads\/2025\/03\/481044704_1035257651965028_2941879104526354356_n.jpg",1440,963,false],"woocommerce_thumbnail":["https:\/\/municipalidaddenebaj.com\/wp-content\/uploads\/2025\/03\/481044704_1035257651965028_2941879104526354356_n-300x300.jpg",300,300,true],"woocommerce_single":["https:\/\/municipalidaddenebaj.com\/wp-content\/uploads\/2025\/03\/481044704_1035257651965028_2941879104526354356_n-600x401.jpg",600,401,true],"woocommerce_gallery_thumbnail":["https:\/\/municipalidaddenebaj.com\/wp-content\/uploads\/2025\/03\/481044704_1035257651965028_2941879104526354356_n-100x100.jpg",100,100,true]},"author_info":{"display_name":"Editor","author_link":"https:\/\/municipalidaddenebaj.com\/?author=4"},"category_info":"<a href=\"https:\/\/municipalidaddenebaj.com\/?cat=1\" rel=\"category\">Uncategorized<\/a>","tag_info":"Uncategorized","comment_count":"0","_links":{"self":[{"href":"https:\/\/municipalidaddenebaj.com\/index.php?rest_route=\/wp\/v2\/posts\/42177","targetHints":{"allow":["GET"]}}],"collection":[{"href":"https:\/\/municipalidaddenebaj.com\/index.php?rest_route=\/wp\/v2\/posts"}],"about":[{"href":"https:\/\/municipalidaddenebaj.com\/index.php?rest_route=\/wp\/v2\/types\/post"}],"author":[{"embeddable":true,"href":"https:\/\/municipalidaddenebaj.com\/index.php?rest_route=\/wp\/v2\/users\/4"}],"replies":[{"embeddable":true,"href":"https:\/\/municipalidaddenebaj.com\/index.php?rest_route=%2Fwp%2Fv2%2Fcomments&post=42177"}],"version-history":[{"count":0,"href":"https:\/\/municipalidaddenebaj.com\/index.php?rest_route=\/wp\/v2\/posts\/42177\/revisions"}],"wp:featuredmedia":[{"embeddable":true,"href":"https:\/\/municipalidaddenebaj.com\/index.php?rest_route=\/wp\/v2\/media\/42178"}],"wp:attachment":[{"href":"https:\/\/municipalidaddenebaj.com\/index.php?rest_route=%2Fwp%2Fv2%2Fmedia&parent=42177"}],"wp:term":[{"taxonomy":"category","embeddable":true,"href":"https:\/\/municipalidaddenebaj.com\/index.php?rest_route=%2Fwp%2Fv2%2Fcategories&post=42177"},{"taxonomy":"post_tag","embeddable":true,"href":"https:\/\/municipalidaddenebaj.com\/index.php?rest_route=%2Fwp%2Fv2%2Ftags&post=42177"}],"curies":[{"name":"wp","href":"https:\/\/api.w.org\/{rel}","templated":true}]}}