{"id":42180,"date":"2025-03-07T22:50:10","date_gmt":"2025-03-07T22:50:10","guid":{"rendered":"https:\/\/municipalidaddenebaj.com\/?p=42180"},"modified":"2025-04-29T16:35:16","modified_gmt":"2025-04-29T16:35:16","slug":"2o-sesion-de-comude","status":"publish","type":"post","link":"https:\/\/municipalidaddenebaj.com\/?p=42180","title":{"rendered":"2o. sesi\u00f3n de COMUDE"},"content":{"rendered":"\n<h3 class=\"wp-block-heading\">Damos cumplimiento a lo establecido en la Ley de Consejos de Desarrollo y realizamos este d\u00eda el 2o. COMUDE del a\u00f1o 2025, donde tuvimos la oportunidad de abordar temas de inter\u00e9s para Nebaj.<\/h3>\n\n\n\n<h3 class=\"wp-block-heading\">Dentro de los aspectos de mayor relevancia hoy se present\u00f3 el techo presupuestario para fondos del SISCODE y tipolog\u00eda de proyectos elegibles para ejercicio fiscal 2026. Tambi\u00e9n tuvimos la oportunidad de recibir el Calendario Maya de manos del Presidente de la Comunidad Ling\u00fc\u00edstica Maya <a><\/a>Ixil, concluyendo con un espacio de formaci\u00f3n acerca de la Ley de Consejos de Desarrollo impartida por COREDUR.<\/h3>\n\n\n\n<h3 class=\"wp-block-heading\"><a href=\"https:\/\/www.facebook.com\/hashtag\/construyendofuturo?__eep__=6&amp;__cft__[0]=AZXNwgc5PfOKJFy-KhcoZh3zJsEl8p3cmXXyh4WQjXjPavKFeVfqR7CLRnd1qZEUUH4ttc236fSZ-dmPmpaA6X983djz_TcFXSNRyS-L-t_t4nCLdnWVGGzjqvKo_TWwflWkco5NiKGeufyVYqkkC3udxvc_sulG-4h6PKkXQHnKMzTjqCrbpJTRLgzblaNBOHc&amp;__tn__=*NK-R\">#ConstruyendoFuturo<\/a><\/h3>\n\n\n\n<iframe src=\"https:\/\/www.facebook.com\/plugins\/post.php?href=https%3A%2F%2Fwww.facebook.com%2Fpermalink.php%3Fstory_fbid%3Dpfbid02YKo8x9mtQYiGse7378VtEA3xonvqXaUqE7rnNmMX71M9QuvaP9gZnwiqLydevk7Dl%26id%3D100064424092491&#038;show_text=true&#038;width=1100\" width=\"1100\" height=\"1020\" style=\"border:none;overflow:hidden\" scrolling=\"no\" frameborder=\"0\" allowfullscreen=\"true\" allow=\"autoplay; clipboard-write; encrypted-media; picture-in-picture; web-share\"><\/iframe>\n","protected":false},"excerpt":{"rendered":"<p>Damos cumplimiento a lo establecido en la Ley de Consejos de Desarrollo y realizamos este d\u00eda el 2o. COMUDE del a\u00f1o 2025, donde tuvimos la oportunidad de abordar temas de&hellip;<\/p>\n","protected":false},"author":4,"featured_media":42181,"comment_status":"closed","ping_status":"open","sticky":false,"template":"","format":"standard","meta":{"_eb_attr":"","_monsterinsights_skip_tracking":false,"_monsterinsights_sitenote_active":false,"_monsterinsights_sitenote_note":"","_monsterinsights_sitenote_category":0,"footnotes":""},"categories":[1],"tags":[],"class_list":["post-42180","post","type-post","status-publish","format-standard","has-post-thumbnail","hentry","category-uncategorized"],"featured_image_urls":{"full":["https:\/\/municipalidaddenebaj.com\/wp-content\/uploads\/2025\/03\/481082444_1040404311450362_835011397623132201_n.jpg",2048,1280,false],"thumbnail":["https:\/\/municipalidaddenebaj.com\/wp-content\/uploads\/2025\/03\/481082444_1040404311450362_835011397623132201_n-400x400.jpg",400,400,true],"medium":["https:\/\/municipalidaddenebaj.com\/wp-content\/uploads\/2025\/03\/481082444_1040404311450362_835011397623132201_n-594x371.jpg",594,371,true],"medium_large":["https:\/\/municipalidaddenebaj.com\/wp-content\/uploads\/2025\/03\/481082444_1040404311450362_835011397623132201_n-768x480.jpg",768,480,true],"large":["https:\/\/municipalidaddenebaj.com\/wp-content\/uploads\/2025\/03\/481082444_1040404311450362_835011397623132201_n-510x319.jpg",510,319,true],"ezd_searrch_thumb16x16":["https:\/\/municipalidaddenebaj.com\/wp-content\/uploads\/2025\/03\/481082444_1040404311450362_835011397623132201_n.jpg",16,10,false],"ezd_searrch_thumb50x50":["https:\/\/municipalidaddenebaj.com\/wp-content\/uploads\/2025\/03\/481082444_1040404311450362_835011397623132201_n.jpg",50,31,false],"1536x1536":["https:\/\/municipalidaddenebaj.com\/wp-content\/uploads\/2025\/03\/481082444_1040404311450362_835011397623132201_n-1536x960.jpg",1536,960,true],"2048x2048":["https:\/\/municipalidaddenebaj.com\/wp-content\/uploads\/2025\/03\/481082444_1040404311450362_835011397623132201_n.jpg",2048,1280,false],"woocommerce_thumbnail":["https:\/\/municipalidaddenebaj.com\/wp-content\/uploads\/2025\/03\/481082444_1040404311450362_835011397623132201_n-300x300.jpg",300,300,true],"woocommerce_single":["https:\/\/municipalidaddenebaj.com\/wp-content\/uploads\/2025\/03\/481082444_1040404311450362_835011397623132201_n-600x375.jpg",600,375,true],"woocommerce_gallery_thumbnail":["https:\/\/municipalidaddenebaj.com\/wp-content\/uploads\/2025\/03\/481082444_1040404311450362_835011397623132201_n-100x100.jpg",100,100,true]},"author_info":{"display_name":"Editor","author_link":"https:\/\/municipalidaddenebaj.com\/?author=4"},"category_info":"<a href=\"https:\/\/municipalidaddenebaj.com\/?cat=1\" rel=\"category\">Uncategorized<\/a>","tag_info":"Uncategorized","comment_count":"0","_links":{"self":[{"href":"https:\/\/municipalidaddenebaj.com\/index.php?rest_route=\/wp\/v2\/posts\/42180","targetHints":{"allow":["GET"]}}],"collection":[{"href":"https:\/\/municipalidaddenebaj.com\/index.php?rest_route=\/wp\/v2\/posts"}],"about":[{"href":"https:\/\/municipalidaddenebaj.com\/index.php?rest_route=\/wp\/v2\/types\/post"}],"author":[{"embeddable":true,"href":"https:\/\/municipalidaddenebaj.com\/index.php?rest_route=\/wp\/v2\/users\/4"}],"replies":[{"embeddable":true,"href":"https:\/\/municipalidaddenebaj.com\/index.php?rest_route=%2Fwp%2Fv2%2Fcomments&post=42180"}],"version-history":[{"count":0,"href":"https:\/\/municipalidaddenebaj.com\/index.php?rest_route=\/wp\/v2\/posts\/42180\/revisions"}],"wp:featuredmedia":[{"embeddable":true,"href":"https:\/\/municipalidaddenebaj.com\/index.php?rest_route=\/wp\/v2\/media\/42181"}],"wp:attachment":[{"href":"https:\/\/municipalidaddenebaj.com\/index.php?rest_route=%2Fwp%2Fv2%2Fmedia&parent=42180"}],"wp:term":[{"taxonomy":"category","embeddable":true,"href":"https:\/\/municipalidaddenebaj.com\/index.php?rest_route=%2Fwp%2Fv2%2Fcategories&post=42180"},{"taxonomy":"post_tag","embeddable":true,"href":"https:\/\/municipalidaddenebaj.com\/index.php?rest_route=%2Fwp%2Fv2%2Ftags&post=42180"}],"curies":[{"name":"wp","href":"https:\/\/api.w.org\/{rel}","templated":true}]}}