{"id":42873,"date":"2025-04-28T14:11:45","date_gmt":"2025-04-28T14:11:45","guid":{"rendered":"https:\/\/municipalidaddenebaj.com\/?p=42873"},"modified":"2025-05-08T22:03:40","modified_gmt":"2025-05-08T22:03:40","slug":"inauguracion-puente-las-violetas","status":"publish","type":"post","link":"https:\/\/municipalidaddenebaj.com\/?p=42873","title":{"rendered":"INAUGURACI\u00d3N PUENTE LAS VIOLETAS"},"content":{"rendered":"\t\t<div data-elementor-type=\"wp-post\" data-elementor-id=\"42873\" class=\"elementor elementor-42873\" data-elementor-settings=\"{&quot;ha_cmc_init_switcher&quot;:&quot;no&quot;}\">\n\t\t\t\t<div class=\"elementor-element elementor-element-4e35c438 e-flex e-con-boxed e-con e-parent\" data-id=\"4e35c438\" data-element_type=\"container\" data-e-type=\"container\" data-settings=\"{&quot;_ha_eqh_enable&quot;:false}\">\n\t\t\t\t\t<div class=\"e-con-inner\">\n\t\t\t\t<div class=\"elementor-element elementor-element-1752cebe elementor-widget elementor-widget-text-editor\" data-id=\"1752cebe\" data-element_type=\"widget\" data-e-type=\"widget\" data-widget_type=\"text-editor.default\">\n\t\t\t\t<div class=\"elementor-widget-container\">\n\t\t\t\t\t\t\t\t\t\n<h3 class=\"wp-block-heading\">Treinta a\u00f1os de promesas. Un a\u00f1o y tres meses de acci\u00f3n. Hoy el Puente Las Violetas es una realidad para las familias de Nebaj.<\/h3>\n\n\n\n<h3 class=\"wp-block-heading\"><a><\/a>Donde otros solo ofrecieron palabras, nosotros estamos <a href=\"https:\/\/www.facebook.com\/hashtag\/construyendofuturo?__eep__=6&amp;__cft__[0]=AZWsLTA-znoDGp9RUowKt48YjMS8CyR-hzKG2oEzz8nAMFp9sREYdQXse1TSFbey2k_aAKxA5RMAis62vBT27YOk9ZiC51Xft8un4P0Sr9eHgmlXkG2IwZisB2nzSNBWVBi7xddaWvuU_V3eAYy6AL_RpKu9rQT8ov9uBKnCTiIFrG2b5ibRidA3BKOFSAynNP-20ubLhXKtIlTDdVNd8_WJ&amp;__tn__=*NK-R\">#ConstruyendoFuturo<\/a>. Ahora s\u00ed, Nebaj avanza con obras \u00fatiles para las familias de <a href=\"https:\/\/www.facebook.com\/hashtag\/nebaj?__eep__=6&amp;__cft__[0]=AZWsLTA-znoDGp9RUowKt48YjMS8CyR-hzKG2oEzz8nAMFp9sREYdQXse1TSFbey2k_aAKxA5RMAis62vBT27YOk9ZiC51Xft8un4P0Sr9eHgmlXkG2IwZisB2nzSNBWVBi7xddaWvuU_V3eAYy6AL_RpKu9rQT8ov9uBKnCTiIFrG2b5ibRidA3BKOFSAynNP-20ubLhXKtIlTDdVNd8_WJ&amp;__tn__=*NK-R\">#Nebaj<\/a>.<\/h3>\n\n\n\n<h3 class=\"wp-block-heading\">\u00a1Seguimos cumpliendo!<\/h3>\n\n\n\n<iframe src=\"https:\/\/www.facebook.com\/plugins\/post.php?href=https%3A%2F%2Fwww.facebook.com%2Fpermalink.php%3Fstory_fbid%3Dpfbid0A2T7TVhkT15UreX67onCqHDcD9drHZhaKfmToUo4EiE2AxWLxobT8B1b1AfMKq5Hl%26id%3D100064424092491&#038;show_text=true&#038;width=1100\" width=\"1100\" height=\"984\" style=\"border:none;overflow:hidden\" scrolling=\"no\" frameborder=\"0\" allowfullscreen=\"true\" allow=\"autoplay; clipboard-write; encrypted-media; picture-in-picture; web-share\"><\/iframe>\n\n\n\n<p><\/p>\n\t\t\t\t\t\t\t\t<\/div>\n\t\t\t\t<\/div>\n\t\t\t\t\t<\/div>\n\t\t\t\t<\/div>\n\t\t\t\t<\/div>\n\t\t","protected":false},"excerpt":{"rendered":"<p>Treinta a\u00f1os de promesas. Un a\u00f1o y tres meses de acci\u00f3n. Hoy el Puente Las Violetas es una realidad para las familias de Nebaj. Donde otros solo ofrecieron palabras, nosotros&hellip;<\/p>\n","protected":false},"author":4,"featured_media":42874,"comment_status":"closed","ping_status":"open","sticky":false,"template":"","format":"standard","meta":{"_eb_attr":"","_monsterinsights_skip_tracking":false,"_monsterinsights_sitenote_active":false,"_monsterinsights_sitenote_note":"","_monsterinsights_sitenote_category":0,"footnotes":""},"categories":[1],"tags":[],"class_list":["post-42873","post","type-post","status-publish","format-standard","has-post-thumbnail","hentry","category-uncategorized"],"featured_image_urls":{"full":["https:\/\/municipalidaddenebaj.com\/wp-content\/uploads\/2025\/04\/493332325_1086141053543354_3383110772340421518_n.jpg",2048,1245,false],"thumbnail":["https:\/\/municipalidaddenebaj.com\/wp-content\/uploads\/2025\/04\/493332325_1086141053543354_3383110772340421518_n-400x400.jpg",400,400,true],"medium":["https:\/\/municipalidaddenebaj.com\/wp-content\/uploads\/2025\/04\/493332325_1086141053543354_3383110772340421518_n-594x361.jpg",594,361,true],"medium_large":["https:\/\/municipalidaddenebaj.com\/wp-content\/uploads\/2025\/04\/493332325_1086141053543354_3383110772340421518_n-768x467.jpg",768,467,true],"large":["https:\/\/municipalidaddenebaj.com\/wp-content\/uploads\/2025\/04\/493332325_1086141053543354_3383110772340421518_n-510x310.jpg",510,310,true],"ezd_searrch_thumb16x16":["https:\/\/municipalidaddenebaj.com\/wp-content\/uploads\/2025\/04\/493332325_1086141053543354_3383110772340421518_n.jpg",16,10,false],"ezd_searrch_thumb50x50":["https:\/\/municipalidaddenebaj.com\/wp-content\/uploads\/2025\/04\/493332325_1086141053543354_3383110772340421518_n.jpg",50,30,false],"1536x1536":["https:\/\/municipalidaddenebaj.com\/wp-content\/uploads\/2025\/04\/493332325_1086141053543354_3383110772340421518_n-1536x934.jpg",1536,934,true],"2048x2048":["https:\/\/municipalidaddenebaj.com\/wp-content\/uploads\/2025\/04\/493332325_1086141053543354_3383110772340421518_n.jpg",2048,1245,false],"woocommerce_thumbnail":["https:\/\/municipalidaddenebaj.com\/wp-content\/uploads\/2025\/04\/493332325_1086141053543354_3383110772340421518_n-300x300.jpg",300,300,true],"woocommerce_single":["https:\/\/municipalidaddenebaj.com\/wp-content\/uploads\/2025\/04\/493332325_1086141053543354_3383110772340421518_n-600x365.jpg",600,365,true],"woocommerce_gallery_thumbnail":["https:\/\/municipalidaddenebaj.com\/wp-content\/uploads\/2025\/04\/493332325_1086141053543354_3383110772340421518_n-100x100.jpg",100,100,true]},"author_info":{"display_name":"Editor","author_link":"https:\/\/municipalidaddenebaj.com\/?author=4"},"category_info":"<a href=\"https:\/\/municipalidaddenebaj.com\/?cat=1\" rel=\"category\">Uncategorized<\/a>","tag_info":"Uncategorized","comment_count":"0","_links":{"self":[{"href":"https:\/\/municipalidaddenebaj.com\/index.php?rest_route=\/wp\/v2\/posts\/42873","targetHints":{"allow":["GET"]}}],"collection":[{"href":"https:\/\/municipalidaddenebaj.com\/index.php?rest_route=\/wp\/v2\/posts"}],"about":[{"href":"https:\/\/municipalidaddenebaj.com\/index.php?rest_route=\/wp\/v2\/types\/post"}],"author":[{"embeddable":true,"href":"https:\/\/municipalidaddenebaj.com\/index.php?rest_route=\/wp\/v2\/users\/4"}],"replies":[{"embeddable":true,"href":"https:\/\/municipalidaddenebaj.com\/index.php?rest_route=%2Fwp%2Fv2%2Fcomments&post=42873"}],"version-history":[{"count":0,"href":"https:\/\/municipalidaddenebaj.com\/index.php?rest_route=\/wp\/v2\/posts\/42873\/revisions"}],"wp:featuredmedia":[{"embeddable":true,"href":"https:\/\/municipalidaddenebaj.com\/index.php?rest_route=\/wp\/v2\/media\/42874"}],"wp:attachment":[{"href":"https:\/\/municipalidaddenebaj.com\/index.php?rest_route=%2Fwp%2Fv2%2Fmedia&parent=42873"}],"wp:term":[{"taxonomy":"category","embeddable":true,"href":"https:\/\/municipalidaddenebaj.com\/index.php?rest_route=%2Fwp%2Fv2%2Fcategories&post=42873"},{"taxonomy":"post_tag","embeddable":true,"href":"https:\/\/municipalidaddenebaj.com\/index.php?rest_route=%2Fwp%2Fv2%2Ftags&post=42873"}],"curies":[{"name":"wp","href":"https:\/\/api.w.org\/{rel}","templated":true}]}}