{"id":43324,"date":"2025-05-02T20:12:41","date_gmt":"2025-05-02T20:12:41","guid":{"rendered":"https:\/\/municipalidaddenebaj.com\/?p=43324"},"modified":"2025-05-08T21:53:19","modified_gmt":"2025-05-08T21:53:19","slug":"43324","status":"publish","type":"post","link":"https:\/\/municipalidaddenebaj.com\/?p=43324","title":{"rendered":"INAUGURACI\u00d3N DE TRAMOS DE PAVIMENTACI\u00d3N  EN DISTINTOS CANT\u00d3NES."},"content":{"rendered":"\t\t<div data-elementor-type=\"wp-post\" data-elementor-id=\"43324\" class=\"elementor elementor-43324\" data-elementor-settings=\"{&quot;ha_cmc_init_switcher&quot;:&quot;no&quot;}\">\n\t\t\t\t<div class=\"elementor-element elementor-element-4ff293fd e-flex e-con-boxed e-con e-parent\" data-id=\"4ff293fd\" data-element_type=\"container\" data-e-type=\"container\" data-settings=\"{&quot;_ha_eqh_enable&quot;:false}\">\n\t\t\t\t\t<div class=\"e-con-inner\">\n\t\t\t\t<div class=\"elementor-element elementor-element-64b92b8a elementor-widget elementor-widget-text-editor\" data-id=\"64b92b8a\" data-element_type=\"widget\" data-e-type=\"widget\" data-widget_type=\"text-editor.default\">\n\t\t\t\t<div class=\"elementor-widget-container\">\n\t\t\t\t\t\t\t\t\t\n<h3 class=\"wp-block-heading\">\u00a1Este s\u00e1bado celebramos con obras y alegr\u00eda en Nebaj!<\/h3>\n\n\n\n<h3 class=\"wp-block-heading\"><a><\/a>Durante la ma\u00f1ana, estaremos inaugurando varios tramos de pavimento en distintos cantones de nuestro municipio, obras que mejoran el acceso, la movilidad y la vida de nuestras familias.<\/h3>\n\n\n\n<h3 class=\"wp-block-heading\">Y para cerrar con broche de oro, nos reuniremos en Salquilito desde las 3pm, donde compartiremos una tarde especial al aire libre con el concierto de la Marimba Orquesta \u201cZona Cero\u201d. \u00a1Una fiesta para que disfrutemos juntos! <a href=\"https:\/\/www.facebook.com\/hashtag\/construyendofuturo?__eep__=6&amp;__cft__[0]=AZUBvVzoo69RCGBGw44NxhL9x7H5lGhZKVZFJX9bn8GJdJTHPfZluX-7EC1wtRaovSyna62PwKVyX71uSvLbXDPqP0rVfBH5XSivyyMzl-kP5k2u7N8e_w34xaViRfGKiikMK13UII17R9L2rtpvRuLA4DEX-CEVTHWTAvaZbLSBvqInsRSRl1uuViZF6LAJbAR9h_HIhLvFTQXGDbpPQGSm&amp;__tn__=*NK-R\">#ConstruyendoFuturo<\/a><\/h3>\n\n\n\n<iframe src=\"https:\/\/www.facebook.com\/plugins\/post.php?href=https%3A%2F%2Fwww.facebook.com%2Fpermalink.php%3Fstory_fbid%3Dpfbid0316uQanQyF1MFps4mTznnTjy3Vb4jpc736s3EBKgFCeoToETdx3EMkiiTcvhipakwl%26id%3D100064424092491&#038;show_text=true&#038;width=1100\" width=\"1100\" height=\"737\" style=\"border:none;overflow:hidden\" scrolling=\"no\" frameborder=\"0\" allowfullscreen=\"true\" allow=\"autoplay; clipboard-write; encrypted-media; picture-in-picture; web-share\"><\/iframe>\n\n\n\n<p><\/p>\n\t\t\t\t\t\t\t\t<\/div>\n\t\t\t\t<\/div>\n\t\t\t\t\t<\/div>\n\t\t\t\t<\/div>\n\t\t\t\t<\/div>\n\t\t","protected":false},"excerpt":{"rendered":"<p>\u00a1Este s\u00e1bado celebramos con obras y alegr\u00eda en Nebaj! Durante la ma\u00f1ana, estaremos inaugurando varios&#8230;<\/p>\n","protected":false},"author":4,"featured_media":43325,"comment_status":"closed","ping_status":"open","sticky":false,"template":"","format":"standard","meta":{"_eb_attr":"","_monsterinsights_skip_tracking":false,"_monsterinsights_sitenote_active":false,"_monsterinsights_sitenote_note":"","_monsterinsights_sitenote_category":0,"footnotes":""},"categories":[1],"tags":[],"class_list":["post-43324","post","type-post","status-publish","format-standard","has-post-thumbnail","hentry","category-uncategorized"],"featured_image_urls":{"full":["https:\/\/municipalidaddenebaj.com\/wp-content\/uploads\/2025\/05\/494644610_1089949949829131_406664859719374321_n.jpg",1638,2048,false],"thumbnail":["https:\/\/municipalidaddenebaj.com\/wp-content\/uploads\/2025\/05\/494644610_1089949949829131_406664859719374321_n-400x400.jpg",400,400,true],"medium":["https:\/\/municipalidaddenebaj.com\/wp-content\/uploads\/2025\/05\/494644610_1089949949829131_406664859719374321_n-475x594.jpg",475,594,true],"medium_large":["https:\/\/municipalidaddenebaj.com\/wp-content\/uploads\/2025\/05\/494644610_1089949949829131_406664859719374321_n-768x960.jpg",640,800,true],"large":["https:\/\/municipalidaddenebaj.com\/wp-content\/uploads\/2025\/05\/494644610_1089949949829131_406664859719374321_n-408x510.jpg",408,510,true],"ezd_searrch_thumb16x16":["https:\/\/municipalidaddenebaj.com\/wp-content\/uploads\/2025\/05\/494644610_1089949949829131_406664859719374321_n.jpg",13,16,false],"ezd_searrch_thumb50x50":["https:\/\/municipalidaddenebaj.com\/wp-content\/uploads\/2025\/05\/494644610_1089949949829131_406664859719374321_n.jpg",40,50,false],"1536x1536":["https:\/\/municipalidaddenebaj.com\/wp-content\/uploads\/2025\/05\/494644610_1089949949829131_406664859719374321_n-1229x1536.jpg",1229,1536,true],"2048x2048":["https:\/\/municipalidaddenebaj.com\/wp-content\/uploads\/2025\/05\/494644610_1089949949829131_406664859719374321_n.jpg",1638,2048,false],"covernews-featured":["https:\/\/municipalidaddenebaj.com\/wp-content\/uploads\/2025\/05\/494644610_1089949949829131_406664859719374321_n-1024x1280.jpg",1024,1280,true],"covernews-medium":["https:\/\/municipalidaddenebaj.com\/wp-content\/uploads\/2025\/05\/494644610_1089949949829131_406664859719374321_n-540x340.jpg",540,340,true],"woocommerce_thumbnail":["https:\/\/municipalidaddenebaj.com\/wp-content\/uploads\/2025\/05\/494644610_1089949949829131_406664859719374321_n-300x300.jpg",300,300,true],"woocommerce_single":["https:\/\/municipalidaddenebaj.com\/wp-content\/uploads\/2025\/05\/494644610_1089949949829131_406664859719374321_n-600x750.jpg",600,750,true],"woocommerce_gallery_thumbnail":["https:\/\/municipalidaddenebaj.com\/wp-content\/uploads\/2025\/05\/494644610_1089949949829131_406664859719374321_n-100x100.jpg",100,100,true]},"author_info":{"display_name":"Editor","author_link":"https:\/\/municipalidaddenebaj.com\/?author=4"},"category_info":"<a href=\"https:\/\/municipalidaddenebaj.com\/?cat=1\" rel=\"category\">Uncategorized<\/a>","tag_info":"Uncategorized","comment_count":"0","_links":{"self":[{"href":"https:\/\/municipalidaddenebaj.com\/index.php?rest_route=\/wp\/v2\/posts\/43324","targetHints":{"allow":["GET"]}}],"collection":[{"href":"https:\/\/municipalidaddenebaj.com\/index.php?rest_route=\/wp\/v2\/posts"}],"about":[{"href":"https:\/\/municipalidaddenebaj.com\/index.php?rest_route=\/wp\/v2\/types\/post"}],"author":[{"embeddable":true,"href":"https:\/\/municipalidaddenebaj.com\/index.php?rest_route=\/wp\/v2\/users\/4"}],"replies":[{"embeddable":true,"href":"https:\/\/municipalidaddenebaj.com\/index.php?rest_route=%2Fwp%2Fv2%2Fcomments&post=43324"}],"version-history":[{"count":0,"href":"https:\/\/municipalidaddenebaj.com\/index.php?rest_route=\/wp\/v2\/posts\/43324\/revisions"}],"wp:featuredmedia":[{"embeddable":true,"href":"https:\/\/municipalidaddenebaj.com\/index.php?rest_route=\/wp\/v2\/media\/43325"}],"wp:attachment":[{"href":"https:\/\/municipalidaddenebaj.com\/index.php?rest_route=%2Fwp%2Fv2%2Fmedia&parent=43324"}],"wp:term":[{"taxonomy":"category","embeddable":true,"href":"https:\/\/municipalidaddenebaj.com\/index.php?rest_route=%2Fwp%2Fv2%2Fcategories&post=43324"},{"taxonomy":"post_tag","embeddable":true,"href":"https:\/\/municipalidaddenebaj.com\/index.php?rest_route=%2Fwp%2Fv2%2Ftags&post=43324"}],"curies":[{"name":"wp","href":"https:\/\/api.w.org\/{rel}","templated":true}]}}