{"id":43372,"date":"2025-05-05T14:19:20","date_gmt":"2025-05-05T14:19:20","guid":{"rendered":"https:\/\/municipalidaddenebaj.com\/?p=43372"},"modified":"2025-05-08T21:51:09","modified_gmt":"2025-05-08T21:51:09","slug":"inaguracion-de-calles","status":"publish","type":"post","link":"https:\/\/municipalidaddenebaj.com\/?p=43372","title":{"rendered":"INAUGURACI\u00d3N DE CALLES"},"content":{"rendered":"\t\t<div data-elementor-type=\"wp-post\" data-elementor-id=\"43372\" class=\"elementor elementor-43372\" data-elementor-settings=\"{&quot;ha_cmc_init_switcher&quot;:&quot;no&quot;}\">\n\t\t\t\t<div class=\"elementor-element elementor-element-3f26954b e-flex e-con-boxed e-con e-parent\" data-id=\"3f26954b\" data-element_type=\"container\" data-e-type=\"container\" data-settings=\"{&quot;_ha_eqh_enable&quot;:false}\">\n\t\t\t\t\t<div class=\"e-con-inner\">\n\t\t\t\t<div class=\"elementor-element elementor-element-41b345e6 elementor-widget elementor-widget-text-editor\" data-id=\"41b345e6\" data-element_type=\"widget\" data-e-type=\"widget\" data-widget_type=\"text-editor.default\">\n\t\t\t\t<div class=\"elementor-widget-container\">\n\t\t\t\t\t\t\t\t\t\n<h3 class=\"wp-block-heading\">Hoy recorrimos caminos que ya no son de tierra, sino de dignidad.<\/h3>\n\n\n\n<h3 class=\"wp-block-heading\"><strong>Como Alcalde, no hay mayor satisfacci\u00f3n que mirar a los ojos de nuestra gente y saber que el esfuerzo vali\u00f3 la pena. Hoy inauguramos tres tramos pavimentados en Xolacul, Xepucxuc y Salquilito, comunidades que por a\u00f1os esperaron una oportunidad para avanzar.<\/strong><\/h3>\n\n\n\n<h3 class=\"wp-block-heading\"><strong>Fueron meses de gestiones, reuniones con nuestros COCODES, visitas t\u00e9cnicas y seguimiento constante y decisiones complejas. No fue f\u00e1cil, pero lo logramos porque aqu\u00ed hay un Gobierno Municipal que trabaja de frente y sin descanso.<\/strong><\/h3>\n\n\n\n<h3 class=\"wp-block-heading\"><strong>En cada cant\u00f3n, las palabras de agradecimiento de nuestra gente nos llenaron el alma. Pero m\u00e1s a\u00fan, su compromiso de cuidar estas obras que estamos entregando a las familias, sin tanto cuento. Seguimos <a href=\"https:\/\/www.facebook.com\/hashtag\/construyendofuturo?__eep__=6&amp;__cft__[0]=AZUpkfpbP5a7bsVzJt90ueGq06al0OECLwqyi-8tE_AMAXT59q0idEKufZN8kf7ZInHXJpilpDwDmJ4SkHTbNDBwkE0ck7kAZzHMlhoxj51VrD4AiIDbELYTooJfHyJZOEQOxWmGS5Fjl7SZBFToINd6J9q_HyYqMLN6eDiGxVJmQdPbR79rMifFgJrm1N1FPYbL5xZu2cm55xqTdjcOX0e8&amp;__tn__=*NK-R\">#ConstruyendoFuturo<\/a><\/strong><\/h3>\n\n\n\n<iframe src=\"https:\/\/www.facebook.com\/plugins\/post.php?href=https%3A%2F%2Fwww.facebook.com%2Fpermalink.php%3Fstory_fbid%3Dpfbid037Mp1PBxTa1igVbZkFqu4EbR6SMBAnWawqAMCt6T15maMC9wtinJU91K59ArWK65ql%26id%3D100064424092491&#038;show_text=true&#038;width=1100\" width=\"1100\" height=\"1010\" style=\"border:none;overflow:hidden\" scrolling=\"no\" frameborder=\"0\" allowfullscreen=\"true\" allow=\"autoplay; clipboard-write; encrypted-media; picture-in-picture; web-share\"><\/iframe>\n\n\n\n<p><\/p>\n\t\t\t\t\t\t\t\t<\/div>\n\t\t\t\t<\/div>\n\t\t\t\t\t<\/div>\n\t\t\t\t<\/div>\n\t\t\t\t<\/div>\n\t\t","protected":false},"excerpt":{"rendered":"<p>Hoy recorrimos caminos que ya no son de tierra, sino de dignidad. Como Alcalde, no&#8230;<\/p>\n","protected":false},"author":4,"featured_media":43373,"comment_status":"closed","ping_status":"open","sticky":false,"template":"","format":"standard","meta":{"_eb_attr":"","_monsterinsights_skip_tracking":false,"_monsterinsights_sitenote_active":false,"_monsterinsights_sitenote_note":"","_monsterinsights_sitenote_category":0,"footnotes":""},"categories":[1],"tags":[],"class_list":["post-43372","post","type-post","status-publish","format-standard","has-post-thumbnail","hentry","category-uncategorized"],"featured_image_urls":{"full":["https:\/\/municipalidaddenebaj.com\/wp-content\/uploads\/2025\/05\/495368291_1090990513058408_6560676553618372929_n.jpg",1920,1280,false],"thumbnail":["https:\/\/municipalidaddenebaj.com\/wp-content\/uploads\/2025\/05\/495368291_1090990513058408_6560676553618372929_n-400x400.jpg",400,400,true],"medium":["https:\/\/municipalidaddenebaj.com\/wp-content\/uploads\/2025\/05\/495368291_1090990513058408_6560676553618372929_n-594x396.jpg",594,396,true],"medium_large":["https:\/\/municipalidaddenebaj.com\/wp-content\/uploads\/2025\/05\/495368291_1090990513058408_6560676553618372929_n-768x512.jpg",640,427,true],"large":["https:\/\/municipalidaddenebaj.com\/wp-content\/uploads\/2025\/05\/495368291_1090990513058408_6560676553618372929_n-510x340.jpg",510,340,true],"ezd_searrch_thumb16x16":["https:\/\/municipalidaddenebaj.com\/wp-content\/uploads\/2025\/05\/495368291_1090990513058408_6560676553618372929_n.jpg",16,11,false],"ezd_searrch_thumb50x50":["https:\/\/municipalidaddenebaj.com\/wp-content\/uploads\/2025\/05\/495368291_1090990513058408_6560676553618372929_n.jpg",50,33,false],"1536x1536":["https:\/\/municipalidaddenebaj.com\/wp-content\/uploads\/2025\/05\/495368291_1090990513058408_6560676553618372929_n-1536x1024.jpg",1536,1024,true],"2048x2048":["https:\/\/municipalidaddenebaj.com\/wp-content\/uploads\/2025\/05\/495368291_1090990513058408_6560676553618372929_n.jpg",1920,1280,false],"covernews-featured":["https:\/\/municipalidaddenebaj.com\/wp-content\/uploads\/2025\/05\/495368291_1090990513058408_6560676553618372929_n-1024x683.jpg",1024,683,true],"covernews-medium":["https:\/\/municipalidaddenebaj.com\/wp-content\/uploads\/2025\/05\/495368291_1090990513058408_6560676553618372929_n-540x340.jpg",540,340,true],"woocommerce_thumbnail":["https:\/\/municipalidaddenebaj.com\/wp-content\/uploads\/2025\/05\/495368291_1090990513058408_6560676553618372929_n-300x300.jpg",300,300,true],"woocommerce_single":["https:\/\/municipalidaddenebaj.com\/wp-content\/uploads\/2025\/05\/495368291_1090990513058408_6560676553618372929_n-600x400.jpg",600,400,true],"woocommerce_gallery_thumbnail":["https:\/\/municipalidaddenebaj.com\/wp-content\/uploads\/2025\/05\/495368291_1090990513058408_6560676553618372929_n-100x100.jpg",100,100,true]},"author_info":{"display_name":"Editor","author_link":"https:\/\/municipalidaddenebaj.com\/?author=4"},"category_info":"<a href=\"https:\/\/municipalidaddenebaj.com\/?cat=1\" rel=\"category\">Uncategorized<\/a>","tag_info":"Uncategorized","comment_count":"0","_links":{"self":[{"href":"https:\/\/municipalidaddenebaj.com\/index.php?rest_route=\/wp\/v2\/posts\/43372","targetHints":{"allow":["GET"]}}],"collection":[{"href":"https:\/\/municipalidaddenebaj.com\/index.php?rest_route=\/wp\/v2\/posts"}],"about":[{"href":"https:\/\/municipalidaddenebaj.com\/index.php?rest_route=\/wp\/v2\/types\/post"}],"author":[{"embeddable":true,"href":"https:\/\/municipalidaddenebaj.com\/index.php?rest_route=\/wp\/v2\/users\/4"}],"replies":[{"embeddable":true,"href":"https:\/\/municipalidaddenebaj.com\/index.php?rest_route=%2Fwp%2Fv2%2Fcomments&post=43372"}],"version-history":[{"count":0,"href":"https:\/\/municipalidaddenebaj.com\/index.php?rest_route=\/wp\/v2\/posts\/43372\/revisions"}],"wp:featuredmedia":[{"embeddable":true,"href":"https:\/\/municipalidaddenebaj.com\/index.php?rest_route=\/wp\/v2\/media\/43373"}],"wp:attachment":[{"href":"https:\/\/municipalidaddenebaj.com\/index.php?rest_route=%2Fwp%2Fv2%2Fmedia&parent=43372"}],"wp:term":[{"taxonomy":"category","embeddable":true,"href":"https:\/\/municipalidaddenebaj.com\/index.php?rest_route=%2Fwp%2Fv2%2Fcategories&post=43372"},{"taxonomy":"post_tag","embeddable":true,"href":"https:\/\/municipalidaddenebaj.com\/index.php?rest_route=%2Fwp%2Fv2%2Ftags&post=43372"}],"curies":[{"name":"wp","href":"https:\/\/api.w.org\/{rel}","templated":true}]}}