{"id":44822,"date":"2025-05-13T16:24:08","date_gmt":"2025-05-13T16:24:08","guid":{"rendered":"https:\/\/municipalidaddenebaj.com\/?p=44822"},"modified":"2025-05-13T18:00:20","modified_gmt":"2025-05-13T18:00:20","slug":"feliz-dia-de-la-madre","status":"publish","type":"post","link":"https:\/\/municipalidaddenebaj.com\/?p=44822","title":{"rendered":"\u00a1Feliz d\u00eda de la Madre!"},"content":{"rendered":"\t\t<div data-elementor-type=\"wp-post\" data-elementor-id=\"44822\" class=\"elementor elementor-44822\" data-elementor-settings=\"{&quot;ha_cmc_init_switcher&quot;:&quot;no&quot;}\">\n\t\t\t\t<div class=\"elementor-element elementor-element-3aebd310 e-flex e-con-boxed e-con e-parent\" data-id=\"3aebd310\" data-element_type=\"container\" data-e-type=\"container\" data-settings=\"{&quot;_ha_eqh_enable&quot;:false}\">\n\t\t\t\t\t<div class=\"e-con-inner\">\n\t\t\t\t<div class=\"elementor-element elementor-element-49ff8aca elementor-widget elementor-widget-text-editor\" data-id=\"49ff8aca\" data-element_type=\"widget\" data-e-type=\"widget\" data-widget_type=\"text-editor.default\">\n\t\t\t\t<div class=\"elementor-widget-container\">\n\t\t\t\t\t\t\t\t\t\n<p>Aqu\u00ed, donde por m\u00e1s de 30 a\u00f1os no llegaban ni las celebraciones ni la esperanza, en la comunidad de Nueva Am\u00e9rica del V\u00e9rtice Norte de Nebaj, se reunieron por lo menos 7 comunidades para celebrar juntos un d\u00eda muy especial.<\/p>\n\n<p>Hoy las risas, los abrazos, el baile, los concursos y los cantos de las madres llenan el aire. Hoy honramos a quienes han sostenido la vida en medio del olvido. Porque construir futuro tambi\u00e9n es esto: devolver dignidad, sanar memorias y celebrar desde donde nunca se celebr\u00f3.<\/p>\n\n<p>\u00a1Feliz d\u00eda de la Madre!<\/p>\n\n<p><iframe style=\"border: none; overflow: hidden;\" src=\"https:\/\/www.facebook.com\/plugins\/post.php?href=https%3A%2F%2Fwww.facebook.com%2Fpermalink.php%3Fstory_fbid%3Dpfbid0ZDP7Q44J7TdKL5gXr2hn4aMVKxcdTfXv1kNyhzahbhJ6jc92pMF4T8NnPhgkhnZSl%26id%3D100064424092491&amp;show_text=true&amp;width=1100\" width=\"1100\" height=\"1015\" frameborder=\"0\" scrolling=\"no\" allowfullscreen=\"allowfullscreen\"><\/iframe><\/p>\n\n<p>\u00a0<\/p>\n\t\t\t\t\t\t\t\t<\/div>\n\t\t\t\t<\/div>\n\t\t\t\t\t<\/div>\n\t\t\t\t<\/div>\n\t\t\t\t<\/div>\n\t\t","protected":false},"excerpt":{"rendered":"<p>Aqu\u00ed, donde por m\u00e1s de 30 a\u00f1os no llegaban ni las celebraciones ni la esperanza,&#8230;<\/p>\n","protected":false},"author":4,"featured_media":44824,"comment_status":"closed","ping_status":"open","sticky":false,"template":"","format":"standard","meta":{"_eb_attr":"","_monsterinsights_skip_tracking":false,"_monsterinsights_sitenote_active":false,"_monsterinsights_sitenote_note":"","_monsterinsights_sitenote_category":0,"footnotes":""},"categories":[1],"tags":[],"class_list":["post-44822","post","type-post","status-publish","format-standard","has-post-thumbnail","hentry","category-uncategorized"],"featured_image_urls":{"full":["https:\/\/municipalidaddenebaj.com\/wp-content\/uploads\/2025\/05\/495372323_1095487075942085_4441348644503931914_n.jpg",1620,1080,false],"thumbnail":["https:\/\/municipalidaddenebaj.com\/wp-content\/uploads\/2025\/05\/495372323_1095487075942085_4441348644503931914_n-400x400.jpg",400,400,true],"medium":["https:\/\/municipalidaddenebaj.com\/wp-content\/uploads\/2025\/05\/495372323_1095487075942085_4441348644503931914_n-594x396.jpg",594,396,true],"medium_large":["https:\/\/municipalidaddenebaj.com\/wp-content\/uploads\/2025\/05\/495372323_1095487075942085_4441348644503931914_n-768x512.jpg",640,427,true],"large":["https:\/\/municipalidaddenebaj.com\/wp-content\/uploads\/2025\/05\/495372323_1095487075942085_4441348644503931914_n-510x340.jpg",510,340,true],"ezd_searrch_thumb16x16":["https:\/\/municipalidaddenebaj.com\/wp-content\/uploads\/2025\/05\/495372323_1095487075942085_4441348644503931914_n.jpg",16,11,false],"ezd_searrch_thumb50x50":["https:\/\/municipalidaddenebaj.com\/wp-content\/uploads\/2025\/05\/495372323_1095487075942085_4441348644503931914_n.jpg",50,33,false],"1536x1536":["https:\/\/municipalidaddenebaj.com\/wp-content\/uploads\/2025\/05\/495372323_1095487075942085_4441348644503931914_n-1536x1024.jpg",1536,1024,true],"2048x2048":["https:\/\/municipalidaddenebaj.com\/wp-content\/uploads\/2025\/05\/495372323_1095487075942085_4441348644503931914_n.jpg",1620,1080,false],"covernews-featured":["https:\/\/municipalidaddenebaj.com\/wp-content\/uploads\/2025\/05\/495372323_1095487075942085_4441348644503931914_n-1024x683.jpg",1024,683,true],"covernews-medium":["https:\/\/municipalidaddenebaj.com\/wp-content\/uploads\/2025\/05\/495372323_1095487075942085_4441348644503931914_n-540x340.jpg",540,340,true],"woocommerce_thumbnail":["https:\/\/municipalidaddenebaj.com\/wp-content\/uploads\/2025\/05\/495372323_1095487075942085_4441348644503931914_n-300x300.jpg",300,300,true],"woocommerce_single":["https:\/\/municipalidaddenebaj.com\/wp-content\/uploads\/2025\/05\/495372323_1095487075942085_4441348644503931914_n-600x400.jpg",600,400,true],"woocommerce_gallery_thumbnail":["https:\/\/municipalidaddenebaj.com\/wp-content\/uploads\/2025\/05\/495372323_1095487075942085_4441348644503931914_n-100x100.jpg",100,100,true]},"author_info":{"display_name":"Editor","author_link":"https:\/\/municipalidaddenebaj.com\/?author=4"},"category_info":"<a href=\"https:\/\/municipalidaddenebaj.com\/?cat=1\" rel=\"category\">Uncategorized<\/a>","tag_info":"Uncategorized","comment_count":"0","_links":{"self":[{"href":"https:\/\/municipalidaddenebaj.com\/index.php?rest_route=\/wp\/v2\/posts\/44822","targetHints":{"allow":["GET"]}}],"collection":[{"href":"https:\/\/municipalidaddenebaj.com\/index.php?rest_route=\/wp\/v2\/posts"}],"about":[{"href":"https:\/\/municipalidaddenebaj.com\/index.php?rest_route=\/wp\/v2\/types\/post"}],"author":[{"embeddable":true,"href":"https:\/\/municipalidaddenebaj.com\/index.php?rest_route=\/wp\/v2\/users\/4"}],"replies":[{"embeddable":true,"href":"https:\/\/municipalidaddenebaj.com\/index.php?rest_route=%2Fwp%2Fv2%2Fcomments&post=44822"}],"version-history":[{"count":0,"href":"https:\/\/municipalidaddenebaj.com\/index.php?rest_route=\/wp\/v2\/posts\/44822\/revisions"}],"wp:featuredmedia":[{"embeddable":true,"href":"https:\/\/municipalidaddenebaj.com\/index.php?rest_route=\/wp\/v2\/media\/44824"}],"wp:attachment":[{"href":"https:\/\/municipalidaddenebaj.com\/index.php?rest_route=%2Fwp%2Fv2%2Fmedia&parent=44822"}],"wp:term":[{"taxonomy":"category","embeddable":true,"href":"https:\/\/municipalidaddenebaj.com\/index.php?rest_route=%2Fwp%2Fv2%2Fcategories&post=44822"},{"taxonomy":"post_tag","embeddable":true,"href":"https:\/\/municipalidaddenebaj.com\/index.php?rest_route=%2Fwp%2Fv2%2Ftags&post=44822"}],"curies":[{"name":"wp","href":"https:\/\/api.w.org\/{rel}","templated":true}]}}