{"id":45362,"date":"2025-05-19T22:09:33","date_gmt":"2025-05-19T22:09:33","guid":{"rendered":"https:\/\/municipalidaddenebaj.com\/?p=45362"},"modified":"2025-05-22T14:08:05","modified_gmt":"2025-05-22T14:08:05","slug":"45362","status":"publish","type":"post","link":"https:\/\/municipalidaddenebaj.com\/?p=45362","title":{"rendered":"PROGRAMA DEL ADULTO MAYOR"},"content":{"rendered":"\t\t<div data-elementor-type=\"wp-post\" data-elementor-id=\"45362\" class=\"elementor elementor-45362\" data-elementor-settings=\"{&quot;ha_cmc_init_switcher&quot;:&quot;no&quot;}\">\n\t\t\t\t<div class=\"elementor-element elementor-element-3c3d041f e-flex e-con-boxed e-con e-parent\" data-id=\"3c3d041f\" data-element_type=\"container\" data-e-type=\"container\" data-settings=\"{&quot;_ha_eqh_enable&quot;:false}\">\n\t\t\t\t\t<div class=\"e-con-inner\">\n\t\t\t\t<div class=\"elementor-element elementor-element-5bc114df elementor-widget elementor-widget-text-editor\" data-id=\"5bc114df\" data-element_type=\"widget\" data-e-type=\"widget\" data-widget_type=\"text-editor.default\">\n\t\t\t\t<div class=\"elementor-widget-container\">\n\t\t\t\t\t\t\t\t\t\n<h3 class=\"wp-block-heading\">Hoy fue un d\u00eda especial en Nebaj. Acompa\u00f1amos con mucho respeto y cari\u00f1o a nuestros adultos mayores, quienes recibieron el aporte econ\u00f3mico del Programa del Adulto <a><\/a>Mayor del Ministerio de Trabajo.<\/h3>\n\n\n\n<h3 class=\"wp-block-heading\">Mujeres y hombres que han entregado su vida al trabajo, a sus familias y a nuestro municipio, hoy reciben un apoyo digno y merecido. Agradezco al Ministerio de Trabajo por agilizar los tr\u00e1mites y hacer posible esta entrega. Este programa representa justicia y reconocimiento para quienes m\u00e1s lo necesitan.<\/h3>\n\n\n\n<h3 class=\"wp-block-heading\">Desde la Municipalidad, seguiremos trabajando con compromiso para que la transformaci\u00f3n de Nebaj tambi\u00e9n se refleje en el respeto y la dignidad de nuestros abuelitos y abuelitas. <a href=\"https:\/\/www.facebook.com\/hashtag\/construyendofuturo?__eep__=6&amp;__cft__[0]=AZXq4j88IvjChABAS6JoZqTwSSGN6wVSEKQfHmQuVoGDOSmVblM9sw4I2H1r_nElKLyln200LOVn21rM7rFHls3tgzkknJ8UXq-opgd9zXr1Y1jN1lRff9TVqjVGLu0Ut697JjaVc_q97r83ELsIzp_PxshHJMldiZsJWkBHTLMt_eeZ1MKtU-xOZNdUOnotqM5c_5i4-ooFonQL0Nh1_Y_b&amp;__tn__=*NK-R\">#ConstruyendoFuturo<\/a><\/h3>\n\n\n\n<iframe src=\"https:\/\/www.facebook.com\/plugins\/post.php?href=https%3A%2F%2Fwww.facebook.com%2Fpermalink.php%3Fstory_fbid%3Dpfbid02TKZFEMxMbvBCXRhirKyyv9n2L96qhHRaoZSeRXXCtaL4txDz3LpkXXkyzx95VGSWl%26id%3D100064424092491&#038;show_text=true&#038;width=1100\" width=\"1100\" height=\"917\" style=\"border:none;overflow:hidden\" scrolling=\"no\" frameborder=\"0\" allowfullscreen=\"true\" allow=\"autoplay; clipboard-write; encrypted-media; picture-in-picture; web-share\"><\/iframe>\n\n\n\n<p><\/p>\n\t\t\t\t\t\t\t\t<\/div>\n\t\t\t\t<\/div>\n\t\t\t\t\t<\/div>\n\t\t\t\t<\/div>\n\t\t\t\t<\/div>\n\t\t","protected":false},"excerpt":{"rendered":"<p>Hoy fue un d\u00eda especial en Nebaj. Acompa\u00f1amos con mucho respeto y cari\u00f1o a nuestros&#8230;<\/p>\n","protected":false},"author":4,"featured_media":45363,"comment_status":"closed","ping_status":"open","sticky":false,"template":"","format":"standard","meta":{"_eb_attr":"","_monsterinsights_skip_tracking":false,"_monsterinsights_sitenote_active":false,"_monsterinsights_sitenote_note":"","_monsterinsights_sitenote_category":0,"footnotes":""},"categories":[1],"tags":[],"class_list":["post-45362","post","type-post","status-publish","format-standard","has-post-thumbnail","hentry","category-uncategorized"],"featured_image_urls":{"full":["https:\/\/municipalidaddenebaj.com\/wp-content\/uploads\/2025\/05\/500070352_1101789981978461_3075370163657296084_n.jpg",1365,2048,false],"thumbnail":["https:\/\/municipalidaddenebaj.com\/wp-content\/uploads\/2025\/05\/500070352_1101789981978461_3075370163657296084_n-400x400.jpg",400,400,true],"medium":["https:\/\/municipalidaddenebaj.com\/wp-content\/uploads\/2025\/05\/500070352_1101789981978461_3075370163657296084_n-396x594.jpg",396,594,true],"medium_large":["https:\/\/municipalidaddenebaj.com\/wp-content\/uploads\/2025\/05\/500070352_1101789981978461_3075370163657296084_n-768x1152.jpg",640,960,true],"large":["https:\/\/municipalidaddenebaj.com\/wp-content\/uploads\/2025\/05\/500070352_1101789981978461_3075370163657296084_n-340x510.jpg",340,510,true],"ezd_searrch_thumb16x16":["https:\/\/municipalidaddenebaj.com\/wp-content\/uploads\/2025\/05\/500070352_1101789981978461_3075370163657296084_n.jpg",11,16,false],"ezd_searrch_thumb50x50":["https:\/\/municipalidaddenebaj.com\/wp-content\/uploads\/2025\/05\/500070352_1101789981978461_3075370163657296084_n.jpg",33,50,false],"1536x1536":["https:\/\/municipalidaddenebaj.com\/wp-content\/uploads\/2025\/05\/500070352_1101789981978461_3075370163657296084_n-1024x1536.jpg",1024,1536,true],"2048x2048":["https:\/\/municipalidaddenebaj.com\/wp-content\/uploads\/2025\/05\/500070352_1101789981978461_3075370163657296084_n.jpg",1365,2048,false],"covernews-featured":["https:\/\/municipalidaddenebaj.com\/wp-content\/uploads\/2025\/05\/500070352_1101789981978461_3075370163657296084_n-1024x1536.jpg",1024,1536,true],"covernews-medium":["https:\/\/municipalidaddenebaj.com\/wp-content\/uploads\/2025\/05\/500070352_1101789981978461_3075370163657296084_n-540x340.jpg",540,340,true],"woocommerce_thumbnail":["https:\/\/municipalidaddenebaj.com\/wp-content\/uploads\/2025\/05\/500070352_1101789981978461_3075370163657296084_n-300x300.jpg",300,300,true],"woocommerce_single":["https:\/\/municipalidaddenebaj.com\/wp-content\/uploads\/2025\/05\/500070352_1101789981978461_3075370163657296084_n-600x900.jpg",600,900,true],"woocommerce_gallery_thumbnail":["https:\/\/municipalidaddenebaj.com\/wp-content\/uploads\/2025\/05\/500070352_1101789981978461_3075370163657296084_n-100x100.jpg",100,100,true]},"author_info":{"display_name":"Editor","author_link":"https:\/\/municipalidaddenebaj.com\/?author=4"},"category_info":"<a href=\"https:\/\/municipalidaddenebaj.com\/?cat=1\" rel=\"category\">Uncategorized<\/a>","tag_info":"Uncategorized","comment_count":"0","_links":{"self":[{"href":"https:\/\/municipalidaddenebaj.com\/index.php?rest_route=\/wp\/v2\/posts\/45362","targetHints":{"allow":["GET"]}}],"collection":[{"href":"https:\/\/municipalidaddenebaj.com\/index.php?rest_route=\/wp\/v2\/posts"}],"about":[{"href":"https:\/\/municipalidaddenebaj.com\/index.php?rest_route=\/wp\/v2\/types\/post"}],"author":[{"embeddable":true,"href":"https:\/\/municipalidaddenebaj.com\/index.php?rest_route=\/wp\/v2\/users\/4"}],"replies":[{"embeddable":true,"href":"https:\/\/municipalidaddenebaj.com\/index.php?rest_route=%2Fwp%2Fv2%2Fcomments&post=45362"}],"version-history":[{"count":0,"href":"https:\/\/municipalidaddenebaj.com\/index.php?rest_route=\/wp\/v2\/posts\/45362\/revisions"}],"wp:featuredmedia":[{"embeddable":true,"href":"https:\/\/municipalidaddenebaj.com\/index.php?rest_route=\/wp\/v2\/media\/45363"}],"wp:attachment":[{"href":"https:\/\/municipalidaddenebaj.com\/index.php?rest_route=%2Fwp%2Fv2%2Fmedia&parent=45362"}],"wp:term":[{"taxonomy":"category","embeddable":true,"href":"https:\/\/municipalidaddenebaj.com\/index.php?rest_route=%2Fwp%2Fv2%2Fcategories&post=45362"},{"taxonomy":"post_tag","embeddable":true,"href":"https:\/\/municipalidaddenebaj.com\/index.php?rest_route=%2Fwp%2Fv2%2Ftags&post=45362"}],"curies":[{"name":"wp","href":"https:\/\/api.w.org\/{rel}","templated":true}]}}