{"id":46190,"date":"2025-05-27T18:12:23","date_gmt":"2025-05-27T18:12:23","guid":{"rendered":"https:\/\/municipalidaddenebaj.com\/?p=46190"},"modified":"2025-05-27T18:16:48","modified_gmt":"2025-05-27T18:16:48","slug":"asesoria-a-tecnicos","status":"publish","type":"post","link":"https:\/\/municipalidaddenebaj.com\/?p=46190","title":{"rendered":"ASESORIA A TECNICOS"},"content":{"rendered":"\t\t<div data-elementor-type=\"wp-post\" data-elementor-id=\"46190\" class=\"elementor elementor-46190\" data-elementor-settings=\"{&quot;ha_cmc_init_switcher&quot;:&quot;no&quot;}\">\n\t\t\t\t<div class=\"elementor-element elementor-element-521cd808 e-flex e-con-boxed e-con e-parent\" data-id=\"521cd808\" data-element_type=\"container\" data-e-type=\"container\" data-settings=\"{&quot;_ha_eqh_enable&quot;:false}\">\n\t\t\t\t\t<div class=\"e-con-inner\">\n\t\t\t\t<div class=\"elementor-element elementor-element-2321a291 elementor-widget elementor-widget-text-editor\" data-id=\"2321a291\" data-element_type=\"widget\" data-e-type=\"widget\" data-widget_type=\"text-editor.default\">\n\t\t\t\t<div class=\"elementor-widget-container\">\n\t\t\t\t\t\t\t\t\t\n<h3 class=\"wp-block-heading\"><strong>Como parte del fortalecimiento de conocimientos, habilidades en tecnolog\u00eda agr\u00edcola y la gesti\u00f3n interinstitucional, Save the Children brinda asesor\u00eda a t\u00e9cnicos de las Escuelas T\u00e9cnicas de Campo para Alimentaci\u00f3n Escolar -ETCAE-, DIGEEX, MAGA, participan los municipios de Nebaj, Cotzal, Chajul, Cun\u00e9n, Uspant\u00e1n, Chicam\u00e1n, Sacapulas, esta actividad representa una oportunidad para conocer el uso de equipos de medicion de nutrientes de suelo y t\u00e9cnicas de muestreo, conocimientos que ser\u00e1n fundamentales para compartir con futuras cohortes de las -ETCAE-<\/strong><\/h3>\n\n<h4 class=\"wp-block-heading\">Instrumentos:<\/h4>\n\n<h4 class=\"wp-block-heading\"><img  title=\"\" decoding=\"async\" src=\"https:\/\/static.xx.fbcdn.net\/images\/emoji.php\/v9\/t33\/1\/16\/2705.png\"  alt=\"2705 ASESORIA A TECNICOS\"  width=\"16\" height=\"16\" \/>Lis\u00edmetro<\/h4>\n\n<h4 class=\"wp-block-heading\"><img  title=\"\" decoding=\"async\" src=\"https:\/\/static.xx.fbcdn.net\/images\/emoji.php\/v9\/t33\/1\/16\/2705.png\"  alt=\"2705 ASESORIA A TECNICOS\"  width=\"16\" height=\"16\" \/>Tester<\/h4>\n\n<h4 class=\"wp-block-heading\"><img  title=\"\" decoding=\"async\" src=\"https:\/\/static.xx.fbcdn.net\/images\/emoji.php\/v9\/t33\/1\/16\/2705.png\"  alt=\"2705 ASESORIA A TECNICOS\"  width=\"16\" height=\"16\" \/>Medidor de pH<\/h4>\n\n<h4 class=\"wp-block-heading\"><img  title=\"\" decoding=\"async\" src=\"https:\/\/static.xx.fbcdn.net\/images\/emoji.php\/v9\/t33\/1\/16\/2705.png\"  alt=\"2705 ASESORIA A TECNICOS\"  width=\"16\" height=\"16\" \/>Medidor de temperatura<\/h4>\n\n<h4 class=\"wp-block-heading\"><img  title=\"\" decoding=\"async\" src=\"https:\/\/static.xx.fbcdn.net\/images\/emoji.php\/v9\/t33\/1\/16\/2705.png\"  alt=\"2705 ASESORIA A TECNICOS\"  width=\"16\" height=\"16\" \/>Medidor de humedad<\/h4>\n\n<h4 class=\"wp-block-heading\">El Gobierno Municipal reitera su compromiso con la producci\u00f3n agr\u00edcola. <a href=\"https:\/\/www.facebook.com\/hashtag\/nebajavanza?__eep__=6&amp;__cft__[0]=AZX7ReylAVWsvZv0uZDJtZA44TbgzpJi9EZDsF3cbaAO9sHOeosK0d6dPVU-gz-_bHF2DincjYapT69PgsQfkKCS-HLcfl0UHchDhhDnUl1-hzjCTdLfuLqAVbeblhmmmoSVoglHtqSIImu9nIFnXV2TLJm0udLNcc2ntFWsg9fZlP9okDjRV8aeAVfg8drUW6zBQ7Paezc-KV3GKxCo5Ddx&amp;__tn__=*NK-R\">#NebajAvanza<\/a><\/h4>\n\n<p><iframe style=\"border: none; overflow: hidden;\" src=\"https:\/\/www.facebook.com\/plugins\/post.php?href=https%3A%2F%2Fwww.facebook.com%2Fpermalink.php%3Fstory_fbid%3Dpfbid02UNPfEqNvwQUhjKhpzDwE2CLGESvfTnZXorVMoUBMPQLMTu1166mQ5CGty4ysoBx1l%26id%3D100064424092491&amp;show_text=true&amp;width=1100\" width=\"1100\" height=\"980\" frameborder=\"0\" scrolling=\"no\" allowfullscreen=\"allowfullscreen\"><\/iframe><\/p>\n\t\t\t\t\t\t\t\t<\/div>\n\t\t\t\t<\/div>\n\t\t\t\t\t<\/div>\n\t\t\t\t<\/div>\n\t\t\t\t<\/div>\n\t\t","protected":false},"excerpt":{"rendered":"<p>Como parte del fortalecimiento de conocimientos, habilidades en tecnolog\u00eda agr\u00edcola y la gesti\u00f3n interinstitucional, Save&#8230;<\/p>\n","protected":false},"author":4,"featured_media":46191,"comment_status":"closed","ping_status":"open","sticky":false,"template":"","format":"standard","meta":{"_eb_attr":"","_monsterinsights_skip_tracking":false,"_monsterinsights_sitenote_active":false,"_monsterinsights_sitenote_note":"","_monsterinsights_sitenote_category":0,"footnotes":""},"categories":[1],"tags":[],"class_list":["post-46190","post","type-post","status-publish","format-standard","has-post-thumbnail","hentry","category-uncategorized"],"featured_image_urls":{"full":["https:\/\/municipalidaddenebaj.com\/wp-content\/uploads\/2025\/05\/500120414_1107575184733274_4701637776474501824_n.jpg",2048,1366,false],"thumbnail":["https:\/\/municipalidaddenebaj.com\/wp-content\/uploads\/2025\/05\/500120414_1107575184733274_4701637776474501824_n-400x400.jpg",400,400,true],"medium":["https:\/\/municipalidaddenebaj.com\/wp-content\/uploads\/2025\/05\/500120414_1107575184733274_4701637776474501824_n-594x396.jpg",594,396,true],"medium_large":["https:\/\/municipalidaddenebaj.com\/wp-content\/uploads\/2025\/05\/500120414_1107575184733274_4701637776474501824_n-768x512.jpg",640,427,true],"large":["https:\/\/municipalidaddenebaj.com\/wp-content\/uploads\/2025\/05\/500120414_1107575184733274_4701637776474501824_n-510x340.jpg",510,340,true],"ezd_searrch_thumb16x16":["https:\/\/municipalidaddenebaj.com\/wp-content\/uploads\/2025\/05\/500120414_1107575184733274_4701637776474501824_n.jpg",16,11,false],"ezd_searrch_thumb50x50":["https:\/\/municipalidaddenebaj.com\/wp-content\/uploads\/2025\/05\/500120414_1107575184733274_4701637776474501824_n.jpg",50,33,false],"1536x1536":["https:\/\/municipalidaddenebaj.com\/wp-content\/uploads\/2025\/05\/500120414_1107575184733274_4701637776474501824_n-1536x1025.jpg",1536,1025,true],"2048x2048":["https:\/\/municipalidaddenebaj.com\/wp-content\/uploads\/2025\/05\/500120414_1107575184733274_4701637776474501824_n.jpg",2048,1366,false],"covernews-featured":["https:\/\/municipalidaddenebaj.com\/wp-content\/uploads\/2025\/05\/500120414_1107575184733274_4701637776474501824_n.jpg",1024,683,false],"covernews-medium":["https:\/\/municipalidaddenebaj.com\/wp-content\/uploads\/2025\/05\/500120414_1107575184733274_4701637776474501824_n.jpg",510,340,false],"woocommerce_thumbnail":["https:\/\/municipalidaddenebaj.com\/wp-content\/uploads\/2025\/05\/500120414_1107575184733274_4701637776474501824_n-300x300.jpg",300,300,true],"woocommerce_single":["https:\/\/municipalidaddenebaj.com\/wp-content\/uploads\/2025\/05\/500120414_1107575184733274_4701637776474501824_n-600x400.jpg",600,400,true],"woocommerce_gallery_thumbnail":["https:\/\/municipalidaddenebaj.com\/wp-content\/uploads\/2025\/05\/500120414_1107575184733274_4701637776474501824_n-100x100.jpg",100,100,true]},"author_info":{"display_name":"Editor","author_link":"https:\/\/municipalidaddenebaj.com\/?author=4"},"category_info":"<a href=\"https:\/\/municipalidaddenebaj.com\/?cat=1\" rel=\"category\">Uncategorized<\/a>","tag_info":"Uncategorized","comment_count":"0","_links":{"self":[{"href":"https:\/\/municipalidaddenebaj.com\/index.php?rest_route=\/wp\/v2\/posts\/46190","targetHints":{"allow":["GET"]}}],"collection":[{"href":"https:\/\/municipalidaddenebaj.com\/index.php?rest_route=\/wp\/v2\/posts"}],"about":[{"href":"https:\/\/municipalidaddenebaj.com\/index.php?rest_route=\/wp\/v2\/types\/post"}],"author":[{"embeddable":true,"href":"https:\/\/municipalidaddenebaj.com\/index.php?rest_route=\/wp\/v2\/users\/4"}],"replies":[{"embeddable":true,"href":"https:\/\/municipalidaddenebaj.com\/index.php?rest_route=%2Fwp%2Fv2%2Fcomments&post=46190"}],"version-history":[{"count":0,"href":"https:\/\/municipalidaddenebaj.com\/index.php?rest_route=\/wp\/v2\/posts\/46190\/revisions"}],"wp:featuredmedia":[{"embeddable":true,"href":"https:\/\/municipalidaddenebaj.com\/index.php?rest_route=\/wp\/v2\/media\/46191"}],"wp:attachment":[{"href":"https:\/\/municipalidaddenebaj.com\/index.php?rest_route=%2Fwp%2Fv2%2Fmedia&parent=46190"}],"wp:term":[{"taxonomy":"category","embeddable":true,"href":"https:\/\/municipalidaddenebaj.com\/index.php?rest_route=%2Fwp%2Fv2%2Fcategories&post=46190"},{"taxonomy":"post_tag","embeddable":true,"href":"https:\/\/municipalidaddenebaj.com\/index.php?rest_route=%2Fwp%2Fv2%2Ftags&post=46190"}],"curies":[{"name":"wp","href":"https:\/\/api.w.org\/{rel}","templated":true}]}}