{"id":47098,"date":"2025-06-10T17:13:35","date_gmt":"2025-06-10T17:13:35","guid":{"rendered":"https:\/\/municipalidaddenebaj.com\/?p=47098"},"modified":"2025-06-10T17:13:36","modified_gmt":"2025-06-10T17:13:36","slug":"47098","status":"publish","type":"post","link":"https:\/\/municipalidaddenebaj.com\/?p=47098","title":{"rendered":""},"content":{"rendered":"\n<h3 class=\"wp-block-heading\"><mark style=\"background-color:rgba(0, 0, 0, 0)\" class=\"has-inline-color has-black-color\">En el marco de nuestra pol\u00edtica de puertas abiertas, el Gobierno Municipal, liderado por el Se\u00f1or Alcalde Municipal contin\u00faa con atenci\u00f3n y compromiso a los l\u00edderes de la Comunidad Las Flores Turanza para priorizar las necesidades e inversiones pr\u00f3ximas. \u00a1Estamos cumpliendo!<img  title=\"\" decoding=\"async\" height=\"16\" width=\"16\" src=\"https:\/\/static.xx.fbcdn.net\/images\/emoji.php\/v9\/t6c\/1\/16\/1f4aa.png\"  alt=\"1f4aa \" ><\/mark><\/h3>\n\n\n\n<h3 class=\"wp-block-heading\"><a href=\"https:\/\/www.facebook.com\/hashtag\/construyendofuturo?__eep__=6&amp;__cft__[0]=AZVA3rfPnIqvmLkSBZQkB8_ZcpwYjDqUJ_TlyfN4X8NlioWPN0n6oi1RFKkXtzYbBmoe1tWjpzwjau5H_Wk026g5tLp9dttYiLvwrxKegto7VcbzSlxDOYYqQeqlZND6HQ7F0UJvtXM0coLXEnyIplfsrhKxTfe7mWLPFVGsUa649Srih06JbwwEOAsRTT0Ajp2sNHDNbzx3zKj4AN5dKlrd&amp;__tn__=*NK-R\">#ConstruyendoFuturo<\/a><\/h3>\n\n\n\n<iframe src=\"https:\/\/www.facebook.com\/plugins\/post.php?href=https%3A%2F%2Fwww.facebook.com%2Fpermalink.php%3Fstory_fbid%3Dpfbid02qMYcRoQxjCAYjXbJb7a37m5An1b4NhQf1qiprNEb9KEGHvMT434CVSyacKvhYFTtl%26id%3D100064424092491&#038;show_text=true&#038;width=1100\" width=\"1100\" height=\"990\" style=\"border:none;overflow:hidden\" scrolling=\"no\" frameborder=\"0\" allowfullscreen=\"true\" allow=\"autoplay; clipboard-write; encrypted-media; picture-in-picture; web-share\"><\/iframe>\n","protected":false},"excerpt":{"rendered":"<p>En el marco de nuestra pol\u00edtica de puertas abiertas, el Gobierno Municipal, liderado por el&#8230;<\/p>\n","protected":false},"author":4,"featured_media":47099,"comment_status":"closed","ping_status":"open","sticky":false,"template":"","format":"standard","meta":{"_eb_attr":"","_monsterinsights_skip_tracking":false,"_monsterinsights_sitenote_active":false,"_monsterinsights_sitenote_note":"","_monsterinsights_sitenote_category":0,"footnotes":""},"categories":[1],"tags":[],"class_list":["post-47098","post","type-post","status-publish","format-standard","has-post-thumbnail","hentry","category-uncategorized"],"featured_image_urls":{"full":["https:\/\/municipalidaddenebaj.com\/wp-content\/uploads\/2025\/06\/506035979_1117979337026192_5376500550803085159_n.jpg",1290,1716,false],"thumbnail":["https:\/\/municipalidaddenebaj.com\/wp-content\/uploads\/2025\/06\/506035979_1117979337026192_5376500550803085159_n-400x400.jpg",400,400,true],"medium":["https:\/\/municipalidaddenebaj.com\/wp-content\/uploads\/2025\/06\/506035979_1117979337026192_5376500550803085159_n-447x594.jpg",447,594,true],"medium_large":["https:\/\/municipalidaddenebaj.com\/wp-content\/uploads\/2025\/06\/506035979_1117979337026192_5376500550803085159_n-768x1022.jpg",640,852,true],"large":["https:\/\/municipalidaddenebaj.com\/wp-content\/uploads\/2025\/06\/506035979_1117979337026192_5376500550803085159_n-383x510.jpg",383,510,true],"ezd_searrch_thumb16x16":["https:\/\/municipalidaddenebaj.com\/wp-content\/uploads\/2025\/06\/506035979_1117979337026192_5376500550803085159_n.jpg",12,16,false],"ezd_searrch_thumb50x50":["https:\/\/municipalidaddenebaj.com\/wp-content\/uploads\/2025\/06\/506035979_1117979337026192_5376500550803085159_n.jpg",38,50,false],"1536x1536":["https:\/\/municipalidaddenebaj.com\/wp-content\/uploads\/2025\/06\/506035979_1117979337026192_5376500550803085159_n-1155x1536.jpg",1155,1536,true],"2048x2048":["https:\/\/municipalidaddenebaj.com\/wp-content\/uploads\/2025\/06\/506035979_1117979337026192_5376500550803085159_n.jpg",1290,1716,false],"covernews-featured":["https:\/\/municipalidaddenebaj.com\/wp-content\/uploads\/2025\/06\/506035979_1117979337026192_5376500550803085159_n.jpg",1024,1362,false],"covernews-medium":["https:\/\/municipalidaddenebaj.com\/wp-content\/uploads\/2025\/06\/506035979_1117979337026192_5376500550803085159_n.jpg",256,340,false],"woocommerce_thumbnail":["https:\/\/municipalidaddenebaj.com\/wp-content\/uploads\/2025\/06\/506035979_1117979337026192_5376500550803085159_n-300x300.jpg",300,300,true],"woocommerce_single":["https:\/\/municipalidaddenebaj.com\/wp-content\/uploads\/2025\/06\/506035979_1117979337026192_5376500550803085159_n-600x798.jpg",600,798,true],"woocommerce_gallery_thumbnail":["https:\/\/municipalidaddenebaj.com\/wp-content\/uploads\/2025\/06\/506035979_1117979337026192_5376500550803085159_n-100x100.jpg",100,100,true]},"author_info":{"display_name":"Editor","author_link":"https:\/\/municipalidaddenebaj.com\/?author=4"},"category_info":"<a href=\"https:\/\/municipalidaddenebaj.com\/?cat=1\" rel=\"category\">Uncategorized<\/a>","tag_info":"Uncategorized","comment_count":"0","_links":{"self":[{"href":"https:\/\/municipalidaddenebaj.com\/index.php?rest_route=\/wp\/v2\/posts\/47098","targetHints":{"allow":["GET"]}}],"collection":[{"href":"https:\/\/municipalidaddenebaj.com\/index.php?rest_route=\/wp\/v2\/posts"}],"about":[{"href":"https:\/\/municipalidaddenebaj.com\/index.php?rest_route=\/wp\/v2\/types\/post"}],"author":[{"embeddable":true,"href":"https:\/\/municipalidaddenebaj.com\/index.php?rest_route=\/wp\/v2\/users\/4"}],"replies":[{"embeddable":true,"href":"https:\/\/municipalidaddenebaj.com\/index.php?rest_route=%2Fwp%2Fv2%2Fcomments&post=47098"}],"version-history":[{"count":0,"href":"https:\/\/municipalidaddenebaj.com\/index.php?rest_route=\/wp\/v2\/posts\/47098\/revisions"}],"wp:featuredmedia":[{"embeddable":true,"href":"https:\/\/municipalidaddenebaj.com\/index.php?rest_route=\/wp\/v2\/media\/47099"}],"wp:attachment":[{"href":"https:\/\/municipalidaddenebaj.com\/index.php?rest_route=%2Fwp%2Fv2%2Fmedia&parent=47098"}],"wp:term":[{"taxonomy":"category","embeddable":true,"href":"https:\/\/municipalidaddenebaj.com\/index.php?rest_route=%2Fwp%2Fv2%2Fcategories&post=47098"},{"taxonomy":"post_tag","embeddable":true,"href":"https:\/\/municipalidaddenebaj.com\/index.php?rest_route=%2Fwp%2Fv2%2Ftags&post=47098"}],"curies":[{"name":"wp","href":"https:\/\/api.w.org\/{rel}","templated":true}]}}