{"id":47393,"date":"2025-06-12T16:14:32","date_gmt":"2025-06-12T16:14:32","guid":{"rendered":"https:\/\/municipalidaddenebaj.com\/?p=47393"},"modified":"2025-06-12T16:15:13","modified_gmt":"2025-06-12T16:15:13","slug":"donacion-de-bien-inmueble","status":"publish","type":"post","link":"https:\/\/municipalidaddenebaj.com\/?p=47393","title":{"rendered":"DONACI\u00d3N DE BIEN INMUEBLE"},"content":{"rendered":"\t\t<div data-elementor-type=\"wp-post\" data-elementor-id=\"47393\" class=\"elementor elementor-47393\" data-elementor-settings=\"{&quot;ha_cmc_init_switcher&quot;:&quot;no&quot;}\">\n\t\t\t\t<div class=\"elementor-element elementor-element-1a8cfed e-flex e-con-boxed e-con e-parent\" data-id=\"1a8cfed\" data-element_type=\"container\" data-e-type=\"container\" data-settings=\"{&quot;_ha_eqh_enable&quot;:false}\">\n\t\t\t\t\t<div class=\"e-con-inner\">\n\t\t\t\t<div class=\"elementor-element elementor-element-4b7c29fd elementor-widget elementor-widget-text-editor\" data-id=\"4b7c29fd\" data-element_type=\"widget\" data-e-type=\"widget\" data-widget_type=\"text-editor.default\">\n\t\t\t\t<div class=\"elementor-widget-container\">\n\t\t\t\t\t\t\t\t\t\n<h3 class=\"wp-block-heading\">La educaci\u00f3n importa, porque cada se\u00f1orita y joven merece un lugar seguro y digno.<\/h3>\n\n\n\n<h3 class=\"wp-block-heading\"><a><\/a>Hoy el Se\u00f1or Alcalde Municipal contin\u00faa con atenci\u00f3n para escuchar al Instituto N\u00facleo Familiar Educativo para el Desarrollo -NUFED- No. 396, Cant\u00f3n Salquilito, seg\u00fan Acta No. 026-2017 en su punto Quinto: acuerda la donaci\u00f3n de un bien inmueble a favor del Estado para ser adscrito al Ministerio de Educaci\u00f3n.<\/h3>\n\n\n\n<h3 class=\"wp-block-heading\"><a href=\"https:\/\/www.facebook.com\/hashtag\/construyendofuturo?__eep__=6&amp;__cft__[0]=AZXMewy3P5NmXGCQ2u_DDKnPZb26d6HaREZ5uaioes8FLG9Ltk9ZKum_W7hl83hB-6iTo9umhnRZjXkMaXmOClDD3jdDmaJNSF4dx69GfhH0vGT77RbfVHEUFc-g4kE0UCdaTVY5CmYAb6lRwjzxXSHStTqHow-i3x8xWzLLCKfhRRiVhbpEQjnHyY37Mn3ZZpcW8t8OmAiHuKeM8i8PIzLm&amp;__tn__=*NK-R\">#ConstruyendoFuturo<\/a><\/h3>\n\n\n\n<iframe src=\"https:\/\/www.facebook.com\/plugins\/post.php?href=https%3A%2F%2Fwww.facebook.com%2Fpermalink.php%3Fstory_fbid%3Dpfbid02xdCxJmizqwtZV3tt41pZLaYVBBv1iiYnmwiyY991GYdAdySGhgjj8pDQFEjwaWkdl%26id%3D100064424092491&#038;show_text=true&#038;width=1100\" width=\"1100\" height=\"987\" style=\"border:none;overflow:hidden\" scrolling=\"no\" frameborder=\"0\" allowfullscreen=\"true\" allow=\"autoplay; clipboard-write; encrypted-media; picture-in-picture; web-share\"><\/iframe>\n\t\t\t\t\t\t\t\t<\/div>\n\t\t\t\t<\/div>\n\t\t\t\t\t<\/div>\n\t\t\t\t<\/div>\n\t\t\t\t<\/div>\n\t\t","protected":false},"excerpt":{"rendered":"<p>La educaci\u00f3n importa, porque cada se\u00f1orita y joven merece un lugar seguro y digno. Hoy&#8230;<\/p>\n","protected":false},"author":4,"featured_media":47394,"comment_status":"closed","ping_status":"open","sticky":false,"template":"","format":"standard","meta":{"_eb_attr":"","_monsterinsights_skip_tracking":false,"_monsterinsights_sitenote_active":false,"_monsterinsights_sitenote_note":"","_monsterinsights_sitenote_category":0,"footnotes":""},"categories":[1],"tags":[],"class_list":["post-47393","post","type-post","status-publish","format-standard","has-post-thumbnail","hentry","category-uncategorized"],"featured_image_urls":{"full":["https:\/\/municipalidaddenebaj.com\/wp-content\/uploads\/2025\/06\/506589521_1119407403550052_3688464650787348280_n.jpg",1290,966,false],"thumbnail":["https:\/\/municipalidaddenebaj.com\/wp-content\/uploads\/2025\/06\/506589521_1119407403550052_3688464650787348280_n-400x400.jpg",400,400,true],"medium":["https:\/\/municipalidaddenebaj.com\/wp-content\/uploads\/2025\/06\/506589521_1119407403550052_3688464650787348280_n-594x445.jpg",594,445,true],"medium_large":["https:\/\/municipalidaddenebaj.com\/wp-content\/uploads\/2025\/06\/506589521_1119407403550052_3688464650787348280_n-768x575.jpg",640,479,true],"large":["https:\/\/municipalidaddenebaj.com\/wp-content\/uploads\/2025\/06\/506589521_1119407403550052_3688464650787348280_n-510x382.jpg",510,382,true],"ezd_searrch_thumb16x16":["https:\/\/municipalidaddenebaj.com\/wp-content\/uploads\/2025\/06\/506589521_1119407403550052_3688464650787348280_n.jpg",16,12,false],"ezd_searrch_thumb50x50":["https:\/\/municipalidaddenebaj.com\/wp-content\/uploads\/2025\/06\/506589521_1119407403550052_3688464650787348280_n.jpg",50,37,false],"1536x1536":["https:\/\/municipalidaddenebaj.com\/wp-content\/uploads\/2025\/06\/506589521_1119407403550052_3688464650787348280_n.jpg",1290,966,false],"2048x2048":["https:\/\/municipalidaddenebaj.com\/wp-content\/uploads\/2025\/06\/506589521_1119407403550052_3688464650787348280_n.jpg",1290,966,false],"covernews-featured":["https:\/\/municipalidaddenebaj.com\/wp-content\/uploads\/2025\/06\/506589521_1119407403550052_3688464650787348280_n.jpg",1024,767,false],"covernews-medium":["https:\/\/municipalidaddenebaj.com\/wp-content\/uploads\/2025\/06\/506589521_1119407403550052_3688464650787348280_n.jpg",454,340,false],"woocommerce_thumbnail":["https:\/\/municipalidaddenebaj.com\/wp-content\/uploads\/2025\/06\/506589521_1119407403550052_3688464650787348280_n-300x300.jpg",300,300,true],"woocommerce_single":["https:\/\/municipalidaddenebaj.com\/wp-content\/uploads\/2025\/06\/506589521_1119407403550052_3688464650787348280_n-600x449.jpg",600,449,true],"woocommerce_gallery_thumbnail":["https:\/\/municipalidaddenebaj.com\/wp-content\/uploads\/2025\/06\/506589521_1119407403550052_3688464650787348280_n-100x100.jpg",100,100,true]},"author_info":{"display_name":"Editor","author_link":"https:\/\/municipalidaddenebaj.com\/?author=4"},"category_info":"<a href=\"https:\/\/municipalidaddenebaj.com\/?cat=1\" rel=\"category\">Uncategorized<\/a>","tag_info":"Uncategorized","comment_count":"0","_links":{"self":[{"href":"https:\/\/municipalidaddenebaj.com\/index.php?rest_route=\/wp\/v2\/posts\/47393","targetHints":{"allow":["GET"]}}],"collection":[{"href":"https:\/\/municipalidaddenebaj.com\/index.php?rest_route=\/wp\/v2\/posts"}],"about":[{"href":"https:\/\/municipalidaddenebaj.com\/index.php?rest_route=\/wp\/v2\/types\/post"}],"author":[{"embeddable":true,"href":"https:\/\/municipalidaddenebaj.com\/index.php?rest_route=\/wp\/v2\/users\/4"}],"replies":[{"embeddable":true,"href":"https:\/\/municipalidaddenebaj.com\/index.php?rest_route=%2Fwp%2Fv2%2Fcomments&post=47393"}],"version-history":[{"count":0,"href":"https:\/\/municipalidaddenebaj.com\/index.php?rest_route=\/wp\/v2\/posts\/47393\/revisions"}],"wp:featuredmedia":[{"embeddable":true,"href":"https:\/\/municipalidaddenebaj.com\/index.php?rest_route=\/wp\/v2\/media\/47394"}],"wp:attachment":[{"href":"https:\/\/municipalidaddenebaj.com\/index.php?rest_route=%2Fwp%2Fv2%2Fmedia&parent=47393"}],"wp:term":[{"taxonomy":"category","embeddable":true,"href":"https:\/\/municipalidaddenebaj.com\/index.php?rest_route=%2Fwp%2Fv2%2Fcategories&post=47393"},{"taxonomy":"post_tag","embeddable":true,"href":"https:\/\/municipalidaddenebaj.com\/index.php?rest_route=%2Fwp%2Fv2%2Ftags&post=47393"}],"curies":[{"name":"wp","href":"https:\/\/api.w.org\/{rel}","templated":true}]}}