{"id":47530,"date":"2025-06-16T14:52:08","date_gmt":"2025-06-16T14:52:08","guid":{"rendered":"https:\/\/municipalidaddenebaj.com\/?p=47530"},"modified":"2025-06-17T16:24:47","modified_gmt":"2025-06-17T16:24:47","slug":"47530","status":"publish","type":"post","link":"https:\/\/municipalidaddenebaj.com\/?p=47530","title":{"rendered":"CONMEMORACI\u00d3N D\u00cdA DEL MAESTROS"},"content":{"rendered":"\t\t<div data-elementor-type=\"wp-post\" data-elementor-id=\"47530\" class=\"elementor elementor-47530\" data-elementor-settings=\"{&quot;ha_cmc_init_switcher&quot;:&quot;no&quot;}\">\n\t\t\t\t<div class=\"elementor-element elementor-element-410bb994 e-flex e-con-boxed e-con e-parent\" data-id=\"410bb994\" data-element_type=\"container\" data-e-type=\"container\" data-settings=\"{&quot;_ha_eqh_enable&quot;:false}\">\n\t\t\t\t\t<div class=\"e-con-inner\">\n\t\t\t\t<div class=\"elementor-element elementor-element-2c319b53 elementor-widget elementor-widget-text-editor\" data-id=\"2c319b53\" data-element_type=\"widget\" data-e-type=\"widget\" data-widget_type=\"text-editor.default\">\n\t\t\t\t<div class=\"elementor-widget-container\">\n\t\t\t\t\t\t\t\t\t\n<h3 class=\"wp-block-heading\">Conmemoramos el d\u00eda de quienes tienen la misi\u00f3n de ense\u00f1ar y la cumplen con amor, dedicaci\u00f3n y el arte de transmitir conocimiento para garantizar un futuro mejor.<\/h3>\n\n\n\n<h3 class=\"wp-block-heading\"><a><\/a>El Gobierno Municipal expresa su gratitud por todo los esfuerzos que hacen dia a dia por la ni\u00f1ez y Juventud. \u00a1Feliz d\u00eda Maestros y Maestras de Nebaj!<\/h3>\n\n\n\n<h3 class=\"wp-block-heading\"><a href=\"https:\/\/www.facebook.com\/hashtag\/construyendofuturo?__eep__=6&amp;__cft__[0]=AZXDilxus2sFYgqmbPYoZHv8xSb-74AF37oJjIHLdQbGaVrryhpbCoXNVzMwUQ_Y8L3_IRO5_bNmizHaKzqcwiiaZ0ralzVE-ZTEdm5DXaBKGVNVjSCnxXPRrGhA6HppcsPa9HesLcW765Q27ChW4BvcncDdLswHrwRaervRfAtKoBirpuEgAacedqPWbPMwhkD1zq1d285O0hiK5hMjh4qm&amp;__tn__=*NK-R\">#ConstruyendoFuturo<\/a><\/h3>\n\n\n\n<iframe src=\"https:\/\/www.facebook.com\/plugins\/post.php?href=https%3A%2F%2Fwww.facebook.com%2Fpermalink.php%3Fstory_fbid%3Dpfbid0cxuu59MnAQb3y3ZQywKStZ9kVLQpmfoepXQickvufmmqYzL3qLKtf8b7Fg8XF6jl%26id%3D100064424092491&#038;show_text=true&#038;width=1100\" width=\"1100\" height=\"989\" style=\"border:none;overflow:hidden\" scrolling=\"no\" frameborder=\"0\" allowfullscreen=\"true\" allow=\"autoplay; clipboard-write; encrypted-media; picture-in-picture; web-share\"><\/iframe>\n\n\n\n<p><\/p>\n\t\t\t\t\t\t\t\t<\/div>\n\t\t\t\t<\/div>\n\t\t\t\t\t<\/div>\n\t\t\t\t<\/div>\n\t\t\t\t<\/div>\n\t\t","protected":false},"excerpt":{"rendered":"<p>Conmemoramos el d\u00eda de quienes tienen la misi\u00f3n de ense\u00f1ar y la cumplen con amor,&#8230;<\/p>\n","protected":false},"author":4,"featured_media":47531,"comment_status":"closed","ping_status":"open","sticky":false,"template":"","format":"standard","meta":{"_eb_attr":"","_monsterinsights_skip_tracking":false,"_monsterinsights_sitenote_active":false,"_monsterinsights_sitenote_note":"","_monsterinsights_sitenote_category":0,"footnotes":""},"categories":[1],"tags":[],"class_list":["post-47530","post","type-post","status-publish","format-standard","has-post-thumbnail","hentry","category-uncategorized"],"featured_image_urls":{"full":["https:\/\/municipalidaddenebaj.com\/wp-content\/uploads\/2025\/06\/505916662_1121289530028506_2592810367072884787_n.jpg",2048,1366,false],"thumbnail":["https:\/\/municipalidaddenebaj.com\/wp-content\/uploads\/2025\/06\/505916662_1121289530028506_2592810367072884787_n-400x400.jpg",400,400,true],"medium":["https:\/\/municipalidaddenebaj.com\/wp-content\/uploads\/2025\/06\/505916662_1121289530028506_2592810367072884787_n-594x396.jpg",594,396,true],"medium_large":["https:\/\/municipalidaddenebaj.com\/wp-content\/uploads\/2025\/06\/505916662_1121289530028506_2592810367072884787_n-768x512.jpg",640,427,true],"large":["https:\/\/municipalidaddenebaj.com\/wp-content\/uploads\/2025\/06\/505916662_1121289530028506_2592810367072884787_n-510x340.jpg",510,340,true],"ezd_searrch_thumb16x16":["https:\/\/municipalidaddenebaj.com\/wp-content\/uploads\/2025\/06\/505916662_1121289530028506_2592810367072884787_n.jpg",16,11,false],"ezd_searrch_thumb50x50":["https:\/\/municipalidaddenebaj.com\/wp-content\/uploads\/2025\/06\/505916662_1121289530028506_2592810367072884787_n.jpg",50,33,false],"1536x1536":["https:\/\/municipalidaddenebaj.com\/wp-content\/uploads\/2025\/06\/505916662_1121289530028506_2592810367072884787_n-1536x1025.jpg",1536,1025,true],"2048x2048":["https:\/\/municipalidaddenebaj.com\/wp-content\/uploads\/2025\/06\/505916662_1121289530028506_2592810367072884787_n.jpg",2048,1366,false],"covernews-featured":["https:\/\/municipalidaddenebaj.com\/wp-content\/uploads\/2025\/06\/505916662_1121289530028506_2592810367072884787_n.jpg",1024,683,false],"covernews-medium":["https:\/\/municipalidaddenebaj.com\/wp-content\/uploads\/2025\/06\/505916662_1121289530028506_2592810367072884787_n.jpg",510,340,false],"woocommerce_thumbnail":["https:\/\/municipalidaddenebaj.com\/wp-content\/uploads\/2025\/06\/505916662_1121289530028506_2592810367072884787_n-300x300.jpg",300,300,true],"woocommerce_single":["https:\/\/municipalidaddenebaj.com\/wp-content\/uploads\/2025\/06\/505916662_1121289530028506_2592810367072884787_n-600x400.jpg",600,400,true],"woocommerce_gallery_thumbnail":["https:\/\/municipalidaddenebaj.com\/wp-content\/uploads\/2025\/06\/505916662_1121289530028506_2592810367072884787_n-100x100.jpg",100,100,true]},"author_info":{"display_name":"Editor","author_link":"https:\/\/municipalidaddenebaj.com\/?author=4"},"category_info":"<a href=\"https:\/\/municipalidaddenebaj.com\/?cat=1\" rel=\"category\">Uncategorized<\/a>","tag_info":"Uncategorized","comment_count":"0","_links":{"self":[{"href":"https:\/\/municipalidaddenebaj.com\/index.php?rest_route=\/wp\/v2\/posts\/47530","targetHints":{"allow":["GET"]}}],"collection":[{"href":"https:\/\/municipalidaddenebaj.com\/index.php?rest_route=\/wp\/v2\/posts"}],"about":[{"href":"https:\/\/municipalidaddenebaj.com\/index.php?rest_route=\/wp\/v2\/types\/post"}],"author":[{"embeddable":true,"href":"https:\/\/municipalidaddenebaj.com\/index.php?rest_route=\/wp\/v2\/users\/4"}],"replies":[{"embeddable":true,"href":"https:\/\/municipalidaddenebaj.com\/index.php?rest_route=%2Fwp%2Fv2%2Fcomments&post=47530"}],"version-history":[{"count":0,"href":"https:\/\/municipalidaddenebaj.com\/index.php?rest_route=\/wp\/v2\/posts\/47530\/revisions"}],"wp:featuredmedia":[{"embeddable":true,"href":"https:\/\/municipalidaddenebaj.com\/index.php?rest_route=\/wp\/v2\/media\/47531"}],"wp:attachment":[{"href":"https:\/\/municipalidaddenebaj.com\/index.php?rest_route=%2Fwp%2Fv2%2Fmedia&parent=47530"}],"wp:term":[{"taxonomy":"category","embeddable":true,"href":"https:\/\/municipalidaddenebaj.com\/index.php?rest_route=%2Fwp%2Fv2%2Fcategories&post=47530"},{"taxonomy":"post_tag","embeddable":true,"href":"https:\/\/municipalidaddenebaj.com\/index.php?rest_route=%2Fwp%2Fv2%2Ftags&post=47530"}],"curies":[{"name":"wp","href":"https:\/\/api.w.org\/{rel}","templated":true}]}}