{"id":47848,"date":"2025-06-24T18:10:27","date_gmt":"2025-06-24T18:10:27","guid":{"rendered":"https:\/\/municipalidaddenebaj.com\/?p=47848"},"modified":"2025-06-24T18:10:28","modified_gmt":"2025-06-24T18:10:28","slug":"47848","status":"publish","type":"post","link":"https:\/\/municipalidaddenebaj.com\/?p=47848","title":{"rendered":""},"content":{"rendered":"\n<h3 class=\"wp-block-heading\">En \u00e9poca lluviosa enfrentaban lodo, en tiempo de verano hab\u00eda polvo. Hoy el Gobierno Municipal est\u00e1 cumpliendo con hechos, no con promesas.<\/h3>\n\n\n\n<h3 class=\"wp-block-heading\"><a><\/a>Ahora hay una calle pavimentada, segura y digna para nuestras familias del Cant\u00f3n Vipila y Cantones vecinos.<\/h3>\n\n\n\n<h3 class=\"wp-block-heading\"><a href=\"https:\/\/www.facebook.com\/hashtag\/nebajavanza?__eep__=6&amp;__cft__[0]=AZVBkTT2WPpa37qHeYcfnnPciW8FwsTfkDjywVSXpPSTTUhn7lRDdL381YUUotNf-50UjHj3AZM1roa4H6pMnuYiDwnFfi6SMOREAw2uvzIwa1y3Mf_ibXfWQrSM54mebAduPlcU_RAtBOMFej09bbEujKqTI2TJW10jF9l5s8tVRT0aEd48WXM_VY-HIPRWti9RuaOiEPyJd8nxY-dfhoFm&amp;__tn__=*NK-R\">#NebajAvanza<\/a><\/h3>\n\n\n\n<h3 class=\"wp-block-heading\"><a href=\"https:\/\/www.facebook.com\/hashtag\/construyendofuturo?__eep__=6&amp;__cft__[0]=AZVBkTT2WPpa37qHeYcfnnPciW8FwsTfkDjywVSXpPSTTUhn7lRDdL381YUUotNf-50UjHj3AZM1roa4H6pMnuYiDwnFfi6SMOREAw2uvzIwa1y3Mf_ibXfWQrSM54mebAduPlcU_RAtBOMFej09bbEujKqTI2TJW10jF9l5s8tVRT0aEd48WXM_VY-HIPRWti9RuaOiEPyJd8nxY-dfhoFm&amp;__tn__=*NK-R\">#ConstruyendoFuturo<\/a>.<\/h3>\n\n\n\n<iframe src=\"https:\/\/www.facebook.com\/plugins\/post.php?href=https%3A%2F%2Fwww.facebook.com%2Fpermalink.php%3Fstory_fbid%3Dpfbid031RPeAjP2k4UwF9rsW3rgv5bq68J5Ne1NGmrSqnKZEpdcp5NFHWCbXdTqRP3QQGHKl%26id%3D100064424092491&#038;show_text=true&#038;width=1100\" width=\"1100\" height=\"990\" style=\"border:none;overflow:hidden\" scrolling=\"no\" frameborder=\"0\" allowfullscreen=\"true\" allow=\"autoplay; clipboard-write; encrypted-media; picture-in-picture; web-share\"><\/iframe>\n","protected":false},"excerpt":{"rendered":"<p>En \u00e9poca lluviosa enfrentaban lodo, en tiempo de verano hab\u00eda polvo. Hoy el Gobierno Municipal&#8230;<\/p>\n","protected":false},"author":4,"featured_media":47849,"comment_status":"closed","ping_status":"open","sticky":false,"template":"","format":"standard","meta":{"_eb_attr":"","_monsterinsights_skip_tracking":false,"_monsterinsights_sitenote_active":false,"_monsterinsights_sitenote_note":"","_monsterinsights_sitenote_category":0,"footnotes":""},"categories":[1],"tags":[],"class_list":["post-47848","post","type-post","status-publish","format-standard","has-post-thumbnail","hentry","category-uncategorized"],"featured_image_urls":{"full":["https:\/\/municipalidaddenebaj.com\/wp-content\/uploads\/2025\/06\/511230369_1128542955969830_6797668354390101982_n.jpg",1639,2048,false],"thumbnail":["https:\/\/municipalidaddenebaj.com\/wp-content\/uploads\/2025\/06\/511230369_1128542955969830_6797668354390101982_n-400x400.jpg",400,400,true],"medium":["https:\/\/municipalidaddenebaj.com\/wp-content\/uploads\/2025\/06\/511230369_1128542955969830_6797668354390101982_n-475x594.jpg",475,594,true],"medium_large":["https:\/\/municipalidaddenebaj.com\/wp-content\/uploads\/2025\/06\/511230369_1128542955969830_6797668354390101982_n-768x960.jpg",640,800,true],"large":["https:\/\/municipalidaddenebaj.com\/wp-content\/uploads\/2025\/06\/511230369_1128542955969830_6797668354390101982_n-408x510.jpg",408,510,true],"ezd_searrch_thumb16x16":["https:\/\/municipalidaddenebaj.com\/wp-content\/uploads\/2025\/06\/511230369_1128542955969830_6797668354390101982_n-16x16.jpg",16,16,true],"ezd_searrch_thumb50x50":["https:\/\/municipalidaddenebaj.com\/wp-content\/uploads\/2025\/06\/511230369_1128542955969830_6797668354390101982_n-50x50.jpg",50,50,true],"1536x1536":["https:\/\/municipalidaddenebaj.com\/wp-content\/uploads\/2025\/06\/511230369_1128542955969830_6797668354390101982_n-1229x1536.jpg",1229,1536,true],"2048x2048":["https:\/\/municipalidaddenebaj.com\/wp-content\/uploads\/2025\/06\/511230369_1128542955969830_6797668354390101982_n.jpg",1639,2048,false],"covernews-featured":["https:\/\/municipalidaddenebaj.com\/wp-content\/uploads\/2025\/06\/511230369_1128542955969830_6797668354390101982_n.jpg",1024,1280,false],"covernews-medium":["https:\/\/municipalidaddenebaj.com\/wp-content\/uploads\/2025\/06\/511230369_1128542955969830_6797668354390101982_n.jpg",272,340,false],"woocommerce_thumbnail":["https:\/\/municipalidaddenebaj.com\/wp-content\/uploads\/2025\/06\/511230369_1128542955969830_6797668354390101982_n-300x300.jpg",300,300,true],"woocommerce_single":["https:\/\/municipalidaddenebaj.com\/wp-content\/uploads\/2025\/06\/511230369_1128542955969830_6797668354390101982_n-600x750.jpg",600,750,true],"woocommerce_gallery_thumbnail":["https:\/\/municipalidaddenebaj.com\/wp-content\/uploads\/2025\/06\/511230369_1128542955969830_6797668354390101982_n-100x100.jpg",100,100,true]},"author_info":{"display_name":"Editor","author_link":"https:\/\/municipalidaddenebaj.com\/?author=4"},"category_info":"<a href=\"https:\/\/municipalidaddenebaj.com\/?cat=1\" rel=\"category\">Uncategorized<\/a>","tag_info":"Uncategorized","comment_count":"0","_links":{"self":[{"href":"https:\/\/municipalidaddenebaj.com\/index.php?rest_route=\/wp\/v2\/posts\/47848","targetHints":{"allow":["GET"]}}],"collection":[{"href":"https:\/\/municipalidaddenebaj.com\/index.php?rest_route=\/wp\/v2\/posts"}],"about":[{"href":"https:\/\/municipalidaddenebaj.com\/index.php?rest_route=\/wp\/v2\/types\/post"}],"author":[{"embeddable":true,"href":"https:\/\/municipalidaddenebaj.com\/index.php?rest_route=\/wp\/v2\/users\/4"}],"replies":[{"embeddable":true,"href":"https:\/\/municipalidaddenebaj.com\/index.php?rest_route=%2Fwp%2Fv2%2Fcomments&post=47848"}],"version-history":[{"count":0,"href":"https:\/\/municipalidaddenebaj.com\/index.php?rest_route=\/wp\/v2\/posts\/47848\/revisions"}],"wp:featuredmedia":[{"embeddable":true,"href":"https:\/\/municipalidaddenebaj.com\/index.php?rest_route=\/wp\/v2\/media\/47849"}],"wp:attachment":[{"href":"https:\/\/municipalidaddenebaj.com\/index.php?rest_route=%2Fwp%2Fv2%2Fmedia&parent=47848"}],"wp:term":[{"taxonomy":"category","embeddable":true,"href":"https:\/\/municipalidaddenebaj.com\/index.php?rest_route=%2Fwp%2Fv2%2Fcategories&post=47848"},{"taxonomy":"post_tag","embeddable":true,"href":"https:\/\/municipalidaddenebaj.com\/index.php?rest_route=%2Fwp%2Fv2%2Ftags&post=47848"}],"curies":[{"name":"wp","href":"https:\/\/api.w.org\/{rel}","templated":true}]}}