{"id":48746,"date":"2025-07-08T16:41:50","date_gmt":"2025-07-08T16:41:50","guid":{"rendered":"https:\/\/municipalidaddenebaj.com\/?p=48746"},"modified":"2025-07-08T16:48:37","modified_gmt":"2025-07-08T16:48:37","slug":"48746","status":"publish","type":"post","link":"https:\/\/municipalidaddenebaj.com\/?p=48746","title":{"rendered":"MEJORA DE CAMINOS RURALES."},"content":{"rendered":"\t\t<div data-elementor-type=\"wp-post\" data-elementor-id=\"48746\" class=\"elementor elementor-48746\" data-elementor-settings=\"{&quot;ha_cmc_init_switcher&quot;:&quot;no&quot;}\">\n\t\t\t\t<div class=\"elementor-element elementor-element-5c382daa e-flex e-con-boxed e-con e-parent\" data-id=\"5c382daa\" data-element_type=\"container\" data-e-type=\"container\" data-settings=\"{&quot;_ha_eqh_enable&quot;:false}\">\n\t\t\t\t\t<div class=\"e-con-inner\">\n\t\t\t\t<div class=\"elementor-element elementor-element-26d275f5 elementor-widget elementor-widget-text-editor\" data-id=\"26d275f5\" data-element_type=\"widget\" data-e-type=\"widget\" data-widget_type=\"text-editor.default\">\n\t\t\t\t<div class=\"elementor-widget-container\">\n\t\t\t\t\t\t\t\t\t\n<h3 class=\"wp-block-heading\">Durante a\u00f1os, los caminos de Q\u2019axeb\u2019al en <a href=\"https:\/\/www.facebook.com\/hashtag\/nebaj?__eep__=6&amp;__cft__[0]=AZXx5s3o-u87x0clUlnWaqNyddvWwUk734FCS4NF7d7VAnoz8pVHbHZgUFVpgOXszSJTVbM1XpZN6x63Nh_4qcxgzczBDB-PmeHFSKM_FHqUgE6CKP37KXhaA3hDHCSam_u-UnWfR1fnrPI8eYsfpejIrqReBDAJjoRK4_K_m2rRKJ-Z_jJW_QehjrNegBC8ptDt8gWbvUp8Swrwl-drvF-L&amp;__tn__=*NK-R\">#Nebaj<\/a> estuvieron olvidados, incluso hay gente que no sabe donde queda la comunidad. El polvo, el lodo y la distancia fueron <a><\/a>parte del d\u00eda a d\u00eda de muchas familias. Pero eso est\u00e1 cambiando&#8230;<\/h3>\n\n\n\n<h3 class=\"wp-block-heading\">Hoy, con voluntad y trabajo conjunto, hemos iniciado la mejora de sus caminos rurales. Porque aunque no sean kil\u00f3metros y kil\u00f3metros\u2026 por aqu\u00ed caminan sue\u00f1os, familias y el deseo de una vida m\u00e1s digna. \u00a1Gracias a los l\u00edderes y comunidades que se han unido a esta transformaci\u00f3n! Seguimos <a href=\"https:\/\/www.facebook.com\/hashtag\/construyendofuturo?__eep__=6&amp;__cft__[0]=AZXx5s3o-u87x0clUlnWaqNyddvWwUk734FCS4NF7d7VAnoz8pVHbHZgUFVpgOXszSJTVbM1XpZN6x63Nh_4qcxgzczBDB-PmeHFSKM_FHqUgE6CKP37KXhaA3hDHCSam_u-UnWfR1fnrPI8eYsfpejIrqReBDAJjoRK4_K_m2rRKJ-Z_jJW_QehjrNegBC8ptDt8gWbvUp8Swrwl-drvF-L&amp;__tn__=*NK-R\">#ConstruyendoFuturo<\/a><\/h3>\n\n\n\n<iframe src=\"https:\/\/www.facebook.com\/plugins\/post.php?href=https%3A%2F%2Fwww.facebook.com%2Fpermalink.php%3Fstory_fbid%3Dpfbid05M6z5yKGNXL9PctiViBYf94yaRt9ZHs3ZJ6xzxjzhUhwe9c1AmbrM3WzuT4WPackl%26id%3D100064424092491&#038;show_text=true&#038;width=1100\" width=\"1100\" height=\"990\" style=\"border:none;overflow:hidden\" scrolling=\"no\" frameborder=\"0\" allowfullscreen=\"true\" allow=\"autoplay; clipboard-write; encrypted-media; picture-in-picture; web-share\"><\/iframe>\n\t\t\t\t\t\t\t\t<\/div>\n\t\t\t\t<\/div>\n\t\t\t\t\t<\/div>\n\t\t\t\t<\/div>\n\t\t\t\t<\/div>\n\t\t","protected":false},"excerpt":{"rendered":"<p>Durante a\u00f1os, los caminos de Q\u2019axeb\u2019al en #Nebaj estuvieron olvidados, incluso hay gente que no&#8230;<\/p>\n","protected":false},"author":4,"featured_media":48747,"comment_status":"closed","ping_status":"open","sticky":false,"template":"","format":"standard","meta":{"_eb_attr":"","_monsterinsights_skip_tracking":false,"_monsterinsights_sitenote_active":false,"_monsterinsights_sitenote_note":"","_monsterinsights_sitenote_category":0,"footnotes":""},"categories":[1],"tags":[],"class_list":["post-48746","post","type-post","status-publish","format-standard","has-post-thumbnail","hentry","category-uncategorized"],"featured_image_urls":{"full":["https:\/\/municipalidaddenebaj.com\/wp-content\/uploads\/2025\/07\/516450140_1138828264941299_3232754884265924932_n.jpg",2048,1365,false],"thumbnail":["https:\/\/municipalidaddenebaj.com\/wp-content\/uploads\/2025\/07\/516450140_1138828264941299_3232754884265924932_n-400x400.jpg",400,400,true],"medium":["https:\/\/municipalidaddenebaj.com\/wp-content\/uploads\/2025\/07\/516450140_1138828264941299_3232754884265924932_n-594x396.jpg",594,396,true],"medium_large":["https:\/\/municipalidaddenebaj.com\/wp-content\/uploads\/2025\/07\/516450140_1138828264941299_3232754884265924932_n-768x512.jpg",640,427,true],"large":["https:\/\/municipalidaddenebaj.com\/wp-content\/uploads\/2025\/07\/516450140_1138828264941299_3232754884265924932_n-510x340.jpg",510,340,true],"ezd_searrch_thumb16x16":["https:\/\/municipalidaddenebaj.com\/wp-content\/uploads\/2025\/07\/516450140_1138828264941299_3232754884265924932_n-16x16.jpg",16,16,true],"ezd_searrch_thumb50x50":["https:\/\/municipalidaddenebaj.com\/wp-content\/uploads\/2025\/07\/516450140_1138828264941299_3232754884265924932_n-50x50.jpg",50,50,true],"1536x1536":["https:\/\/municipalidaddenebaj.com\/wp-content\/uploads\/2025\/07\/516450140_1138828264941299_3232754884265924932_n-1536x1024.jpg",1536,1024,true],"2048x2048":["https:\/\/municipalidaddenebaj.com\/wp-content\/uploads\/2025\/07\/516450140_1138828264941299_3232754884265924932_n.jpg",2048,1365,false],"covernews-featured":["https:\/\/municipalidaddenebaj.com\/wp-content\/uploads\/2025\/07\/516450140_1138828264941299_3232754884265924932_n.jpg",1024,683,false],"covernews-medium":["https:\/\/municipalidaddenebaj.com\/wp-content\/uploads\/2025\/07\/516450140_1138828264941299_3232754884265924932_n.jpg",510,340,false],"woocommerce_thumbnail":["https:\/\/municipalidaddenebaj.com\/wp-content\/uploads\/2025\/07\/516450140_1138828264941299_3232754884265924932_n-300x300.jpg",300,300,true],"woocommerce_single":["https:\/\/municipalidaddenebaj.com\/wp-content\/uploads\/2025\/07\/516450140_1138828264941299_3232754884265924932_n-600x400.jpg",600,400,true],"woocommerce_gallery_thumbnail":["https:\/\/municipalidaddenebaj.com\/wp-content\/uploads\/2025\/07\/516450140_1138828264941299_3232754884265924932_n-100x100.jpg",100,100,true]},"author_info":{"display_name":"Editor","author_link":"https:\/\/municipalidaddenebaj.com\/?author=4"},"category_info":"<a href=\"https:\/\/municipalidaddenebaj.com\/?cat=1\" rel=\"category\">Uncategorized<\/a>","tag_info":"Uncategorized","comment_count":"0","_links":{"self":[{"href":"https:\/\/municipalidaddenebaj.com\/index.php?rest_route=\/wp\/v2\/posts\/48746","targetHints":{"allow":["GET"]}}],"collection":[{"href":"https:\/\/municipalidaddenebaj.com\/index.php?rest_route=\/wp\/v2\/posts"}],"about":[{"href":"https:\/\/municipalidaddenebaj.com\/index.php?rest_route=\/wp\/v2\/types\/post"}],"author":[{"embeddable":true,"href":"https:\/\/municipalidaddenebaj.com\/index.php?rest_route=\/wp\/v2\/users\/4"}],"replies":[{"embeddable":true,"href":"https:\/\/municipalidaddenebaj.com\/index.php?rest_route=%2Fwp%2Fv2%2Fcomments&post=48746"}],"version-history":[{"count":0,"href":"https:\/\/municipalidaddenebaj.com\/index.php?rest_route=\/wp\/v2\/posts\/48746\/revisions"}],"wp:featuredmedia":[{"embeddable":true,"href":"https:\/\/municipalidaddenebaj.com\/index.php?rest_route=\/wp\/v2\/media\/48747"}],"wp:attachment":[{"href":"https:\/\/municipalidaddenebaj.com\/index.php?rest_route=%2Fwp%2Fv2%2Fmedia&parent=48746"}],"wp:term":[{"taxonomy":"category","embeddable":true,"href":"https:\/\/municipalidaddenebaj.com\/index.php?rest_route=%2Fwp%2Fv2%2Fcategories&post=48746"},{"taxonomy":"post_tag","embeddable":true,"href":"https:\/\/municipalidaddenebaj.com\/index.php?rest_route=%2Fwp%2Fv2%2Ftags&post=48746"}],"curies":[{"name":"wp","href":"https:\/\/api.w.org\/{rel}","templated":true}]}}