{"id":48749,"date":"2025-07-08T16:44:30","date_gmt":"2025-07-08T16:44:30","guid":{"rendered":"https:\/\/municipalidaddenebaj.com\/?p=48749"},"modified":"2025-07-08T16:47:05","modified_gmt":"2025-07-08T16:47:05","slug":"48749","status":"publish","type":"post","link":"https:\/\/municipalidaddenebaj.com\/?p=48749","title":{"rendered":"CAPACITACI\u00d3N"},"content":{"rendered":"\t\t<div data-elementor-type=\"wp-post\" data-elementor-id=\"48749\" class=\"elementor elementor-48749\" data-elementor-settings=\"{&quot;ha_cmc_init_switcher&quot;:&quot;no&quot;}\">\n\t\t\t\t<div class=\"elementor-element elementor-element-bc6b1a9 e-flex e-con-boxed e-con e-parent\" data-id=\"bc6b1a9\" data-element_type=\"container\" data-e-type=\"container\" data-settings=\"{&quot;_ha_eqh_enable&quot;:false}\">\n\t\t\t\t\t<div class=\"e-con-inner\">\n\t\t\t\t<div class=\"elementor-element elementor-element-63d4b745 elementor-widget elementor-widget-text-editor\" data-id=\"63d4b745\" data-element_type=\"widget\" data-e-type=\"widget\" data-widget_type=\"text-editor.default\">\n\t\t\t\t<div class=\"elementor-widget-container\">\n\t\t\t\t\t\t\t\t\t\n<h3 class=\"wp-block-heading\">El embarazo en adolescentes cambia vidas, sue\u00f1os y futuros demasiado pronto. En Nebaj, muchas y muchos j\u00f3venes han tenido que dejar la escuela o enfrentar una vida para <a><\/a>la que no estaban preparadas. \u00a1Pero eso no tiene por qu\u00e9 seguir as\u00ed!<\/h3>\n\n\n\n<h3 class=\"wp-block-heading\">El Gobierno Municipal de Nebaj, junto al Ministerio de Educaci\u00f3n, el Ministerio de Salud y organizaciones aliadas, est\u00e1 trabajando para prevenirlo. Hoy, con din\u00e1micas l\u00fadicas, informaci\u00f3n clara y mucho respeto, se habl\u00f3 de prevenci\u00f3n con j\u00f3venes y se\u00f1oritas de Nebaj.<\/h3>\n\n\n\n<h3 class=\"wp-block-heading\">Nuestro Alcalde Municipal cree en la juventud, y por eso est\u00e1 gestionando apoyo, invirtiendo tiempo, recursos y alianzas para que nuestras ni\u00f1as y adolescentes vivan con dignidad, libertad y sue\u00f1os en alto. Porque prevenir tambi\u00e9n es amar. \u00a1Porque cuidar a la juventud es construir el futuro!<\/h3>\n\n\n\n<iframe src=\"https:\/\/www.facebook.com\/plugins\/post.php?href=https%3A%2F%2Fwww.facebook.com%2Fpermalink.php%3Fstory_fbid%3Dpfbid02PUU8sqFSMYSTC6cBhgEutmn5LSzNt1FkY5KdJbLZT88qKqxvyAGhWBKExK3Z3N53l%26id%3D100064424092491&#038;show_text=true&#038;width=1100\" width=\"1100\" height=\"1090\" style=\"border:none;overflow:hidden\" scrolling=\"no\" frameborder=\"0\" allowfullscreen=\"true\" allow=\"autoplay; clipboard-write; encrypted-media; picture-in-picture; web-share\"><\/iframe>\n\n\n\n<p><\/p>\n\t\t\t\t\t\t\t\t<\/div>\n\t\t\t\t<\/div>\n\t\t\t\t\t<\/div>\n\t\t\t\t<\/div>\n\t\t\t\t<\/div>\n\t\t","protected":false},"excerpt":{"rendered":"<p>El embarazo en adolescentes cambia vidas, sue\u00f1os y futuros demasiado pronto. En Nebaj, muchas y&#8230;<\/p>\n","protected":false},"author":4,"featured_media":48750,"comment_status":"closed","ping_status":"open","sticky":false,"template":"","format":"standard","meta":{"_eb_attr":"","_monsterinsights_skip_tracking":false,"_monsterinsights_sitenote_active":false,"_monsterinsights_sitenote_note":"","_monsterinsights_sitenote_category":0,"footnotes":""},"categories":[1],"tags":[],"class_list":["post-48749","post","type-post","status-publish","format-standard","has-post-thumbnail","hentry","category-uncategorized"],"featured_image_urls":{"full":["https:\/\/municipalidaddenebaj.com\/wp-content\/uploads\/2025\/07\/516439737_1138847164939409_1086128417916956779_n.jpg",2048,1365,false],"thumbnail":["https:\/\/municipalidaddenebaj.com\/wp-content\/uploads\/2025\/07\/516439737_1138847164939409_1086128417916956779_n-400x400.jpg",400,400,true],"medium":["https:\/\/municipalidaddenebaj.com\/wp-content\/uploads\/2025\/07\/516439737_1138847164939409_1086128417916956779_n-594x396.jpg",594,396,true],"medium_large":["https:\/\/municipalidaddenebaj.com\/wp-content\/uploads\/2025\/07\/516439737_1138847164939409_1086128417916956779_n-768x512.jpg",640,427,true],"large":["https:\/\/municipalidaddenebaj.com\/wp-content\/uploads\/2025\/07\/516439737_1138847164939409_1086128417916956779_n-510x340.jpg",510,340,true],"ezd_searrch_thumb16x16":["https:\/\/municipalidaddenebaj.com\/wp-content\/uploads\/2025\/07\/516439737_1138847164939409_1086128417916956779_n-16x16.jpg",16,16,true],"ezd_searrch_thumb50x50":["https:\/\/municipalidaddenebaj.com\/wp-content\/uploads\/2025\/07\/516439737_1138847164939409_1086128417916956779_n-50x50.jpg",50,50,true],"1536x1536":["https:\/\/municipalidaddenebaj.com\/wp-content\/uploads\/2025\/07\/516439737_1138847164939409_1086128417916956779_n-1536x1024.jpg",1536,1024,true],"2048x2048":["https:\/\/municipalidaddenebaj.com\/wp-content\/uploads\/2025\/07\/516439737_1138847164939409_1086128417916956779_n.jpg",2048,1365,false],"covernews-featured":["https:\/\/municipalidaddenebaj.com\/wp-content\/uploads\/2025\/07\/516439737_1138847164939409_1086128417916956779_n.jpg",1024,683,false],"covernews-medium":["https:\/\/municipalidaddenebaj.com\/wp-content\/uploads\/2025\/07\/516439737_1138847164939409_1086128417916956779_n.jpg",510,340,false],"woocommerce_thumbnail":["https:\/\/municipalidaddenebaj.com\/wp-content\/uploads\/2025\/07\/516439737_1138847164939409_1086128417916956779_n-300x300.jpg",300,300,true],"woocommerce_single":["https:\/\/municipalidaddenebaj.com\/wp-content\/uploads\/2025\/07\/516439737_1138847164939409_1086128417916956779_n-600x400.jpg",600,400,true],"woocommerce_gallery_thumbnail":["https:\/\/municipalidaddenebaj.com\/wp-content\/uploads\/2025\/07\/516439737_1138847164939409_1086128417916956779_n-100x100.jpg",100,100,true]},"author_info":{"display_name":"Editor","author_link":"https:\/\/municipalidaddenebaj.com\/?author=4"},"category_info":"<a href=\"https:\/\/municipalidaddenebaj.com\/?cat=1\" rel=\"category\">Uncategorized<\/a>","tag_info":"Uncategorized","comment_count":"0","_links":{"self":[{"href":"https:\/\/municipalidaddenebaj.com\/index.php?rest_route=\/wp\/v2\/posts\/48749","targetHints":{"allow":["GET"]}}],"collection":[{"href":"https:\/\/municipalidaddenebaj.com\/index.php?rest_route=\/wp\/v2\/posts"}],"about":[{"href":"https:\/\/municipalidaddenebaj.com\/index.php?rest_route=\/wp\/v2\/types\/post"}],"author":[{"embeddable":true,"href":"https:\/\/municipalidaddenebaj.com\/index.php?rest_route=\/wp\/v2\/users\/4"}],"replies":[{"embeddable":true,"href":"https:\/\/municipalidaddenebaj.com\/index.php?rest_route=%2Fwp%2Fv2%2Fcomments&post=48749"}],"version-history":[{"count":0,"href":"https:\/\/municipalidaddenebaj.com\/index.php?rest_route=\/wp\/v2\/posts\/48749\/revisions"}],"wp:featuredmedia":[{"embeddable":true,"href":"https:\/\/municipalidaddenebaj.com\/index.php?rest_route=\/wp\/v2\/media\/48750"}],"wp:attachment":[{"href":"https:\/\/municipalidaddenebaj.com\/index.php?rest_route=%2Fwp%2Fv2%2Fmedia&parent=48749"}],"wp:term":[{"taxonomy":"category","embeddable":true,"href":"https:\/\/municipalidaddenebaj.com\/index.php?rest_route=%2Fwp%2Fv2%2Fcategories&post=48749"},{"taxonomy":"post_tag","embeddable":true,"href":"https:\/\/municipalidaddenebaj.com\/index.php?rest_route=%2Fwp%2Fv2%2Ftags&post=48749"}],"curies":[{"name":"wp","href":"https:\/\/api.w.org\/{rel}","templated":true}]}}