{"id":49681,"date":"2025-07-16T22:44:59","date_gmt":"2025-07-16T22:44:59","guid":{"rendered":"https:\/\/municipalidaddenebaj.com\/?p=49681"},"modified":"2025-07-16T22:45:00","modified_gmt":"2025-07-16T22:45:00","slug":"curso-de-maquillaje","status":"publish","type":"post","link":"https:\/\/municipalidaddenebaj.com\/?p=49681","title":{"rendered":"CURSO DE MAQUILLAJE"},"content":{"rendered":"\n<h2 class=\"wp-block-heading\">Como parte de las acciones interinstitucionales coordinadas por el Gobierno Municipal, hoy iniciamos con el curso de maquillaje, que ser\u00e1n impartidas por el Instituto <a><\/a>T\u00e9cnico de Capacitaci\u00f3n y Productividad -INTECAP-.<\/h2>\n\n\n\n<h2 class=\"wp-block-heading\">Promovemos la participaci\u00f3n de la juventud para el desarrollo social y econ\u00f3mico, tambi\u00e9n puedan ser certificados al finalizar la formaci\u00f3n ocupacional.<\/h2>\n\n\n\n<h2 class=\"wp-block-heading\">\u00a1Una oportunidad \u00fanica!<\/h2>\n\n\n\n<h2 class=\"wp-block-heading\"><a href=\"https:\/\/www.facebook.com\/hashtag\/construyendofuturo?__eep__=6&amp;__cft__[0]=AZUIOUUWPR5ROYjfEmyHeGB9siFbIhf6xuG2ieY1L_tld4zUYSYJjG0brKVB6YDeZ3_t89eoiI-3IuTsmoOHCu_HzNPyWkn56Zu4g3QzZ3x561YT1nUUGCOW4XuaesCohHV80R-kbSAsPJ3yb64Yg7wnRGS4pP8nucnZzk3ekvlOIObzeAKrpq1u8iJ-PGpMKuzR5OyLI7DcKFz7poYeTRBr&amp;__tn__=*NK-R\">#ConstruyendoFuturo<\/a><\/h2>\n\n\n\n<iframe src=\"https:\/\/www.facebook.com\/plugins\/post.php?href=https%3A%2F%2Fwww.facebook.com%2Fpermalink.php%3Fstory_fbid%3Dpfbid02BGnt68bxkignQA6xMjbAEZMXAPcBDjfWawzwNgFFQVuNHEZPgVTwpG7WniUqFPzMl%26id%3D100064424092491&#038;show_text=true&#038;width=1100\" width=\"1100\" height=\"974\" style=\"border:none;overflow:hidden\" scrolling=\"no\" frameborder=\"0\" allowfullscreen=\"true\" allow=\"autoplay; clipboard-write; encrypted-media; picture-in-picture; web-share\"><\/iframe>\n","protected":false},"excerpt":{"rendered":"<p>Como parte de las acciones interinstitucionales coordinadas por el Gobierno Municipal, hoy iniciamos con el&#8230;<\/p>\n","protected":false},"author":4,"featured_media":49682,"comment_status":"closed","ping_status":"open","sticky":false,"template":"","format":"standard","meta":{"_eb_attr":"","_monsterinsights_skip_tracking":false,"_monsterinsights_sitenote_active":false,"_monsterinsights_sitenote_note":"","_monsterinsights_sitenote_category":0,"footnotes":""},"categories":[1],"tags":[],"class_list":["post-49681","post","type-post","status-publish","format-standard","has-post-thumbnail","hentry","category-uncategorized"],"featured_image_urls":{"full":["https:\/\/municipalidaddenebaj.com\/wp-content\/uploads\/2025\/07\/518317562_1145701530920639_8802552735806560327_n.jpg",1638,2048,false],"thumbnail":["https:\/\/municipalidaddenebaj.com\/wp-content\/uploads\/2025\/07\/518317562_1145701530920639_8802552735806560327_n-400x400.jpg",400,400,true],"medium":["https:\/\/municipalidaddenebaj.com\/wp-content\/uploads\/2025\/07\/518317562_1145701530920639_8802552735806560327_n-475x594.jpg",475,594,true],"medium_large":["https:\/\/municipalidaddenebaj.com\/wp-content\/uploads\/2025\/07\/518317562_1145701530920639_8802552735806560327_n-768x960.jpg",640,800,true],"large":["https:\/\/municipalidaddenebaj.com\/wp-content\/uploads\/2025\/07\/518317562_1145701530920639_8802552735806560327_n-408x510.jpg",408,510,true],"ezd_searrch_thumb16x16":["https:\/\/municipalidaddenebaj.com\/wp-content\/uploads\/2025\/07\/518317562_1145701530920639_8802552735806560327_n-16x16.jpg",16,16,true],"ezd_searrch_thumb50x50":["https:\/\/municipalidaddenebaj.com\/wp-content\/uploads\/2025\/07\/518317562_1145701530920639_8802552735806560327_n-50x50.jpg",50,50,true],"1536x1536":["https:\/\/municipalidaddenebaj.com\/wp-content\/uploads\/2025\/07\/518317562_1145701530920639_8802552735806560327_n-1229x1536.jpg",1229,1536,true],"2048x2048":["https:\/\/municipalidaddenebaj.com\/wp-content\/uploads\/2025\/07\/518317562_1145701530920639_8802552735806560327_n.jpg",1638,2048,false],"covernews-featured":["https:\/\/municipalidaddenebaj.com\/wp-content\/uploads\/2025\/07\/518317562_1145701530920639_8802552735806560327_n.jpg",1024,1280,false],"covernews-medium":["https:\/\/municipalidaddenebaj.com\/wp-content\/uploads\/2025\/07\/518317562_1145701530920639_8802552735806560327_n.jpg",272,340,false],"woocommerce_thumbnail":["https:\/\/municipalidaddenebaj.com\/wp-content\/uploads\/2025\/07\/518317562_1145701530920639_8802552735806560327_n-300x300.jpg",300,300,true],"woocommerce_single":["https:\/\/municipalidaddenebaj.com\/wp-content\/uploads\/2025\/07\/518317562_1145701530920639_8802552735806560327_n-600x750.jpg",600,750,true],"woocommerce_gallery_thumbnail":["https:\/\/municipalidaddenebaj.com\/wp-content\/uploads\/2025\/07\/518317562_1145701530920639_8802552735806560327_n-100x100.jpg",100,100,true]},"author_info":{"display_name":"Editor","author_link":"https:\/\/municipalidaddenebaj.com\/?author=4"},"category_info":"<a href=\"https:\/\/municipalidaddenebaj.com\/?cat=1\" rel=\"category\">Uncategorized<\/a>","tag_info":"Uncategorized","comment_count":"0","_links":{"self":[{"href":"https:\/\/municipalidaddenebaj.com\/index.php?rest_route=\/wp\/v2\/posts\/49681","targetHints":{"allow":["GET"]}}],"collection":[{"href":"https:\/\/municipalidaddenebaj.com\/index.php?rest_route=\/wp\/v2\/posts"}],"about":[{"href":"https:\/\/municipalidaddenebaj.com\/index.php?rest_route=\/wp\/v2\/types\/post"}],"author":[{"embeddable":true,"href":"https:\/\/municipalidaddenebaj.com\/index.php?rest_route=\/wp\/v2\/users\/4"}],"replies":[{"embeddable":true,"href":"https:\/\/municipalidaddenebaj.com\/index.php?rest_route=%2Fwp%2Fv2%2Fcomments&post=49681"}],"version-history":[{"count":0,"href":"https:\/\/municipalidaddenebaj.com\/index.php?rest_route=\/wp\/v2\/posts\/49681\/revisions"}],"wp:featuredmedia":[{"embeddable":true,"href":"https:\/\/municipalidaddenebaj.com\/index.php?rest_route=\/wp\/v2\/media\/49682"}],"wp:attachment":[{"href":"https:\/\/municipalidaddenebaj.com\/index.php?rest_route=%2Fwp%2Fv2%2Fmedia&parent=49681"}],"wp:term":[{"taxonomy":"category","embeddable":true,"href":"https:\/\/municipalidaddenebaj.com\/index.php?rest_route=%2Fwp%2Fv2%2Fcategories&post=49681"},{"taxonomy":"post_tag","embeddable":true,"href":"https:\/\/municipalidaddenebaj.com\/index.php?rest_route=%2Fwp%2Fv2%2Ftags&post=49681"}],"curies":[{"name":"wp","href":"https:\/\/api.w.org\/{rel}","templated":true}]}}