{"id":49824,"date":"2025-07-21T20:43:35","date_gmt":"2025-07-21T20:43:35","guid":{"rendered":"https:\/\/municipalidaddenebaj.com\/?p=49824"},"modified":"2025-07-22T15:37:40","modified_gmt":"2025-07-22T15:37:40","slug":"feria-de-gastronomia-y-artesania-ixil","status":"publish","type":"post","link":"https:\/\/municipalidaddenebaj.com\/?p=49824","title":{"rendered":"FERIA  DE GASTRONOM\u00cdA Y ARTESANIA IXIL"},"content":{"rendered":"\n<h3 class=\"wp-block-heading\"><a><\/a>El se\u00f1or Alcalde Municipal, Ram\u00f3n Raymundo, y su Honorable Consejo Municipal, en Coordinaci\u00f3n para el fomento del Comercio, Turismo y Cultura bajo la Direcci\u00f3n Municipal de Asuntos Sociales y Econ\u00f3micos -DIMASEC-, llevaron a cabo nuevamente la Feria de Gastronom\u00eda y Artesan\u00eda Ixil.Evento que busca promover nuestra cultura, a trav\u00e9s de los distintos platillos t\u00edpicos de nuestro municipio.<\/h3>\n\n\n\n<h3 class=\"wp-block-heading\"><a href=\"https:\/\/www.facebook.com\/hashtag\/pornebaj?__eep__=6&amp;__cft__[0]=AZUmqZBQwosRHR9go41CO0n3d2rGhW08WCSHUFNZJcRSzPi7KcQWArTZJFnZ_DAjimC2lk02MHRKBRbzlcsLoZHqP_iFGL4BjuOH2fcL8iLV9yiPFy1fAwBspEj2Gwp2bQOAsb2kYyiZGsoWxuMLawa-1Wtx0vtQx-RnRfw4goQSDi0BEjLLipMYop37Q2kqik8&amp;__tn__=*NK-R\">#PorNebaj<\/a>#ConstruyendoFuturo<\/h3>\n\n\n\n<iframe src=\"https:\/\/www.facebook.com\/plugins\/post.php?href=https%3A%2F%2Fwww.facebook.com%2Fpermalink.php%3Fstory_fbid%3Dpfbid0gxPChcyx3KRSRVHniT3N4Ey2NQhvQ8vvKF4Q6Yg7bYW2nk2d2Rt9bzoMg78WNyh4l%26id%3D100064424092491&#038;show_text=true&#038;width=1100\" width=\"1100\" height=\"950\" style=\"border:none;overflow:hidden\" scrolling=\"no\" frameborder=\"0\" allowfullscreen=\"true\" allow=\"autoplay; clipboard-write; encrypted-media; picture-in-picture; web-share\"><\/iframe>\n\n\n\n<p><\/p>\n","protected":false},"excerpt":{"rendered":"<p>El se\u00f1or Alcalde Municipal, Ram\u00f3n Raymundo, y su Honorable Consejo Municipal, en Coordinaci\u00f3n para el&#8230;<\/p>\n","protected":false},"author":4,"featured_media":49825,"comment_status":"closed","ping_status":"open","sticky":false,"template":"","format":"standard","meta":{"_eb_attr":"","_monsterinsights_skip_tracking":false,"_monsterinsights_sitenote_active":false,"_monsterinsights_sitenote_note":"","_monsterinsights_sitenote_category":0,"footnotes":""},"categories":[1],"tags":[],"class_list":["post-49824","post","type-post","status-publish","format-standard","has-post-thumbnail","hentry","category-uncategorized"],"featured_image_urls":{"full":["https:\/\/municipalidaddenebaj.com\/wp-content\/uploads\/2025\/07\/519363867_1149488430541949_1201500501322438392_n.jpg",1636,2048,false],"thumbnail":["https:\/\/municipalidaddenebaj.com\/wp-content\/uploads\/2025\/07\/519363867_1149488430541949_1201500501322438392_n-400x400.jpg",400,400,true],"medium":["https:\/\/municipalidaddenebaj.com\/wp-content\/uploads\/2025\/07\/519363867_1149488430541949_1201500501322438392_n-475x594.jpg",475,594,true],"medium_large":["https:\/\/municipalidaddenebaj.com\/wp-content\/uploads\/2025\/07\/519363867_1149488430541949_1201500501322438392_n-768x961.jpg",640,801,true],"large":["https:\/\/municipalidaddenebaj.com\/wp-content\/uploads\/2025\/07\/519363867_1149488430541949_1201500501322438392_n-407x510.jpg",407,510,true],"ezd_searrch_thumb16x16":["https:\/\/municipalidaddenebaj.com\/wp-content\/uploads\/2025\/07\/519363867_1149488430541949_1201500501322438392_n-16x16.jpg",16,16,true],"ezd_searrch_thumb50x50":["https:\/\/municipalidaddenebaj.com\/wp-content\/uploads\/2025\/07\/519363867_1149488430541949_1201500501322438392_n-50x50.jpg",50,50,true],"1536x1536":["https:\/\/municipalidaddenebaj.com\/wp-content\/uploads\/2025\/07\/519363867_1149488430541949_1201500501322438392_n-1227x1536.jpg",1227,1536,true],"2048x2048":["https:\/\/municipalidaddenebaj.com\/wp-content\/uploads\/2025\/07\/519363867_1149488430541949_1201500501322438392_n.jpg",1636,2048,false],"covernews-featured":["https:\/\/municipalidaddenebaj.com\/wp-content\/uploads\/2025\/07\/519363867_1149488430541949_1201500501322438392_n.jpg",1024,1282,false],"covernews-medium":["https:\/\/municipalidaddenebaj.com\/wp-content\/uploads\/2025\/07\/519363867_1149488430541949_1201500501322438392_n.jpg",272,340,false],"woocommerce_thumbnail":["https:\/\/municipalidaddenebaj.com\/wp-content\/uploads\/2025\/07\/519363867_1149488430541949_1201500501322438392_n-300x300.jpg",300,300,true],"woocommerce_single":["https:\/\/municipalidaddenebaj.com\/wp-content\/uploads\/2025\/07\/519363867_1149488430541949_1201500501322438392_n-600x751.jpg",600,751,true],"woocommerce_gallery_thumbnail":["https:\/\/municipalidaddenebaj.com\/wp-content\/uploads\/2025\/07\/519363867_1149488430541949_1201500501322438392_n-100x100.jpg",100,100,true]},"author_info":{"display_name":"Editor","author_link":"https:\/\/municipalidaddenebaj.com\/?author=4"},"category_info":"<a href=\"https:\/\/municipalidaddenebaj.com\/?cat=1\" rel=\"category\">Uncategorized<\/a>","tag_info":"Uncategorized","comment_count":"0","_links":{"self":[{"href":"https:\/\/municipalidaddenebaj.com\/index.php?rest_route=\/wp\/v2\/posts\/49824","targetHints":{"allow":["GET"]}}],"collection":[{"href":"https:\/\/municipalidaddenebaj.com\/index.php?rest_route=\/wp\/v2\/posts"}],"about":[{"href":"https:\/\/municipalidaddenebaj.com\/index.php?rest_route=\/wp\/v2\/types\/post"}],"author":[{"embeddable":true,"href":"https:\/\/municipalidaddenebaj.com\/index.php?rest_route=\/wp\/v2\/users\/4"}],"replies":[{"embeddable":true,"href":"https:\/\/municipalidaddenebaj.com\/index.php?rest_route=%2Fwp%2Fv2%2Fcomments&post=49824"}],"version-history":[{"count":0,"href":"https:\/\/municipalidaddenebaj.com\/index.php?rest_route=\/wp\/v2\/posts\/49824\/revisions"}],"wp:featuredmedia":[{"embeddable":true,"href":"https:\/\/municipalidaddenebaj.com\/index.php?rest_route=\/wp\/v2\/media\/49825"}],"wp:attachment":[{"href":"https:\/\/municipalidaddenebaj.com\/index.php?rest_route=%2Fwp%2Fv2%2Fmedia&parent=49824"}],"wp:term":[{"taxonomy":"category","embeddable":true,"href":"https:\/\/municipalidaddenebaj.com\/index.php?rest_route=%2Fwp%2Fv2%2Fcategories&post=49824"},{"taxonomy":"post_tag","embeddable":true,"href":"https:\/\/municipalidaddenebaj.com\/index.php?rest_route=%2Fwp%2Fv2%2Ftags&post=49824"}],"curies":[{"name":"wp","href":"https:\/\/api.w.org\/{rel}","templated":true}]}}