{"id":50290,"date":"2025-07-31T22:03:12","date_gmt":"2025-07-31T22:03:12","guid":{"rendered":"https:\/\/municipalidaddenebaj.com\/?p=50290"},"modified":"2025-07-31T22:03:14","modified_gmt":"2025-07-31T22:03:14","slug":"capacitacion-para-la-junta-de-cotizacion-y-licitacion","status":"publish","type":"post","link":"https:\/\/municipalidaddenebaj.com\/?p=50290","title":{"rendered":"CAPACITACI\u00d3N PARA LA JUNTA DE COTIZACI\u00d3N Y LICITACI\u00d3N."},"content":{"rendered":"\n<h3 class=\"wp-block-heading\">En Nebaj se lleva a cabo un programa importante de capacitaci\u00f3n para las Juntas de Cotizaci\u00f3n y Licitaci\u00f3n de por lo menos 7 municipios de Quich\u00e9, impulsado por el <a><\/a>Gobierno Municipal de Nebaj y la Asociaci\u00f3n Nacional de Alcaldes Municipales de Guatemala (ANAM).<\/h3>\n\n\n\n<h3 class=\"wp-block-heading\">En este evento se estar\u00e1n fortaleciendo las capacidades de las y los funcionarios municipales en materia legal para las adquisiciones de obras y servicios en los gobiernos municipales. Estamos <a href=\"https:\/\/www.facebook.com\/hashtag\/construyendofuturo?__eep__=6&amp;__cft__[0]=AZVI1AiCHao7Na1Nj6Q34UpZfYp_Q2ONVtdjT9t5UDCwn-i8MOm0Sd1x4iM11IAoKNqiW0nPIxdiQxsCy1WXG1ZyvJutN9SFU4Ps7GLjiYixRO00aGyoyrxz9QicN0IW7MrfKCsmmK4F3FDNOuxPOJgAFSFDOH2Z6wQG2HUwHP_lMZshcnIuuhU_qQbCd2f2_Uw&amp;__tn__=*NK-R\">#ConstruyendoFuturo<\/a><\/h3>\n\n\n\n<iframe src=\"https:\/\/www.facebook.com\/plugins\/post.php?href=https%3A%2F%2Fwww.facebook.com%2Fpermalink.php%3Fstory_fbid%3Dpfbid0NNNo8Nx1rfs7GByrxGTpMxcniCcrjahUYepvihhaSg7PrdHAFsVWQYH1patjzp24l%26id%3D100064424092491&#038;show_text=true&#038;width=1100\" width=\"1100\" height=\"998\" style=\"border:none;overflow:hidden\" scrolling=\"no\" frameborder=\"0\" allowfullscreen=\"true\" allow=\"autoplay; clipboard-write; encrypted-media; picture-in-picture; web-share\"><\/iframe>\n","protected":false},"excerpt":{"rendered":"<p>En Nebaj se lleva a cabo un programa importante de capacitaci\u00f3n para las Juntas de&#8230;<\/p>\n","protected":false},"author":4,"featured_media":50291,"comment_status":"closed","ping_status":"open","sticky":false,"template":"","format":"standard","meta":{"_eb_attr":"","_monsterinsights_skip_tracking":false,"_monsterinsights_sitenote_active":false,"_monsterinsights_sitenote_note":"","_monsterinsights_sitenote_category":0,"footnotes":""},"categories":[1],"tags":[],"class_list":["post-50290","post","type-post","status-publish","format-standard","has-post-thumbnail","hentry","category-uncategorized"],"featured_image_urls":{"full":["https:\/\/municipalidaddenebaj.com\/wp-content\/uploads\/2025\/07\/524706087_1157074886449970_2185574752738314289_n.jpg",2048,1536,false],"thumbnail":["https:\/\/municipalidaddenebaj.com\/wp-content\/uploads\/2025\/07\/524706087_1157074886449970_2185574752738314289_n-400x400.jpg",400,400,true],"medium":["https:\/\/municipalidaddenebaj.com\/wp-content\/uploads\/2025\/07\/524706087_1157074886449970_2185574752738314289_n-594x446.jpg",594,446,true],"medium_large":["https:\/\/municipalidaddenebaj.com\/wp-content\/uploads\/2025\/07\/524706087_1157074886449970_2185574752738314289_n-768x576.jpg",640,480,true],"large":["https:\/\/municipalidaddenebaj.com\/wp-content\/uploads\/2025\/07\/524706087_1157074886449970_2185574752738314289_n-510x383.jpg",510,383,true],"ezd_searrch_thumb16x16":["https:\/\/municipalidaddenebaj.com\/wp-content\/uploads\/2025\/07\/524706087_1157074886449970_2185574752738314289_n-16x16.jpg",16,16,true],"ezd_searrch_thumb50x50":["https:\/\/municipalidaddenebaj.com\/wp-content\/uploads\/2025\/07\/524706087_1157074886449970_2185574752738314289_n-50x50.jpg",50,50,true],"1536x1536":["https:\/\/municipalidaddenebaj.com\/wp-content\/uploads\/2025\/07\/524706087_1157074886449970_2185574752738314289_n-1536x1152.jpg",1536,1152,true],"2048x2048":["https:\/\/municipalidaddenebaj.com\/wp-content\/uploads\/2025\/07\/524706087_1157074886449970_2185574752738314289_n.jpg",2048,1536,false],"covernews-featured":["https:\/\/municipalidaddenebaj.com\/wp-content\/uploads\/2025\/07\/524706087_1157074886449970_2185574752738314289_n.jpg",1024,768,false],"covernews-medium":["https:\/\/municipalidaddenebaj.com\/wp-content\/uploads\/2025\/07\/524706087_1157074886449970_2185574752738314289_n.jpg",453,340,false],"woocommerce_thumbnail":["https:\/\/municipalidaddenebaj.com\/wp-content\/uploads\/2025\/07\/524706087_1157074886449970_2185574752738314289_n-300x300.jpg",300,300,true],"woocommerce_single":["https:\/\/municipalidaddenebaj.com\/wp-content\/uploads\/2025\/07\/524706087_1157074886449970_2185574752738314289_n-600x450.jpg",600,450,true],"woocommerce_gallery_thumbnail":["https:\/\/municipalidaddenebaj.com\/wp-content\/uploads\/2025\/07\/524706087_1157074886449970_2185574752738314289_n-100x100.jpg",100,100,true]},"author_info":{"display_name":"Editor","author_link":"https:\/\/municipalidaddenebaj.com\/?author=4"},"category_info":"<a href=\"https:\/\/municipalidaddenebaj.com\/?cat=1\" rel=\"category\">Uncategorized<\/a>","tag_info":"Uncategorized","comment_count":"0","_links":{"self":[{"href":"https:\/\/municipalidaddenebaj.com\/index.php?rest_route=\/wp\/v2\/posts\/50290","targetHints":{"allow":["GET"]}}],"collection":[{"href":"https:\/\/municipalidaddenebaj.com\/index.php?rest_route=\/wp\/v2\/posts"}],"about":[{"href":"https:\/\/municipalidaddenebaj.com\/index.php?rest_route=\/wp\/v2\/types\/post"}],"author":[{"embeddable":true,"href":"https:\/\/municipalidaddenebaj.com\/index.php?rest_route=\/wp\/v2\/users\/4"}],"replies":[{"embeddable":true,"href":"https:\/\/municipalidaddenebaj.com\/index.php?rest_route=%2Fwp%2Fv2%2Fcomments&post=50290"}],"version-history":[{"count":0,"href":"https:\/\/municipalidaddenebaj.com\/index.php?rest_route=\/wp\/v2\/posts\/50290\/revisions"}],"wp:featuredmedia":[{"embeddable":true,"href":"https:\/\/municipalidaddenebaj.com\/index.php?rest_route=\/wp\/v2\/media\/50291"}],"wp:attachment":[{"href":"https:\/\/municipalidaddenebaj.com\/index.php?rest_route=%2Fwp%2Fv2%2Fmedia&parent=50290"}],"wp:term":[{"taxonomy":"category","embeddable":true,"href":"https:\/\/municipalidaddenebaj.com\/index.php?rest_route=%2Fwp%2Fv2%2Fcategories&post=50290"},{"taxonomy":"post_tag","embeddable":true,"href":"https:\/\/municipalidaddenebaj.com\/index.php?rest_route=%2Fwp%2Fv2%2Ftags&post=50290"}],"curies":[{"name":"wp","href":"https:\/\/api.w.org\/{rel}","templated":true}]}}