{"id":50363,"date":"2025-08-04T18:57:46","date_gmt":"2025-08-04T18:57:46","guid":{"rendered":"https:\/\/municipalidaddenebaj.com\/?p=50363"},"modified":"2025-08-07T21:11:05","modified_gmt":"2025-08-07T21:11:05","slug":"inauguracion-del-proyecto-mejoramiento-camino-tzihorno","status":"publish","type":"post","link":"https:\/\/municipalidaddenebaj.com\/?p=50363","title":{"rendered":"INAUGURACI\u00d3N  DEL PROYECTO MEJORAMIENTO CAMINO TZIHORNO"},"content":{"rendered":"\t\t<div data-elementor-type=\"wp-post\" data-elementor-id=\"50363\" class=\"elementor elementor-50363\" data-elementor-settings=\"{&quot;ha_cmc_init_switcher&quot;:&quot;no&quot;}\">\n\t\t\t\t<div class=\"elementor-element elementor-element-7c2324a0 e-flex e-con-boxed e-con e-parent\" data-id=\"7c2324a0\" data-element_type=\"container\" data-e-type=\"container\" data-settings=\"{&quot;_ha_eqh_enable&quot;:false}\">\n\t\t\t\t\t<div class=\"e-con-inner\">\n\t\t\t\t<div class=\"elementor-element elementor-element-7ee50cff elementor-widget elementor-widget-text-editor\" data-id=\"7ee50cff\" data-element_type=\"widget\" data-e-type=\"widget\" data-widget_type=\"text-editor.default\">\n\t\t\t\t<div class=\"elementor-widget-container\">\n\t\t\t\t\t\t\t\t\t<h4><strong>As\u00ed amaneci\u00f3 Tzihorno este lunes: con calles pavimentadas y esperanza firme. Desde temprano, el se\u00f1or Alcalde lider\u00f3 con alegr\u00eda la inauguraci\u00f3n de esta obra que transforma vidas. Calles nuevas, dignas y seguras, que hoy son realidad gracias al compromiso con las familias de Nebaj.<\/strong><\/h4>\n<h4><!-- \/wp:heading --><!-- wp:heading {\"level\":3} --><\/h4>\n<h4 class=\"wp-block-heading\">Mientras algunos solo critican y se dedican a sembrar conflicto, aqu\u00ed se trabaja con hechos, con di\u00e1logo y con respeto. Porque servir al pueblo es m\u00e1s que hablar\u2026 es cumplir, escuchar y construir con el coraz\u00f3n en paz.<\/h4>\n<h4 class=\"wp-block-heading\"><span style=\"color: inherit;\">Nebaj avanza, paso a paso, obra tras obra. Hoy en Tzihorno, ma\u00f1ana en otra comunidad que tambi\u00e9n merece ser atendida. Seguimos <\/span><a style=\"background-color: #ffffff;\" href=\"https:\/\/www.facebook.com\/hashtag\/construyendofuturo?__eep__=6&amp;__cft__[0]=AZV7C9MGYizAJP-hOcSkiJKNkpbFhe5AirPhzh7sekuTgi1eptf-4ApO0ChXsFrO263SA7Hc5EGjnRcAHssuHehRtqyR82WJWUSvb51P0eW7yN4M6JpysZfAk6GuNJwkJg8A-AuEdtS00rKjNyuQs1YhHmvn-JlTHJnT6G1yxRlSEfexjY4N7c-HmJxPRYfJ2Wo&amp;__tn__=*NK-R\">#ConstruyendoFuturo<\/a><\/h4>\n<p><!-- \/wp:heading --><!-- wp:heading {\"level\":3} --><\/p>\n<h3 class=\"wp-block-heading\">\u00a0<\/h3>\n<p><!-- \/wp:heading --><!-- wp:html --><\/p>\n<p><iframe style=\"border: none; overflow: hidden;\" src=\"https:\/\/www.facebook.com\/plugins\/post.php?href=https%3A%2F%2Fwww.facebook.com%2Fpermalink.php%3Fstory_fbid%3Dpfbid021CdwLwWztkDchwumXvrEEXFKcZypBamyqoQEBx1ECcjW22mpaUaAp4d9Y5b9uGKvl%26id%3D100064424092491&amp;show_text=true&amp;width=1100\" width=\"1100\" height=\"1020\" frameborder=\"0\" scrolling=\"no\" allowfullscreen=\"allowfullscreen\"><\/iframe><\/p>\n<p><!-- \/wp:html --><\/p>\t\t\t\t\t\t\t\t<\/div>\n\t\t\t\t<\/div>\n\t\t\t\t\t<\/div>\n\t\t\t\t<\/div>\n\t\t\t\t<\/div>\n\t\t","protected":false},"excerpt":{"rendered":"<p>As\u00ed amaneci\u00f3 Tzihorno este lunes: con calles pavimentadas y esperanza firme. Desde temprano, el se\u00f1or&#8230;<\/p>\n","protected":false},"author":4,"featured_media":50364,"comment_status":"closed","ping_status":"open","sticky":false,"template":"","format":"standard","meta":{"_eb_attr":"","_monsterinsights_skip_tracking":false,"_monsterinsights_sitenote_active":false,"_monsterinsights_sitenote_note":"","_monsterinsights_sitenote_category":0,"footnotes":""},"categories":[1],"tags":[],"class_list":["post-50363","post","type-post","status-publish","format-standard","has-post-thumbnail","hentry","category-uncategorized"],"featured_image_urls":{"full":["https:\/\/municipalidaddenebaj.com\/wp-content\/uploads\/2025\/08\/527529084_1160497689441023_3049519103837289547_n.jpg",2048,1365,false],"thumbnail":["https:\/\/municipalidaddenebaj.com\/wp-content\/uploads\/2025\/08\/527529084_1160497689441023_3049519103837289547_n-400x400.jpg",400,400,true],"medium":["https:\/\/municipalidaddenebaj.com\/wp-content\/uploads\/2025\/08\/527529084_1160497689441023_3049519103837289547_n-594x396.jpg",594,396,true],"medium_large":["https:\/\/municipalidaddenebaj.com\/wp-content\/uploads\/2025\/08\/527529084_1160497689441023_3049519103837289547_n-768x512.jpg",640,427,true],"large":["https:\/\/municipalidaddenebaj.com\/wp-content\/uploads\/2025\/08\/527529084_1160497689441023_3049519103837289547_n-510x340.jpg",510,340,true],"ezd_searrch_thumb16x16":["https:\/\/municipalidaddenebaj.com\/wp-content\/uploads\/2025\/08\/527529084_1160497689441023_3049519103837289547_n-16x16.jpg",16,16,true],"ezd_searrch_thumb50x50":["https:\/\/municipalidaddenebaj.com\/wp-content\/uploads\/2025\/08\/527529084_1160497689441023_3049519103837289547_n-50x50.jpg",50,50,true],"1536x1536":["https:\/\/municipalidaddenebaj.com\/wp-content\/uploads\/2025\/08\/527529084_1160497689441023_3049519103837289547_n-1536x1024.jpg",1536,1024,true],"2048x2048":["https:\/\/municipalidaddenebaj.com\/wp-content\/uploads\/2025\/08\/527529084_1160497689441023_3049519103837289547_n.jpg",2048,1365,false],"covernews-featured":["https:\/\/municipalidaddenebaj.com\/wp-content\/uploads\/2025\/08\/527529084_1160497689441023_3049519103837289547_n.jpg",1024,683,false],"covernews-medium":["https:\/\/municipalidaddenebaj.com\/wp-content\/uploads\/2025\/08\/527529084_1160497689441023_3049519103837289547_n.jpg",510,340,false],"woocommerce_thumbnail":["https:\/\/municipalidaddenebaj.com\/wp-content\/uploads\/2025\/08\/527529084_1160497689441023_3049519103837289547_n-300x300.jpg",300,300,true],"woocommerce_single":["https:\/\/municipalidaddenebaj.com\/wp-content\/uploads\/2025\/08\/527529084_1160497689441023_3049519103837289547_n-600x400.jpg",600,400,true],"woocommerce_gallery_thumbnail":["https:\/\/municipalidaddenebaj.com\/wp-content\/uploads\/2025\/08\/527529084_1160497689441023_3049519103837289547_n-100x100.jpg",100,100,true]},"author_info":{"display_name":"Editor","author_link":"https:\/\/municipalidaddenebaj.com\/?author=4"},"category_info":"<a href=\"https:\/\/municipalidaddenebaj.com\/?cat=1\" rel=\"category\">Uncategorized<\/a>","tag_info":"Uncategorized","comment_count":"0","_links":{"self":[{"href":"https:\/\/municipalidaddenebaj.com\/index.php?rest_route=\/wp\/v2\/posts\/50363","targetHints":{"allow":["GET"]}}],"collection":[{"href":"https:\/\/municipalidaddenebaj.com\/index.php?rest_route=\/wp\/v2\/posts"}],"about":[{"href":"https:\/\/municipalidaddenebaj.com\/index.php?rest_route=\/wp\/v2\/types\/post"}],"author":[{"embeddable":true,"href":"https:\/\/municipalidaddenebaj.com\/index.php?rest_route=\/wp\/v2\/users\/4"}],"replies":[{"embeddable":true,"href":"https:\/\/municipalidaddenebaj.com\/index.php?rest_route=%2Fwp%2Fv2%2Fcomments&post=50363"}],"version-history":[{"count":0,"href":"https:\/\/municipalidaddenebaj.com\/index.php?rest_route=\/wp\/v2\/posts\/50363\/revisions"}],"wp:featuredmedia":[{"embeddable":true,"href":"https:\/\/municipalidaddenebaj.com\/index.php?rest_route=\/wp\/v2\/media\/50364"}],"wp:attachment":[{"href":"https:\/\/municipalidaddenebaj.com\/index.php?rest_route=%2Fwp%2Fv2%2Fmedia&parent=50363"}],"wp:term":[{"taxonomy":"category","embeddable":true,"href":"https:\/\/municipalidaddenebaj.com\/index.php?rest_route=%2Fwp%2Fv2%2Fcategories&post=50363"},{"taxonomy":"post_tag","embeddable":true,"href":"https:\/\/municipalidaddenebaj.com\/index.php?rest_route=%2Fwp%2Fv2%2Ftags&post=50363"}],"curies":[{"name":"wp","href":"https:\/\/api.w.org\/{rel}","templated":true}]}}