{"id":50461,"date":"2025-08-05T20:07:54","date_gmt":"2025-08-05T20:07:54","guid":{"rendered":"https:\/\/municipalidaddenebaj.com\/?p=50461"},"modified":"2025-08-07T21:03:59","modified_gmt":"2025-08-07T21:03:59","slug":"inauguracion-de-aulas","status":"publish","type":"post","link":"https:\/\/municipalidaddenebaj.com\/?p=50461","title":{"rendered":"INAUGURACI\u00d3N DE AULAS"},"content":{"rendered":"\t\t<div data-elementor-type=\"wp-post\" data-elementor-id=\"50461\" class=\"elementor elementor-50461\" data-elementor-settings=\"{&quot;ha_cmc_init_switcher&quot;:&quot;no&quot;}\">\n\t\t\t\t<div class=\"elementor-element elementor-element-18df071a e-flex e-con-boxed e-con e-parent\" data-id=\"18df071a\" data-element_type=\"container\" data-e-type=\"container\" data-settings=\"{&quot;_ha_eqh_enable&quot;:false}\">\n\t\t\t\t\t<div class=\"e-con-inner\">\n\t\t\t\t<div class=\"elementor-element elementor-element-3995448a elementor-widget elementor-widget-text-editor\" data-id=\"3995448a\" data-element_type=\"widget\" data-e-type=\"widget\" data-widget_type=\"text-editor.default\">\n\t\t\t\t<div class=\"elementor-widget-container\">\n\t\t\t\t\t\t\t\t\t\n<h4 class=\"wp-block-heading\">\u00a1As\u00ed se ve la alegr\u00eda de un aula digna y equipada!<\/h4>\n<h4><\/h4>\n<h4 class=\"wp-block-heading\">Hoy compartimos con emoci\u00f3n las im\u00e1genes de la entrega de un aula nueva, la reparaci\u00f3n de otro espacio educativo y, lo m\u00e1s importante: \u00a1la entrega de escritorios y pizarras para que nuestros ni\u00f1os y ni\u00f1as aprendan en condiciones dignas!<\/h4>\n<h4><\/h4>\n<h4 class=\"wp-block-heading\">Familias agradecidas, estudiantes con sonrisas sinceras, autoridades escolares y municipales unidas por una causa: la educaci\u00f3n de calidad para Nebaj. Porque cuando se trabaja con paz y amor, los resultados se sienten en cada rinc\u00f3n del aula. Seguimos <a href=\"https:\/\/www.facebook.com\/hashtag\/construyendofuturo?__eep__=6&amp;__cft__[0]=AZWQslMawp6RzPoX65j53Oj_LF0ndkkU8q6u3NEPouQwF53WuKdK4pWTQse-3BGYmq4ZP-SXQab5EGZTmx29vk6RKePN8ZxJ2AfPBxnZu-JHd6tJxnnQBSYmaBSv5WSmrlB0eq0WgTnw3sYcTe9uKRX4jKEk6bsk6I0GIeJPdL_4bMRsJOXHem4TewB1CMXH6pM&amp;__tn__=*NK-R\">#ConstruyendoFuturo<\/a><\/h4>\n\n<p><iframe style=\"border: none; overflow: hidden;\" src=\"https:\/\/www.facebook.com\/plugins\/post.php?href=https%3A%2F%2Fwww.facebook.com%2Fpermalink.php%3Fstory_fbid%3Dpfbid0npd4qHik6ZzFFEiEXaBEjXPrwxi4vQzW7ppVCXzMqx47HSxTyyiS412n3J3UGp9l%26id%3D100064424092491&amp;show_text=true&amp;width=11100\" width=\"1100\" height=\"1040\" frameborder=\"0\" scrolling=\"no\" allowfullscreen=\"allowfullscreen\"><\/iframe><\/p>\n\t\t\t\t\t\t\t\t<\/div>\n\t\t\t\t<\/div>\n\t\t\t\t\t<\/div>\n\t\t\t\t<\/div>\n\t\t\t\t<\/div>\n\t\t","protected":false},"excerpt":{"rendered":"<p>\u00a1As\u00ed se ve la alegr\u00eda de un aula digna y equipada! Hoy compartimos con emoci\u00f3n&#8230;<\/p>\n","protected":false},"author":4,"featured_media":50462,"comment_status":"closed","ping_status":"open","sticky":false,"template":"","format":"standard","meta":{"_eb_attr":"","_monsterinsights_skip_tracking":false,"_monsterinsights_sitenote_active":false,"_monsterinsights_sitenote_note":"","_monsterinsights_sitenote_category":0,"footnotes":""},"categories":[1],"tags":[],"class_list":["post-50461","post","type-post","status-publish","format-standard","has-post-thumbnail","hentry","category-uncategorized"],"featured_image_urls":{"full":["https:\/\/municipalidaddenebaj.com\/wp-content\/uploads\/2025\/08\/529034526_1161363629354429_3056177679563185464_n.jpg",2048,1365,false],"thumbnail":["https:\/\/municipalidaddenebaj.com\/wp-content\/uploads\/2025\/08\/529034526_1161363629354429_3056177679563185464_n-400x400.jpg",400,400,true],"medium":["https:\/\/municipalidaddenebaj.com\/wp-content\/uploads\/2025\/08\/529034526_1161363629354429_3056177679563185464_n-594x396.jpg",594,396,true],"medium_large":["https:\/\/municipalidaddenebaj.com\/wp-content\/uploads\/2025\/08\/529034526_1161363629354429_3056177679563185464_n-768x512.jpg",640,427,true],"large":["https:\/\/municipalidaddenebaj.com\/wp-content\/uploads\/2025\/08\/529034526_1161363629354429_3056177679563185464_n-510x340.jpg",510,340,true],"ezd_searrch_thumb16x16":["https:\/\/municipalidaddenebaj.com\/wp-content\/uploads\/2025\/08\/529034526_1161363629354429_3056177679563185464_n-16x16.jpg",16,16,true],"ezd_searrch_thumb50x50":["https:\/\/municipalidaddenebaj.com\/wp-content\/uploads\/2025\/08\/529034526_1161363629354429_3056177679563185464_n-50x50.jpg",50,50,true],"1536x1536":["https:\/\/municipalidaddenebaj.com\/wp-content\/uploads\/2025\/08\/529034526_1161363629354429_3056177679563185464_n-1536x1024.jpg",1536,1024,true],"2048x2048":["https:\/\/municipalidaddenebaj.com\/wp-content\/uploads\/2025\/08\/529034526_1161363629354429_3056177679563185464_n.jpg",2048,1365,false],"covernews-featured":["https:\/\/municipalidaddenebaj.com\/wp-content\/uploads\/2025\/08\/529034526_1161363629354429_3056177679563185464_n.jpg",1024,683,false],"covernews-medium":["https:\/\/municipalidaddenebaj.com\/wp-content\/uploads\/2025\/08\/529034526_1161363629354429_3056177679563185464_n.jpg",510,340,false],"woocommerce_thumbnail":["https:\/\/municipalidaddenebaj.com\/wp-content\/uploads\/2025\/08\/529034526_1161363629354429_3056177679563185464_n-300x300.jpg",300,300,true],"woocommerce_single":["https:\/\/municipalidaddenebaj.com\/wp-content\/uploads\/2025\/08\/529034526_1161363629354429_3056177679563185464_n-600x400.jpg",600,400,true],"woocommerce_gallery_thumbnail":["https:\/\/municipalidaddenebaj.com\/wp-content\/uploads\/2025\/08\/529034526_1161363629354429_3056177679563185464_n-100x100.jpg",100,100,true]},"author_info":{"display_name":"Editor","author_link":"https:\/\/municipalidaddenebaj.com\/?author=4"},"category_info":"<a href=\"https:\/\/municipalidaddenebaj.com\/?cat=1\" rel=\"category\">Uncategorized<\/a>","tag_info":"Uncategorized","comment_count":"0","_links":{"self":[{"href":"https:\/\/municipalidaddenebaj.com\/index.php?rest_route=\/wp\/v2\/posts\/50461","targetHints":{"allow":["GET"]}}],"collection":[{"href":"https:\/\/municipalidaddenebaj.com\/index.php?rest_route=\/wp\/v2\/posts"}],"about":[{"href":"https:\/\/municipalidaddenebaj.com\/index.php?rest_route=\/wp\/v2\/types\/post"}],"author":[{"embeddable":true,"href":"https:\/\/municipalidaddenebaj.com\/index.php?rest_route=\/wp\/v2\/users\/4"}],"replies":[{"embeddable":true,"href":"https:\/\/municipalidaddenebaj.com\/index.php?rest_route=%2Fwp%2Fv2%2Fcomments&post=50461"}],"version-history":[{"count":0,"href":"https:\/\/municipalidaddenebaj.com\/index.php?rest_route=\/wp\/v2\/posts\/50461\/revisions"}],"wp:featuredmedia":[{"embeddable":true,"href":"https:\/\/municipalidaddenebaj.com\/index.php?rest_route=\/wp\/v2\/media\/50462"}],"wp:attachment":[{"href":"https:\/\/municipalidaddenebaj.com\/index.php?rest_route=%2Fwp%2Fv2%2Fmedia&parent=50461"}],"wp:term":[{"taxonomy":"category","embeddable":true,"href":"https:\/\/municipalidaddenebaj.com\/index.php?rest_route=%2Fwp%2Fv2%2Fcategories&post=50461"},{"taxonomy":"post_tag","embeddable":true,"href":"https:\/\/municipalidaddenebaj.com\/index.php?rest_route=%2Fwp%2Fv2%2Ftags&post=50461"}],"curies":[{"name":"wp","href":"https:\/\/api.w.org\/{rel}","templated":true}]}}