{"id":50744,"date":"2025-08-07T18:04:45","date_gmt":"2025-08-07T18:04:45","guid":{"rendered":"https:\/\/municipalidaddenebaj.com\/?p=50744"},"modified":"2025-08-07T21:00:39","modified_gmt":"2025-08-07T21:00:39","slug":"juventud-fest-en-nebaj","status":"publish","type":"post","link":"https:\/\/municipalidaddenebaj.com\/?p=50744","title":{"rendered":"JUVENTUD FEST EN NEBAJ"},"content":{"rendered":"\t\t<div data-elementor-type=\"wp-post\" data-elementor-id=\"50744\" class=\"elementor elementor-50744\" data-elementor-settings=\"{&quot;ha_cmc_init_switcher&quot;:&quot;no&quot;}\">\n\t\t\t\t<div class=\"elementor-element elementor-element-b338f9 e-flex e-con-boxed e-con e-parent\" data-id=\"b338f9\" data-element_type=\"container\" data-e-type=\"container\" data-settings=\"{&quot;_ha_eqh_enable&quot;:false}\">\n\t\t\t\t\t<div class=\"e-con-inner\">\n\t\t\t\t<div class=\"elementor-element elementor-element-a19c880 elementor-widget elementor-widget-text-editor\" data-id=\"a19c880\" data-element_type=\"widget\" data-e-type=\"widget\" data-widget_type=\"text-editor.default\">\n\t\t\t\t<div class=\"elementor-widget-container\">\n\t\t\t\t\t\t\t\t\t\n<h5>\u00a1Juventud Fest en Nebaj! Celebramos con alegr\u00eda, m\u00fasica, colores y sue\u00f1os. Detr\u00e1s de cada risa, hay un compromiso real: seguir invirtiendo en la juventud con acciones concretas en deportes, ajedrez, pintura, marimba, cultoras de belleza, tenis de mesa y actividades formativas en arte y cultura. Estos son hechos, no palabras.<\/h5>\n<h5><\/h5>\n<h5>Nebaj es el municipio que m\u00e1s apuesta por su juventud en todo Quich\u00e9\u2026 y lo estamos demostrando. \u00a1Porque cuando apoyamos a la juventud, transformamos el presente!<\/h5>\n\n<p><iframe style=\"border: none; overflow: hidden;\" src=\"https:\/\/www.facebook.com\/plugins\/post.php?href=https%3A%2F%2Fwww.facebook.com%2Fpermalink.php%3Fstory_fbid%3Dpfbid0wVPMaRVcSH7bZkDSnroHT87eWJzjE4fXdWRmJ4uhjTmxbu7nC5Pz8wzAE8B7VGBGl%26id%3D100064424092491&amp;show_text=true&amp;width=1100\" width=\"1100\" height=\"990\" frameborder=\"0\" scrolling=\"no\" allowfullscreen=\"allowfullscreen\"><\/iframe><\/p>\n\t\t\t\t\t\t\t\t<\/div>\n\t\t\t\t<\/div>\n\t\t\t\t\t<\/div>\n\t\t\t\t<\/div>\n\t\t\t\t<\/div>\n\t\t","protected":false},"excerpt":{"rendered":"<p>\u00a1Juventud Fest en Nebaj! Celebramos con alegr\u00eda, m\u00fasica, colores y sue\u00f1os. Detr\u00e1s de cada risa,&#8230;<\/p>\n","protected":false},"author":4,"featured_media":50745,"comment_status":"closed","ping_status":"open","sticky":false,"template":"","format":"standard","meta":{"_eb_attr":"","_monsterinsights_skip_tracking":false,"_monsterinsights_sitenote_active":false,"_monsterinsights_sitenote_note":"","_monsterinsights_sitenote_category":0,"footnotes":""},"categories":[1],"tags":[],"class_list":["post-50744","post","type-post","status-publish","format-standard","has-post-thumbnail","hentry","category-uncategorized"],"featured_image_urls":{"full":["https:\/\/municipalidaddenebaj.com\/wp-content\/uploads\/2025\/08\/526606399_1162861979204594_4286443168968822585_n.jpg",2048,1365,false],"thumbnail":["https:\/\/municipalidaddenebaj.com\/wp-content\/uploads\/2025\/08\/526606399_1162861979204594_4286443168968822585_n-400x400.jpg",400,400,true],"medium":["https:\/\/municipalidaddenebaj.com\/wp-content\/uploads\/2025\/08\/526606399_1162861979204594_4286443168968822585_n-594x396.jpg",594,396,true],"medium_large":["https:\/\/municipalidaddenebaj.com\/wp-content\/uploads\/2025\/08\/526606399_1162861979204594_4286443168968822585_n-768x512.jpg",640,427,true],"large":["https:\/\/municipalidaddenebaj.com\/wp-content\/uploads\/2025\/08\/526606399_1162861979204594_4286443168968822585_n-510x340.jpg",510,340,true],"ezd_searrch_thumb16x16":["https:\/\/municipalidaddenebaj.com\/wp-content\/uploads\/2025\/08\/526606399_1162861979204594_4286443168968822585_n-16x16.jpg",16,16,true],"ezd_searrch_thumb50x50":["https:\/\/municipalidaddenebaj.com\/wp-content\/uploads\/2025\/08\/526606399_1162861979204594_4286443168968822585_n-50x50.jpg",50,50,true],"1536x1536":["https:\/\/municipalidaddenebaj.com\/wp-content\/uploads\/2025\/08\/526606399_1162861979204594_4286443168968822585_n-1536x1024.jpg",1536,1024,true],"2048x2048":["https:\/\/municipalidaddenebaj.com\/wp-content\/uploads\/2025\/08\/526606399_1162861979204594_4286443168968822585_n.jpg",2048,1365,false],"covernews-featured":["https:\/\/municipalidaddenebaj.com\/wp-content\/uploads\/2025\/08\/526606399_1162861979204594_4286443168968822585_n.jpg",1024,683,false],"covernews-medium":["https:\/\/municipalidaddenebaj.com\/wp-content\/uploads\/2025\/08\/526606399_1162861979204594_4286443168968822585_n.jpg",510,340,false],"woocommerce_thumbnail":["https:\/\/municipalidaddenebaj.com\/wp-content\/uploads\/2025\/08\/526606399_1162861979204594_4286443168968822585_n-300x300.jpg",300,300,true],"woocommerce_single":["https:\/\/municipalidaddenebaj.com\/wp-content\/uploads\/2025\/08\/526606399_1162861979204594_4286443168968822585_n-600x400.jpg",600,400,true],"woocommerce_gallery_thumbnail":["https:\/\/municipalidaddenebaj.com\/wp-content\/uploads\/2025\/08\/526606399_1162861979204594_4286443168968822585_n-100x100.jpg",100,100,true]},"author_info":{"display_name":"Editor","author_link":"https:\/\/municipalidaddenebaj.com\/?author=4"},"category_info":"<a href=\"https:\/\/municipalidaddenebaj.com\/?cat=1\" rel=\"category\">Uncategorized<\/a>","tag_info":"Uncategorized","comment_count":"0","_links":{"self":[{"href":"https:\/\/municipalidaddenebaj.com\/index.php?rest_route=\/wp\/v2\/posts\/50744","targetHints":{"allow":["GET"]}}],"collection":[{"href":"https:\/\/municipalidaddenebaj.com\/index.php?rest_route=\/wp\/v2\/posts"}],"about":[{"href":"https:\/\/municipalidaddenebaj.com\/index.php?rest_route=\/wp\/v2\/types\/post"}],"author":[{"embeddable":true,"href":"https:\/\/municipalidaddenebaj.com\/index.php?rest_route=\/wp\/v2\/users\/4"}],"replies":[{"embeddable":true,"href":"https:\/\/municipalidaddenebaj.com\/index.php?rest_route=%2Fwp%2Fv2%2Fcomments&post=50744"}],"version-history":[{"count":0,"href":"https:\/\/municipalidaddenebaj.com\/index.php?rest_route=\/wp\/v2\/posts\/50744\/revisions"}],"wp:featuredmedia":[{"embeddable":true,"href":"https:\/\/municipalidaddenebaj.com\/index.php?rest_route=\/wp\/v2\/media\/50745"}],"wp:attachment":[{"href":"https:\/\/municipalidaddenebaj.com\/index.php?rest_route=%2Fwp%2Fv2%2Fmedia&parent=50744"}],"wp:term":[{"taxonomy":"category","embeddable":true,"href":"https:\/\/municipalidaddenebaj.com\/index.php?rest_route=%2Fwp%2Fv2%2Fcategories&post=50744"},{"taxonomy":"post_tag","embeddable":true,"href":"https:\/\/municipalidaddenebaj.com\/index.php?rest_route=%2Fwp%2Fv2%2Ftags&post=50744"}],"curies":[{"name":"wp","href":"https:\/\/api.w.org\/{rel}","templated":true}]}}