{"id":50748,"date":"2025-08-07T18:30:49","date_gmt":"2025-08-07T18:30:49","guid":{"rendered":"https:\/\/municipalidaddenebaj.com\/?p=50748"},"modified":"2025-08-07T20:58:10","modified_gmt":"2025-08-07T20:58:10","slug":"senorita-clavellinas","status":"publish","type":"post","link":"https:\/\/municipalidaddenebaj.com\/?p=50748","title":{"rendered":"SE\u00d1ORITA CLAVELLINAS"},"content":{"rendered":"\t\t<div data-elementor-type=\"wp-post\" data-elementor-id=\"50748\" class=\"elementor elementor-50748\" data-elementor-settings=\"{&quot;ha_cmc_init_switcher&quot;:&quot;no&quot;}\">\n\t\t\t\t<div class=\"elementor-element elementor-element-43adb5d0 e-flex e-con-boxed e-con e-parent\" data-id=\"43adb5d0\" data-element_type=\"container\" data-e-type=\"container\" data-settings=\"{&quot;_ha_eqh_enable&quot;:false}\">\n\t\t\t\t\t<div class=\"e-con-inner\">\n\t\t\t\t<div class=\"elementor-element elementor-element-24e0bb89 elementor-widget elementor-widget-text-editor\" data-id=\"24e0bb89\" data-element_type=\"widget\" data-e-type=\"widget\" data-widget_type=\"text-editor.default\">\n\t\t\t\t<div class=\"elementor-widget-container\">\n\t\t\t\t\t\t\t\t\t\n<h4 class=\"wp-block-heading\">El Gobierno Municipal de Nebaj, respalda y promueve la participaci\u00f3n de la representativa Se\u00f1orita Clavellinas en el certamen a Se\u00f1orita Quich\u00e9 2025-2026.<\/h4>\n\n\n\n<h4 class=\"wp-block-heading\"><a><\/a><img  title=\"\" decoding=\"async\" height=\"16\" width=\"16\"  alt=\"2705 SE\u00d1ORITA CLAVELLINAS\"  src=\"https:\/\/static.xx.fbcdn.net\/images\/emoji.php\/v9\/t33\/1\/16\/2705.png\">Deja tu LIKE a la foto oficial.<\/h4>\n\n\n\n<h4 class=\"wp-block-heading\"><a href=\"https:\/\/www.facebook.com\/hashtag\/construyendofuturo?__eep__=6&amp;__cft__[0]=AZU4XdvEi0B8SJvUT4naQNLk-4XmRS4H7RBSvAH5lDclwKTjuBwiMQKMzj-buTNfttd7yHOs5jz1fJe7TExtEA44-L1ZeW6RVAPcduUffukcQDVpyAc7Cl7qE-wpIWikR4eE4d5sLygQgyciwtL-IOMdAWtYV8N75xlE5yXYGPLQB82IBqS6V5Jgkk8dgiGA4uOD_xENzY96mOY-621X3hNpZwX7FL0gHwrB6u5HdDqMZw&amp;__tn__=*NK-R\">#ConstruyendoFuturo<\/a><\/h4>\n\n\n\n<iframe src=\"https:\/\/www.facebook.com\/plugins\/post.php?href=https%3A%2F%2Fwww.facebook.com%2Fpermalink.php%3Fstory_fbid%3Dpfbid02HeG9jaRSmt2XxgL4jYUoCdiyj8S8BTQJc5JKja6NJG8w4uYzy2ez3M4PjeV1wXzvl%26id%3D100064424092491&#038;show_text=true&#038;width=1100\" width=\"1100\" height=\"673\" style=\"border:none;overflow:hidden\" scrolling=\"no\" frameborder=\"0\" allowfullscreen=\"true\" allow=\"autoplay; clipboard-write; encrypted-media; picture-in-picture; web-share\"><\/iframe>\n\t\t\t\t\t\t\t\t<\/div>\n\t\t\t\t<\/div>\n\t\t\t\t\t<\/div>\n\t\t\t\t<\/div>\n\t\t\t\t<\/div>\n\t\t","protected":false},"excerpt":{"rendered":"<p>El Gobierno Municipal de Nebaj, respalda y promueve la participaci\u00f3n de la representativa Se\u00f1orita Clavellinas&#8230;<\/p>\n","protected":false},"author":4,"featured_media":50749,"comment_status":"closed","ping_status":"open","sticky":false,"template":"","format":"standard","meta":{"_eb_attr":"","_monsterinsights_skip_tracking":false,"_monsterinsights_sitenote_active":false,"_monsterinsights_sitenote_note":"","_monsterinsights_sitenote_category":0,"footnotes":""},"categories":[1],"tags":[],"class_list":["post-50748","post","type-post","status-publish","format-standard","has-post-thumbnail","hentry","category-uncategorized"],"featured_image_urls":{"full":["https:\/\/municipalidaddenebaj.com\/wp-content\/uploads\/2025\/08\/528785889_122221757192175475_7951218149991677892_n.jpg",1463,2048,false],"thumbnail":["https:\/\/municipalidaddenebaj.com\/wp-content\/uploads\/2025\/08\/528785889_122221757192175475_7951218149991677892_n-400x400.jpg",400,400,true],"medium":["https:\/\/municipalidaddenebaj.com\/wp-content\/uploads\/2025\/08\/528785889_122221757192175475_7951218149991677892_n-424x594.jpg",424,594,true],"medium_large":["https:\/\/municipalidaddenebaj.com\/wp-content\/uploads\/2025\/08\/528785889_122221757192175475_7951218149991677892_n-768x1075.jpg",640,896,true],"large":["https:\/\/municipalidaddenebaj.com\/wp-content\/uploads\/2025\/08\/528785889_122221757192175475_7951218149991677892_n-364x510.jpg",364,510,true],"ezd_searrch_thumb16x16":["https:\/\/municipalidaddenebaj.com\/wp-content\/uploads\/2025\/08\/528785889_122221757192175475_7951218149991677892_n-16x16.jpg",16,16,true],"ezd_searrch_thumb50x50":["https:\/\/municipalidaddenebaj.com\/wp-content\/uploads\/2025\/08\/528785889_122221757192175475_7951218149991677892_n-50x50.jpg",50,50,true],"1536x1536":["https:\/\/municipalidaddenebaj.com\/wp-content\/uploads\/2025\/08\/528785889_122221757192175475_7951218149991677892_n-1097x1536.jpg",1097,1536,true],"2048x2048":["https:\/\/municipalidaddenebaj.com\/wp-content\/uploads\/2025\/08\/528785889_122221757192175475_7951218149991677892_n.jpg",1463,2048,false],"covernews-featured":["https:\/\/municipalidaddenebaj.com\/wp-content\/uploads\/2025\/08\/528785889_122221757192175475_7951218149991677892_n.jpg",1024,1433,false],"covernews-medium":["https:\/\/municipalidaddenebaj.com\/wp-content\/uploads\/2025\/08\/528785889_122221757192175475_7951218149991677892_n.jpg",243,340,false],"woocommerce_thumbnail":["https:\/\/municipalidaddenebaj.com\/wp-content\/uploads\/2025\/08\/528785889_122221757192175475_7951218149991677892_n-300x300.jpg",300,300,true],"woocommerce_single":["https:\/\/municipalidaddenebaj.com\/wp-content\/uploads\/2025\/08\/528785889_122221757192175475_7951218149991677892_n-600x840.jpg",600,840,true],"woocommerce_gallery_thumbnail":["https:\/\/municipalidaddenebaj.com\/wp-content\/uploads\/2025\/08\/528785889_122221757192175475_7951218149991677892_n-100x100.jpg",100,100,true]},"author_info":{"display_name":"Editor","author_link":"https:\/\/municipalidaddenebaj.com\/?author=4"},"category_info":"<a href=\"https:\/\/municipalidaddenebaj.com\/?cat=1\" rel=\"category\">Uncategorized<\/a>","tag_info":"Uncategorized","comment_count":"0","_links":{"self":[{"href":"https:\/\/municipalidaddenebaj.com\/index.php?rest_route=\/wp\/v2\/posts\/50748","targetHints":{"allow":["GET"]}}],"collection":[{"href":"https:\/\/municipalidaddenebaj.com\/index.php?rest_route=\/wp\/v2\/posts"}],"about":[{"href":"https:\/\/municipalidaddenebaj.com\/index.php?rest_route=\/wp\/v2\/types\/post"}],"author":[{"embeddable":true,"href":"https:\/\/municipalidaddenebaj.com\/index.php?rest_route=\/wp\/v2\/users\/4"}],"replies":[{"embeddable":true,"href":"https:\/\/municipalidaddenebaj.com\/index.php?rest_route=%2Fwp%2Fv2%2Fcomments&post=50748"}],"version-history":[{"count":0,"href":"https:\/\/municipalidaddenebaj.com\/index.php?rest_route=\/wp\/v2\/posts\/50748\/revisions"}],"wp:featuredmedia":[{"embeddable":true,"href":"https:\/\/municipalidaddenebaj.com\/index.php?rest_route=\/wp\/v2\/media\/50749"}],"wp:attachment":[{"href":"https:\/\/municipalidaddenebaj.com\/index.php?rest_route=%2Fwp%2Fv2%2Fmedia&parent=50748"}],"wp:term":[{"taxonomy":"category","embeddable":true,"href":"https:\/\/municipalidaddenebaj.com\/index.php?rest_route=%2Fwp%2Fv2%2Fcategories&post=50748"},{"taxonomy":"post_tag","embeddable":true,"href":"https:\/\/municipalidaddenebaj.com\/index.php?rest_route=%2Fwp%2Fv2%2Ftags&post=50748"}],"curies":[{"name":"wp","href":"https:\/\/api.w.org\/{rel}","templated":true}]}}