{"id":51420,"date":"2025-08-19T17:02:32","date_gmt":"2025-08-19T17:02:32","guid":{"rendered":"https:\/\/municipalidaddenebaj.com\/?p=51420"},"modified":"2025-08-19T17:02:33","modified_gmt":"2025-08-19T17:02:33","slug":"dia-de-la-virgen-de-la-asuncion","status":"publish","type":"post","link":"https:\/\/municipalidaddenebaj.com\/?p=51420","title":{"rendered":"D\u00cdA DE LA VIRGEN DE LA ASUNCI\u00d3N"},"content":{"rendered":"\n<h3 class=\"wp-block-heading\">Nos da gusto celebrar el d\u00eda de la Virgen de la Asunci\u00f3n, Patrona de Santa Mar\u00eda Nebaj, en compa\u00f1\u00eda de Monse\u00f1or Rossolino Bianchetti, autoridades de la iglesia cat\u00f3lica <a><\/a>y todas las familias que se dieron cita a este encuentro.<\/h3>\n\n\n\n<h3 class=\"wp-block-heading\">Mi saludo a todo el pueblo cristiano y a todas las familias que desean convivir en unidad, paz y hermandad. \u00a1Mis mejores deseos para siempre!<\/h3>\n\n\n\n<iframe src=\"https:\/\/www.facebook.com\/plugins\/post.php?href=https%3A%2F%2Fwww.facebook.com%2Fpermalink.php%3Fstory_fbid%3Dpfbid0iWVsUzawgwhjG8yvZpr1gMSzWsmBCRUKYPvxgBNocRWhS3DwQbr4cVkpHwBJ7x7bl%26id%3D100064424092491&#038;show_text=true&#038;width=1100\" width=\"1100\" height=\"949\" style=\"border:none;overflow:hidden\" scrolling=\"no\" frameborder=\"0\" allowfullscreen=\"true\" allow=\"autoplay; clipboard-write; encrypted-media; picture-in-picture; web-share\"><\/iframe>\n","protected":false},"excerpt":{"rendered":"<p>Nos da gusto celebrar el d\u00eda de la Virgen de la Asunci\u00f3n, Patrona de Santa&#8230;<\/p>\n","protected":false},"author":4,"featured_media":51421,"comment_status":"closed","ping_status":"open","sticky":false,"template":"","format":"standard","meta":{"_eb_attr":"","_monsterinsights_skip_tracking":false,"_monsterinsights_sitenote_active":false,"_monsterinsights_sitenote_note":"","_monsterinsights_sitenote_category":0,"footnotes":""},"categories":[1],"tags":[],"class_list":["post-51420","post","type-post","status-publish","format-standard","has-post-thumbnail","hentry","category-uncategorized"],"featured_image_urls":{"full":["https:\/\/municipalidaddenebaj.com\/wp-content\/uploads\/2025\/08\/532175273_1169424991881626_3379286895978386639_n.jpg",2048,1154,false],"thumbnail":["https:\/\/municipalidaddenebaj.com\/wp-content\/uploads\/2025\/08\/532175273_1169424991881626_3379286895978386639_n.jpg",400,225,false],"medium":["https:\/\/municipalidaddenebaj.com\/wp-content\/uploads\/2025\/08\/532175273_1169424991881626_3379286895978386639_n.jpg",594,335,false],"medium_large":["https:\/\/municipalidaddenebaj.com\/wp-content\/uploads\/2025\/08\/532175273_1169424991881626_3379286895978386639_n.jpg",640,361,false],"large":["https:\/\/municipalidaddenebaj.com\/wp-content\/uploads\/2025\/08\/532175273_1169424991881626_3379286895978386639_n.jpg",510,287,false],"ezd_searrch_thumb16x16":["https:\/\/municipalidaddenebaj.com\/wp-content\/uploads\/2025\/08\/532175273_1169424991881626_3379286895978386639_n.jpg",16,9,false],"ezd_searrch_thumb50x50":["https:\/\/municipalidaddenebaj.com\/wp-content\/uploads\/2025\/08\/532175273_1169424991881626_3379286895978386639_n.jpg",50,28,false],"1536x1536":["https:\/\/municipalidaddenebaj.com\/wp-content\/uploads\/2025\/08\/532175273_1169424991881626_3379286895978386639_n.jpg",1536,866,false],"2048x2048":["https:\/\/municipalidaddenebaj.com\/wp-content\/uploads\/2025\/08\/532175273_1169424991881626_3379286895978386639_n.jpg",2048,1154,false],"covernews-featured":["https:\/\/municipalidaddenebaj.com\/wp-content\/uploads\/2025\/08\/532175273_1169424991881626_3379286895978386639_n.jpg",1024,577,false],"covernews-medium":["https:\/\/municipalidaddenebaj.com\/wp-content\/uploads\/2025\/08\/532175273_1169424991881626_3379286895978386639_n.jpg",540,304,false],"woocommerce_thumbnail":["https:\/\/municipalidaddenebaj.com\/wp-content\/uploads\/2025\/08\/532175273_1169424991881626_3379286895978386639_n-300x300.jpg",300,300,true],"woocommerce_single":["https:\/\/municipalidaddenebaj.com\/wp-content\/uploads\/2025\/08\/532175273_1169424991881626_3379286895978386639_n-600x338.jpg",600,338,true],"woocommerce_gallery_thumbnail":["https:\/\/municipalidaddenebaj.com\/wp-content\/uploads\/2025\/08\/532175273_1169424991881626_3379286895978386639_n-100x100.jpg",100,100,true]},"author_info":{"display_name":"Editor","author_link":"https:\/\/municipalidaddenebaj.com\/?author=4"},"category_info":"<a href=\"https:\/\/municipalidaddenebaj.com\/?cat=1\" rel=\"category\">Uncategorized<\/a>","tag_info":"Uncategorized","comment_count":"0","_links":{"self":[{"href":"https:\/\/municipalidaddenebaj.com\/index.php?rest_route=\/wp\/v2\/posts\/51420","targetHints":{"allow":["GET"]}}],"collection":[{"href":"https:\/\/municipalidaddenebaj.com\/index.php?rest_route=\/wp\/v2\/posts"}],"about":[{"href":"https:\/\/municipalidaddenebaj.com\/index.php?rest_route=\/wp\/v2\/types\/post"}],"author":[{"embeddable":true,"href":"https:\/\/municipalidaddenebaj.com\/index.php?rest_route=\/wp\/v2\/users\/4"}],"replies":[{"embeddable":true,"href":"https:\/\/municipalidaddenebaj.com\/index.php?rest_route=%2Fwp%2Fv2%2Fcomments&post=51420"}],"version-history":[{"count":0,"href":"https:\/\/municipalidaddenebaj.com\/index.php?rest_route=\/wp\/v2\/posts\/51420\/revisions"}],"wp:featuredmedia":[{"embeddable":true,"href":"https:\/\/municipalidaddenebaj.com\/index.php?rest_route=\/wp\/v2\/media\/51421"}],"wp:attachment":[{"href":"https:\/\/municipalidaddenebaj.com\/index.php?rest_route=%2Fwp%2Fv2%2Fmedia&parent=51420"}],"wp:term":[{"taxonomy":"category","embeddable":true,"href":"https:\/\/municipalidaddenebaj.com\/index.php?rest_route=%2Fwp%2Fv2%2Fcategories&post=51420"},{"taxonomy":"post_tag","embeddable":true,"href":"https:\/\/municipalidaddenebaj.com\/index.php?rest_route=%2Fwp%2Fv2%2Ftags&post=51420"}],"curies":[{"name":"wp","href":"https:\/\/api.w.org\/{rel}","templated":true}]}}