{"id":52460,"date":"2025-08-27T22:29:02","date_gmt":"2025-08-27T22:29:02","guid":{"rendered":"https:\/\/municipalidaddenebaj.com\/?p=52460"},"modified":"2025-08-27T22:29:06","modified_gmt":"2025-08-27T22:29:06","slug":"52460","status":"publish","type":"post","link":"https:\/\/municipalidaddenebaj.com\/?p=52460","title":{"rendered":""},"content":{"rendered":"\n<h3 class=\"wp-block-heading\">La Municipalidad de Nebaj, bajo la coordinaci\u00f3n del se\u00f1or Alcalde Municipal, desarroll\u00f3 una importante jornada de formaci\u00f3n impartida por el Instituto de Fomento <a><\/a>Municipal \u2013INFOM\u2013 y el Programa de las Naciones Unidas para el Desarrollo \u2013PNUD\u2013.<\/h3>\n\n\n\n<h3 class=\"wp-block-heading\">Durante la capacitaci\u00f3n, el personal de las distintas direcciones municipales particip\u00f3 en un espacio te\u00f3rico sobre el C\u00f3digo Municipal y la Comunicaci\u00f3n Asertiva, complementado con una din\u00e1mica pr\u00e1ctica, la cual permiti\u00f3 aplicar los conocimientos adquiridos en situaciones reales de trabajo.<\/h3>\n\n\n\n<h3 class=\"wp-block-heading\"><img  title=\"\" decoding=\"async\" height=\"16\" width=\"16\"  alt=\"1f44f \"  src=\"https:\/\/static.xx.fbcdn.net\/images\/emoji.php\/v9\/tfe\/1\/16\/1f44f.png\"> Este tipo de esfuerzos refuerzan el compromiso del Gobierno Municipal en la profesionalizaci\u00f3n del equipo, mejorando as\u00ed la atenci\u00f3n y el servicio a la ciudadan\u00eda.<\/h3>\n\n\n\n<iframe src=\"https:\/\/www.facebook.com\/plugins\/post.php?href=https%3A%2F%2Fwww.facebook.com%2Fpermalink.php%3Fstory_fbid%3Dpfbid0qWYd6s61m7XSpSNPihxDYihro8LvM7XnaLRAzKWvsQQ9PpnJAqaFnGYVT9VywQZKl%26id%3D100064424092491&#038;show_text=true&#038;width=1100\" width=\"1100\" height=\"1090\" style=\"border:none;overflow:hidden\" scrolling=\"no\" frameborder=\"0\" allowfullscreen=\"true\" allow=\"autoplay; clipboard-write; encrypted-media; picture-in-picture; web-share\"><\/iframe>\n","protected":false},"excerpt":{"rendered":"<p>La Municipalidad de Nebaj, bajo la coordinaci\u00f3n del se\u00f1or Alcalde Municipal, desarroll\u00f3 una importante jornada&#8230;<\/p>\n","protected":false},"author":4,"featured_media":52461,"comment_status":"closed","ping_status":"open","sticky":false,"template":"","format":"standard","meta":{"_eb_attr":"","_monsterinsights_skip_tracking":false,"_monsterinsights_sitenote_active":false,"_monsterinsights_sitenote_note":"","_monsterinsights_sitenote_category":0,"footnotes":""},"categories":[1],"tags":[],"class_list":["post-52460","post","type-post","status-publish","format-standard","has-post-thumbnail","hentry","category-uncategorized"],"featured_image_urls":{"full":["https:\/\/municipalidaddenebaj.com\/wp-content\/uploads\/2025\/08\/539717278_1177350367755755_200213055053168425_n.jpg",1638,2048,false],"thumbnail":["https:\/\/municipalidaddenebaj.com\/wp-content\/uploads\/2025\/08\/539717278_1177350367755755_200213055053168425_n-400x400.jpg",400,400,true],"medium":["https:\/\/municipalidaddenebaj.com\/wp-content\/uploads\/2025\/08\/539717278_1177350367755755_200213055053168425_n-475x594.jpg",475,594,true],"medium_large":["https:\/\/municipalidaddenebaj.com\/wp-content\/uploads\/2025\/08\/539717278_1177350367755755_200213055053168425_n-768x960.jpg",640,800,true],"large":["https:\/\/municipalidaddenebaj.com\/wp-content\/uploads\/2025\/08\/539717278_1177350367755755_200213055053168425_n-408x510.jpg",408,510,true],"ezd_searrch_thumb16x16":["https:\/\/municipalidaddenebaj.com\/wp-content\/uploads\/2025\/08\/539717278_1177350367755755_200213055053168425_n-16x16.jpg",16,16,true],"ezd_searrch_thumb50x50":["https:\/\/municipalidaddenebaj.com\/wp-content\/uploads\/2025\/08\/539717278_1177350367755755_200213055053168425_n-50x50.jpg",50,50,true],"1536x1536":["https:\/\/municipalidaddenebaj.com\/wp-content\/uploads\/2025\/08\/539717278_1177350367755755_200213055053168425_n-1229x1536.jpg",1229,1536,true],"2048x2048":["https:\/\/municipalidaddenebaj.com\/wp-content\/uploads\/2025\/08\/539717278_1177350367755755_200213055053168425_n.jpg",1638,2048,false],"covernews-featured":["https:\/\/municipalidaddenebaj.com\/wp-content\/uploads\/2025\/08\/539717278_1177350367755755_200213055053168425_n.jpg",1024,1280,false],"covernews-medium":["https:\/\/municipalidaddenebaj.com\/wp-content\/uploads\/2025\/08\/539717278_1177350367755755_200213055053168425_n.jpg",272,340,false],"woocommerce_thumbnail":["https:\/\/municipalidaddenebaj.com\/wp-content\/uploads\/2025\/08\/539717278_1177350367755755_200213055053168425_n-300x300.jpg",300,300,true],"woocommerce_single":["https:\/\/municipalidaddenebaj.com\/wp-content\/uploads\/2025\/08\/539717278_1177350367755755_200213055053168425_n-600x750.jpg",600,750,true],"woocommerce_gallery_thumbnail":["https:\/\/municipalidaddenebaj.com\/wp-content\/uploads\/2025\/08\/539717278_1177350367755755_200213055053168425_n-100x100.jpg",100,100,true]},"author_info":{"display_name":"Editor","author_link":"https:\/\/municipalidaddenebaj.com\/?author=4"},"category_info":"<a href=\"https:\/\/municipalidaddenebaj.com\/?cat=1\" rel=\"category\">Uncategorized<\/a>","tag_info":"Uncategorized","comment_count":"0","_links":{"self":[{"href":"https:\/\/municipalidaddenebaj.com\/index.php?rest_route=\/wp\/v2\/posts\/52460","targetHints":{"allow":["GET"]}}],"collection":[{"href":"https:\/\/municipalidaddenebaj.com\/index.php?rest_route=\/wp\/v2\/posts"}],"about":[{"href":"https:\/\/municipalidaddenebaj.com\/index.php?rest_route=\/wp\/v2\/types\/post"}],"author":[{"embeddable":true,"href":"https:\/\/municipalidaddenebaj.com\/index.php?rest_route=\/wp\/v2\/users\/4"}],"replies":[{"embeddable":true,"href":"https:\/\/municipalidaddenebaj.com\/index.php?rest_route=%2Fwp%2Fv2%2Fcomments&post=52460"}],"version-history":[{"count":0,"href":"https:\/\/municipalidaddenebaj.com\/index.php?rest_route=\/wp\/v2\/posts\/52460\/revisions"}],"wp:featuredmedia":[{"embeddable":true,"href":"https:\/\/municipalidaddenebaj.com\/index.php?rest_route=\/wp\/v2\/media\/52461"}],"wp:attachment":[{"href":"https:\/\/municipalidaddenebaj.com\/index.php?rest_route=%2Fwp%2Fv2%2Fmedia&parent=52460"}],"wp:term":[{"taxonomy":"category","embeddable":true,"href":"https:\/\/municipalidaddenebaj.com\/index.php?rest_route=%2Fwp%2Fv2%2Fcategories&post=52460"},{"taxonomy":"post_tag","embeddable":true,"href":"https:\/\/municipalidaddenebaj.com\/index.php?rest_route=%2Fwp%2Fv2%2Ftags&post=52460"}],"curies":[{"name":"wp","href":"https:\/\/api.w.org\/{rel}","templated":true}]}}