{"id":53273,"date":"2025-09-05T20:04:59","date_gmt":"2025-09-05T20:04:59","guid":{"rendered":"https:\/\/municipalidaddenebaj.com\/?p=53273"},"modified":"2025-09-05T20:06:12","modified_gmt":"2025-09-05T20:06:12","slug":"conmemoramos-dia-internacional-de-la-mujer","status":"publish","type":"post","link":"https:\/\/municipalidaddenebaj.com\/?p=53273","title":{"rendered":"CONMEMORAMOS D\u00cdA INTERNACIONAL DE LA MUJER"},"content":{"rendered":"\t\t<div data-elementor-type=\"wp-post\" data-elementor-id=\"53273\" class=\"elementor elementor-53273\" data-elementor-settings=\"{&quot;ha_cmc_init_switcher&quot;:&quot;no&quot;}\">\n\t\t\t\t<div class=\"elementor-element elementor-element-1240cdec e-flex e-con-boxed e-con e-parent\" data-id=\"1240cdec\" data-element_type=\"container\" data-e-type=\"container\" data-settings=\"{&quot;_ha_eqh_enable&quot;:false}\">\n\t\t\t\t\t<div class=\"e-con-inner\">\n\t\t\t\t<div class=\"elementor-element elementor-element-f1baf55 elementor-widget elementor-widget-text-editor\" data-id=\"f1baf55\" data-element_type=\"widget\" data-e-type=\"widget\" data-widget_type=\"text-editor.default\">\n\t\t\t\t<div class=\"elementor-widget-container\">\n\t\t\t\t\t\t\t\t\t\n<h3 class=\"wp-block-heading\">Hoy, 5 de septiembre conmemoramos el D\u00eda Internacional de la Mujer Ind\u00edgena. Honramos la fuerza y resiliencia de estas mujeres que han sido pilares en la preservaci\u00f3n de la cultura y la identidad de sus pueblos.<\/h3>\n\n<h3 class=\"wp-block-heading\">La mujer ind\u00edgena es un s\u00edmbolo de resistencia y empoderamiento. En su d\u00eda, reconocemos su invaluable aporte a la sociedad y celebramos su rica herencia cultural. \u00a1Sigamos trabajando juntos para garantizar sus derechos y oportunidades!<\/h3>\n\n<h3 class=\"wp-block-heading\"><strong><span style=\"color: #000080;\"><a style=\"color: #000080;\" href=\"https:\/\/www.facebook.com\/hashtag\/construyendofuturo?__eep__=6&amp;__cft__[0]=AZWgOFNIPyeY1MuI8GwX9ZESn1eCWXmlfiD5AO8iwYa2xx8XRvOlWe-aZ4aJJdwbBPladnLEiPIPOPec1Ho95VF4cFSX_wYLaR8RbvdLin567o1ujHXMdC3OFWbMVLhjgnPeVwtTgb4n7Xw0GZqfoaZYSLoiYNZ-iOpcZDmYO_s0kubaxOrdPuhUjVTrlw3boH8&amp;__tn__=*NK-R\">#ConstruyendoFuturo<\/a><\/span><\/strong><\/h3>\n\n<p><iframe style=\"border: none; overflow: hidden;\" src=\"https:\/\/www.facebook.com\/plugins\/post.php?href=https%3A%2F%2Fwww.facebook.com%2Fpermalink.php%3Fstory_fbid%3Dpfbid0DDCUceyxjHkX9C2WEU52aQj8p2MGRRXeMcafMdEBPWH7HTY6qkGupUnrqFdrvCE6l%26id%3D100064424092491&amp;show_text=true&amp;width=1100\" width=\"1100\" height=\"738\" frameborder=\"0\" scrolling=\"no\" allowfullscreen=\"allowfullscreen\"><\/iframe><\/p>\n\t\t\t\t\t\t\t\t<\/div>\n\t\t\t\t<\/div>\n\t\t\t\t\t<\/div>\n\t\t\t\t<\/div>\n\t\t\t\t<\/div>\n\t\t","protected":false},"excerpt":{"rendered":"<p>Hoy, 5 de septiembre conmemoramos el D\u00eda Internacional de la Mujer Ind\u00edgena. Honramos la fuerza&#8230;<\/p>\n","protected":false},"author":4,"featured_media":53274,"comment_status":"closed","ping_status":"open","sticky":false,"template":"","format":"standard","meta":{"_eb_attr":"","_monsterinsights_skip_tracking":false,"_monsterinsights_sitenote_active":false,"_monsterinsights_sitenote_note":"","_monsterinsights_sitenote_category":0,"footnotes":""},"categories":[1],"tags":[],"class_list":["post-53273","post","type-post","status-publish","format-standard","has-post-thumbnail","hentry","category-uncategorized"],"featured_image_urls":{"full":["https:\/\/municipalidaddenebaj.com\/wp-content\/uploads\/2025\/09\/542125672_1186005783556880_3671199154589042202_n.jpg",1638,2048,false],"thumbnail":["https:\/\/municipalidaddenebaj.com\/wp-content\/uploads\/2025\/09\/542125672_1186005783556880_3671199154589042202_n-400x400.jpg",400,400,true],"medium":["https:\/\/municipalidaddenebaj.com\/wp-content\/uploads\/2025\/09\/542125672_1186005783556880_3671199154589042202_n-475x594.jpg",475,594,true],"medium_large":["https:\/\/municipalidaddenebaj.com\/wp-content\/uploads\/2025\/09\/542125672_1186005783556880_3671199154589042202_n-768x960.jpg",640,800,true],"large":["https:\/\/municipalidaddenebaj.com\/wp-content\/uploads\/2025\/09\/542125672_1186005783556880_3671199154589042202_n-408x510.jpg",408,510,true],"ezd_searrch_thumb16x16":["https:\/\/municipalidaddenebaj.com\/wp-content\/uploads\/2025\/09\/542125672_1186005783556880_3671199154589042202_n-16x16.jpg",16,16,true],"ezd_searrch_thumb50x50":["https:\/\/municipalidaddenebaj.com\/wp-content\/uploads\/2025\/09\/542125672_1186005783556880_3671199154589042202_n-50x50.jpg",50,50,true],"1536x1536":["https:\/\/municipalidaddenebaj.com\/wp-content\/uploads\/2025\/09\/542125672_1186005783556880_3671199154589042202_n-1229x1536.jpg",1229,1536,true],"2048x2048":["https:\/\/municipalidaddenebaj.com\/wp-content\/uploads\/2025\/09\/542125672_1186005783556880_3671199154589042202_n.jpg",1638,2048,false],"covernews-featured":["https:\/\/municipalidaddenebaj.com\/wp-content\/uploads\/2025\/09\/542125672_1186005783556880_3671199154589042202_n.jpg",1024,1280,false],"covernews-medium":["https:\/\/municipalidaddenebaj.com\/wp-content\/uploads\/2025\/09\/542125672_1186005783556880_3671199154589042202_n.jpg",272,340,false],"woocommerce_thumbnail":["https:\/\/municipalidaddenebaj.com\/wp-content\/uploads\/2025\/09\/542125672_1186005783556880_3671199154589042202_n-300x300.jpg",300,300,true],"woocommerce_single":["https:\/\/municipalidaddenebaj.com\/wp-content\/uploads\/2025\/09\/542125672_1186005783556880_3671199154589042202_n-600x750.jpg",600,750,true],"woocommerce_gallery_thumbnail":["https:\/\/municipalidaddenebaj.com\/wp-content\/uploads\/2025\/09\/542125672_1186005783556880_3671199154589042202_n-100x100.jpg",100,100,true]},"author_info":{"display_name":"Editor","author_link":"https:\/\/municipalidaddenebaj.com\/?author=4"},"category_info":"<a href=\"https:\/\/municipalidaddenebaj.com\/?cat=1\" rel=\"category\">Uncategorized<\/a>","tag_info":"Uncategorized","comment_count":"0","_links":{"self":[{"href":"https:\/\/municipalidaddenebaj.com\/index.php?rest_route=\/wp\/v2\/posts\/53273","targetHints":{"allow":["GET"]}}],"collection":[{"href":"https:\/\/municipalidaddenebaj.com\/index.php?rest_route=\/wp\/v2\/posts"}],"about":[{"href":"https:\/\/municipalidaddenebaj.com\/index.php?rest_route=\/wp\/v2\/types\/post"}],"author":[{"embeddable":true,"href":"https:\/\/municipalidaddenebaj.com\/index.php?rest_route=\/wp\/v2\/users\/4"}],"replies":[{"embeddable":true,"href":"https:\/\/municipalidaddenebaj.com\/index.php?rest_route=%2Fwp%2Fv2%2Fcomments&post=53273"}],"version-history":[{"count":0,"href":"https:\/\/municipalidaddenebaj.com\/index.php?rest_route=\/wp\/v2\/posts\/53273\/revisions"}],"wp:featuredmedia":[{"embeddable":true,"href":"https:\/\/municipalidaddenebaj.com\/index.php?rest_route=\/wp\/v2\/media\/53274"}],"wp:attachment":[{"href":"https:\/\/municipalidaddenebaj.com\/index.php?rest_route=%2Fwp%2Fv2%2Fmedia&parent=53273"}],"wp:term":[{"taxonomy":"category","embeddable":true,"href":"https:\/\/municipalidaddenebaj.com\/index.php?rest_route=%2Fwp%2Fv2%2Fcategories&post=53273"},{"taxonomy":"post_tag","embeddable":true,"href":"https:\/\/municipalidaddenebaj.com\/index.php?rest_route=%2Fwp%2Fv2%2Ftags&post=53273"}],"curies":[{"name":"wp","href":"https:\/\/api.w.org\/{rel}","templated":true}]}}