{"id":54067,"date":"2025-09-30T20:22:35","date_gmt":"2025-09-30T20:22:35","guid":{"rendered":"https:\/\/municipalidaddenebaj.com\/?p=54067"},"modified":"2025-09-30T20:23:58","modified_gmt":"2025-09-30T20:23:58","slug":"clausura-de-curso-de-gastronomia-y-reposteria","status":"publish","type":"post","link":"https:\/\/municipalidaddenebaj.com\/?p=54067","title":{"rendered":"CLAUSURA DE CURSO DE GASTRONOM\u00cdA Y REPOSTER\u00cdA"},"content":{"rendered":"\t\t<div data-elementor-type=\"wp-post\" data-elementor-id=\"54067\" class=\"elementor elementor-54067\" data-elementor-settings=\"{&quot;ha_cmc_init_switcher&quot;:&quot;no&quot;}\">\n\t\t\t\t<div class=\"elementor-element elementor-element-56b60c41 e-flex e-con-boxed e-con e-parent\" data-id=\"56b60c41\" data-element_type=\"container\" data-e-type=\"container\" data-settings=\"{&quot;_ha_eqh_enable&quot;:false}\">\n\t\t\t\t\t<div class=\"e-con-inner\">\n\t\t\t\t<div class=\"elementor-element elementor-element-3bba75a5 elementor-widget elementor-widget-text-editor\" data-id=\"3bba75a5\" data-element_type=\"widget\" data-e-type=\"widget\" data-widget_type=\"text-editor.default\">\n\t\t\t\t<div class=\"elementor-widget-container\">\n\t\t\t\t\t\t\t\t\t\n<p>Con gran alegr\u00eda se llev\u00f3 a cabo la clausura de los cursos de Gastronom\u00eda y Reposter\u00eda, realizados bajo el financiamiento y la coordinaci\u00f3n de la Municipalidad de <a><\/a>Nebaj, con la certificaci\u00f3n del INTECAP.<\/p>\n\n\n\n<p>Un espacio de formaci\u00f3n que fortaleci\u00f3 el talento y los sue\u00f1os de cada participante, impulsando el aprendizaje y las oportunidades de crecimiento en nuestra comunidad.<\/p>\n\n\n\n<p>Felicitamos a todas las graduandas que hoy culminan esta etapa, seguros de que lo aprendido ser\u00e1 el inicio de grandes proyectos personales y familiares.<\/p>\n\n\n\n<iframe src=\"https:\/\/www.facebook.com\/plugins\/post.php?href=https%3A%2F%2Fwww.facebook.com%2Fpermalink.php%3Fstory_fbid%3Dpfbid0AKnz8j5nFBjx5Re9geQ8vH9CVqpsS8jPUTztDaPZMmDotNfEs9M3RUTbQSrZp2zUl%26id%3D100064424092491&#038;show_text=true&#038;width=1100\" width=\"1100\" height=\"993\" style=\"border:none;overflow:hidden\" scrolling=\"no\" frameborder=\"0\" allowfullscreen=\"true\" allow=\"autoplay; clipboard-write; encrypted-media; picture-in-picture; web-share\"><\/iframe>\n\t\t\t\t\t\t\t\t<\/div>\n\t\t\t\t<\/div>\n\t\t\t\t\t<\/div>\n\t\t\t\t<\/div>\n\t\t\t\t<\/div>\n\t\t","protected":false},"excerpt":{"rendered":"<p>Con gran alegr\u00eda se llev\u00f3 a cabo la clausura de los cursos de Gastronom\u00eda y&#8230;<\/p>\n","protected":false},"author":4,"featured_media":54068,"comment_status":"closed","ping_status":"open","sticky":false,"template":"","format":"standard","meta":{"_eb_attr":"","_monsterinsights_skip_tracking":false,"_monsterinsights_sitenote_active":false,"_monsterinsights_sitenote_note":"","_monsterinsights_sitenote_category":0,"footnotes":""},"categories":[1],"tags":[],"class_list":["post-54067","post","type-post","status-publish","format-standard","has-post-thumbnail","hentry","category-uncategorized"],"featured_image_urls":{"full":["https:\/\/municipalidaddenebaj.com\/wp-content\/uploads\/2025\/09\/557924075_1206905668133558_6938554109076588989_n.jpg",960,640,false],"thumbnail":["https:\/\/municipalidaddenebaj.com\/wp-content\/uploads\/2025\/09\/557924075_1206905668133558_6938554109076588989_n-400x400.jpg",400,400,true],"medium":["https:\/\/municipalidaddenebaj.com\/wp-content\/uploads\/2025\/09\/557924075_1206905668133558_6938554109076588989_n-594x396.jpg",594,396,true],"medium_large":["https:\/\/municipalidaddenebaj.com\/wp-content\/uploads\/2025\/09\/557924075_1206905668133558_6938554109076588989_n-768x512.jpg",640,427,true],"large":["https:\/\/municipalidaddenebaj.com\/wp-content\/uploads\/2025\/09\/557924075_1206905668133558_6938554109076588989_n-510x340.jpg",510,340,true],"ezd_searrch_thumb16x16":["https:\/\/municipalidaddenebaj.com\/wp-content\/uploads\/2025\/09\/557924075_1206905668133558_6938554109076588989_n-16x16.jpg",16,16,true],"ezd_searrch_thumb50x50":["https:\/\/municipalidaddenebaj.com\/wp-content\/uploads\/2025\/09\/557924075_1206905668133558_6938554109076588989_n-50x50.jpg",50,50,true],"1536x1536":["https:\/\/municipalidaddenebaj.com\/wp-content\/uploads\/2025\/09\/557924075_1206905668133558_6938554109076588989_n.jpg",960,640,false],"2048x2048":["https:\/\/municipalidaddenebaj.com\/wp-content\/uploads\/2025\/09\/557924075_1206905668133558_6938554109076588989_n.jpg",960,640,false],"covernews-featured":["https:\/\/municipalidaddenebaj.com\/wp-content\/uploads\/2025\/09\/557924075_1206905668133558_6938554109076588989_n.jpg",960,640,false],"covernews-medium":["https:\/\/municipalidaddenebaj.com\/wp-content\/uploads\/2025\/09\/557924075_1206905668133558_6938554109076588989_n.jpg",510,340,false],"woocommerce_thumbnail":["https:\/\/municipalidaddenebaj.com\/wp-content\/uploads\/2025\/09\/557924075_1206905668133558_6938554109076588989_n-300x300.jpg",300,300,true],"woocommerce_single":["https:\/\/municipalidaddenebaj.com\/wp-content\/uploads\/2025\/09\/557924075_1206905668133558_6938554109076588989_n-600x400.jpg",600,400,true],"woocommerce_gallery_thumbnail":["https:\/\/municipalidaddenebaj.com\/wp-content\/uploads\/2025\/09\/557924075_1206905668133558_6938554109076588989_n-100x100.jpg",100,100,true]},"author_info":{"display_name":"Editor","author_link":"https:\/\/municipalidaddenebaj.com\/?author=4"},"category_info":"<a href=\"https:\/\/municipalidaddenebaj.com\/?cat=1\" rel=\"category\">Uncategorized<\/a>","tag_info":"Uncategorized","comment_count":"0","_links":{"self":[{"href":"https:\/\/municipalidaddenebaj.com\/index.php?rest_route=\/wp\/v2\/posts\/54067","targetHints":{"allow":["GET"]}}],"collection":[{"href":"https:\/\/municipalidaddenebaj.com\/index.php?rest_route=\/wp\/v2\/posts"}],"about":[{"href":"https:\/\/municipalidaddenebaj.com\/index.php?rest_route=\/wp\/v2\/types\/post"}],"author":[{"embeddable":true,"href":"https:\/\/municipalidaddenebaj.com\/index.php?rest_route=\/wp\/v2\/users\/4"}],"replies":[{"embeddable":true,"href":"https:\/\/municipalidaddenebaj.com\/index.php?rest_route=%2Fwp%2Fv2%2Fcomments&post=54067"}],"version-history":[{"count":0,"href":"https:\/\/municipalidaddenebaj.com\/index.php?rest_route=\/wp\/v2\/posts\/54067\/revisions"}],"wp:featuredmedia":[{"embeddable":true,"href":"https:\/\/municipalidaddenebaj.com\/index.php?rest_route=\/wp\/v2\/media\/54068"}],"wp:attachment":[{"href":"https:\/\/municipalidaddenebaj.com\/index.php?rest_route=%2Fwp%2Fv2%2Fmedia&parent=54067"}],"wp:term":[{"taxonomy":"category","embeddable":true,"href":"https:\/\/municipalidaddenebaj.com\/index.php?rest_route=%2Fwp%2Fv2%2Fcategories&post=54067"},{"taxonomy":"post_tag","embeddable":true,"href":"https:\/\/municipalidaddenebaj.com\/index.php?rest_route=%2Fwp%2Fv2%2Ftags&post=54067"}],"curies":[{"name":"wp","href":"https:\/\/api.w.org\/{rel}","templated":true}]}}