{"id":54079,"date":"2025-10-01T15:50:48","date_gmt":"2025-10-01T15:50:48","guid":{"rendered":"https:\/\/municipalidaddenebaj.com\/?p=54079"},"modified":"2025-10-01T16:28:08","modified_gmt":"2025-10-01T16:28:08","slug":"colocacion-de-la-primera-piedra-pavimentacion-tu-manzano-ii","status":"publish","type":"post","link":"https:\/\/municipalidaddenebaj.com\/?p=54079","title":{"rendered":"COLOCACI\u00d3N DE LA PRIMERA PIEDRA PAVIMENTACI\u00d3N TU MANZANO II"},"content":{"rendered":"\t\t<div data-elementor-type=\"wp-post\" data-elementor-id=\"54079\" class=\"elementor elementor-54079\" data-elementor-settings=\"{&quot;ha_cmc_init_switcher&quot;:&quot;no&quot;}\">\n\t\t\t\t<div class=\"elementor-element elementor-element-22715107 e-flex e-con-boxed e-con e-parent\" data-id=\"22715107\" data-element_type=\"container\" data-e-type=\"container\" data-settings=\"{&quot;_ha_eqh_enable&quot;:false}\">\n\t\t\t\t\t<div class=\"e-con-inner\">\n\t\t\t\t<div class=\"elementor-element elementor-element-5923f6e1 elementor-widget elementor-widget-text-editor\" data-id=\"5923f6e1\" data-element_type=\"widget\" data-e-type=\"widget\" data-widget_type=\"text-editor.default\">\n\t\t\t\t<div class=\"elementor-widget-container\">\n\t\t\t\t\t\t\t\t\t\n<p><img  title=\"\" decoding=\"async\" height=\"16\" width=\"16\"  alt=\"1f6a7 COLOCACI\u00d3N DE LA PRIMERA PIEDRA PAVIMENTACI\u00d3N TU MANZANO II\"  src=\"https:\/\/static.xx.fbcdn.net\/images\/emoji.php\/v9\/tc4\/1\/16\/1f6a7.png\"> \u00a1Una nueva historia comienza en Cant\u00f3n Tu Manzano 2, Nebaj! <img  title=\"\" decoding=\"async\" height=\"16\" width=\"16\"  alt=\"1f6a7 COLOCACI\u00d3N DE LA PRIMERA PIEDRA PAVIMENTACI\u00d3N TU MANZANO II\"  src=\"https:\/\/static.xx.fbcdn.net\/images\/emoji.php\/v9\/tc4\/1\/16\/1f6a7.png\"><\/p>\n\n\n\n<p>Hoy <a><\/a>marcamos un antes y un despu\u00e9s con la colocaci\u00f3n de la primera piedra del proyecto de pavimentaci\u00f3n que transformar\u00e1 el camino que por a\u00f1os ha estado en malas condiciones, afectando la movilidad, la seguridad y la calidad de vida de las familias.<\/p>\n\n\n\n<p>Este tramo, que hoy muestra huellas de abandono y dificultad, muy pronto ser\u00e1 una v\u00eda pavimentada que conectar\u00e1 a varios sectores de nuestro municipio, mejorando el acceso, facilitando el comercio y fortaleciendo los lazos entre comunidades.<\/p>\n\n\n\n<p>\u00a1Este es solo el inicio! Seguimos trabajando con compromiso para llevar desarrollo y dignidad a cada rinc\u00f3n de Nebaj.<\/p>\n\n\n\n<iframe src=\"https:\/\/www.facebook.com\/plugins\/post.php?href=https%3A%2F%2Fwww.facebook.com%2Fpermalink.php%3Fstory_fbid%3Dpfbid02U6QfdKFsg8KKfs4JbQeUZZdTSe3JxjDX4nLzicBYYVQeNECaBwfoojK4oZH8wfjml%26id%3D100064424092491&#038;show_text=true&#038;width=1100\" width=\"1100\" height=\"987\" style=\"border:none;overflow:hidden\" scrolling=\"no\" frameborder=\"0\" allowfullscreen=\"true\" allow=\"autoplay; clipboard-write; encrypted-media; picture-in-picture; web-share\"><\/iframe>\n\t\t\t\t\t\t\t\t<\/div>\n\t\t\t\t<\/div>\n\t\t\t\t\t<\/div>\n\t\t\t\t<\/div>\n\t\t\t\t<\/div>\n\t\t","protected":false},"excerpt":{"rendered":"<p>\u00a1Una nueva historia comienza en Cant\u00f3n Tu Manzano 2, Nebaj! Hoy marcamos un antes y&#8230;<\/p>\n","protected":false},"author":4,"featured_media":54081,"comment_status":"closed","ping_status":"open","sticky":false,"template":"","format":"standard","meta":{"_eb_attr":"","_monsterinsights_skip_tracking":false,"_monsterinsights_sitenote_active":false,"_monsterinsights_sitenote_note":"","_monsterinsights_sitenote_category":0,"footnotes":""},"categories":[1],"tags":[],"class_list":["post-54079","post","type-post","status-publish","format-standard","has-post-thumbnail","hentry","category-uncategorized"],"featured_image_urls":{"full":["https:\/\/municipalidaddenebaj.com\/wp-content\/uploads\/2025\/10\/557579947_1207658911391567_6735634746805593542_n.jpg",960,640,false],"thumbnail":["https:\/\/municipalidaddenebaj.com\/wp-content\/uploads\/2025\/10\/557579947_1207658911391567_6735634746805593542_n-400x400.jpg",400,400,true],"medium":["https:\/\/municipalidaddenebaj.com\/wp-content\/uploads\/2025\/10\/557579947_1207658911391567_6735634746805593542_n-594x396.jpg",594,396,true],"medium_large":["https:\/\/municipalidaddenebaj.com\/wp-content\/uploads\/2025\/10\/557579947_1207658911391567_6735634746805593542_n-768x512.jpg",640,427,true],"large":["https:\/\/municipalidaddenebaj.com\/wp-content\/uploads\/2025\/10\/557579947_1207658911391567_6735634746805593542_n-510x340.jpg",510,340,true],"ezd_searrch_thumb16x16":["https:\/\/municipalidaddenebaj.com\/wp-content\/uploads\/2025\/10\/557579947_1207658911391567_6735634746805593542_n-16x16.jpg",16,16,true],"ezd_searrch_thumb50x50":["https:\/\/municipalidaddenebaj.com\/wp-content\/uploads\/2025\/10\/557579947_1207658911391567_6735634746805593542_n-50x50.jpg",50,50,true],"1536x1536":["https:\/\/municipalidaddenebaj.com\/wp-content\/uploads\/2025\/10\/557579947_1207658911391567_6735634746805593542_n.jpg",960,640,false],"2048x2048":["https:\/\/municipalidaddenebaj.com\/wp-content\/uploads\/2025\/10\/557579947_1207658911391567_6735634746805593542_n.jpg",960,640,false],"covernews-featured":["https:\/\/municipalidaddenebaj.com\/wp-content\/uploads\/2025\/10\/557579947_1207658911391567_6735634746805593542_n.jpg",960,640,false],"covernews-medium":["https:\/\/municipalidaddenebaj.com\/wp-content\/uploads\/2025\/10\/557579947_1207658911391567_6735634746805593542_n.jpg",510,340,false],"woocommerce_thumbnail":["https:\/\/municipalidaddenebaj.com\/wp-content\/uploads\/2025\/10\/557579947_1207658911391567_6735634746805593542_n-300x300.jpg",300,300,true],"woocommerce_single":["https:\/\/municipalidaddenebaj.com\/wp-content\/uploads\/2025\/10\/557579947_1207658911391567_6735634746805593542_n-600x400.jpg",600,400,true],"woocommerce_gallery_thumbnail":["https:\/\/municipalidaddenebaj.com\/wp-content\/uploads\/2025\/10\/557579947_1207658911391567_6735634746805593542_n-100x100.jpg",100,100,true]},"author_info":{"display_name":"Editor","author_link":"https:\/\/municipalidaddenebaj.com\/?author=4"},"category_info":"<a href=\"https:\/\/municipalidaddenebaj.com\/?cat=1\" rel=\"category\">Uncategorized<\/a>","tag_info":"Uncategorized","comment_count":"0","_links":{"self":[{"href":"https:\/\/municipalidaddenebaj.com\/index.php?rest_route=\/wp\/v2\/posts\/54079","targetHints":{"allow":["GET"]}}],"collection":[{"href":"https:\/\/municipalidaddenebaj.com\/index.php?rest_route=\/wp\/v2\/posts"}],"about":[{"href":"https:\/\/municipalidaddenebaj.com\/index.php?rest_route=\/wp\/v2\/types\/post"}],"author":[{"embeddable":true,"href":"https:\/\/municipalidaddenebaj.com\/index.php?rest_route=\/wp\/v2\/users\/4"}],"replies":[{"embeddable":true,"href":"https:\/\/municipalidaddenebaj.com\/index.php?rest_route=%2Fwp%2Fv2%2Fcomments&post=54079"}],"version-history":[{"count":0,"href":"https:\/\/municipalidaddenebaj.com\/index.php?rest_route=\/wp\/v2\/posts\/54079\/revisions"}],"wp:featuredmedia":[{"embeddable":true,"href":"https:\/\/municipalidaddenebaj.com\/index.php?rest_route=\/wp\/v2\/media\/54081"}],"wp:attachment":[{"href":"https:\/\/municipalidaddenebaj.com\/index.php?rest_route=%2Fwp%2Fv2%2Fmedia&parent=54079"}],"wp:term":[{"taxonomy":"category","embeddable":true,"href":"https:\/\/municipalidaddenebaj.com\/index.php?rest_route=%2Fwp%2Fv2%2Fcategories&post=54079"},{"taxonomy":"post_tag","embeddable":true,"href":"https:\/\/municipalidaddenebaj.com\/index.php?rest_route=%2Fwp%2Fv2%2Ftags&post=54079"}],"curies":[{"name":"wp","href":"https:\/\/api.w.org\/{rel}","templated":true}]}}