{"id":54102,"date":"2025-10-02T17:22:12","date_gmt":"2025-10-02T17:22:12","guid":{"rendered":"https:\/\/municipalidaddenebaj.com\/?p=54102"},"modified":"2025-10-02T17:22:48","modified_gmt":"2025-10-02T17:22:48","slug":"escuela-de-futbol","status":"publish","type":"post","link":"https:\/\/municipalidaddenebaj.com\/?p=54102","title":{"rendered":"ESCUELA DE FUTBOL"},"content":{"rendered":"\t\t<div data-elementor-type=\"wp-post\" data-elementor-id=\"54102\" class=\"elementor elementor-54102\" data-elementor-settings=\"{&quot;ha_cmc_init_switcher&quot;:&quot;no&quot;}\">\n\t\t\t\t<div class=\"elementor-element elementor-element-160afb84 e-flex e-con-boxed e-con e-parent\" data-id=\"160afb84\" data-element_type=\"container\" data-e-type=\"container\" data-settings=\"{&quot;_ha_eqh_enable&quot;:false}\">\n\t\t\t\t\t<div class=\"e-con-inner\">\n\t\t\t\t<div class=\"elementor-element elementor-element-12594cbf elementor-widget elementor-widget-text-editor\" data-id=\"12594cbf\" data-element_type=\"widget\" data-e-type=\"widget\" data-widget_type=\"text-editor.default\">\n\t\t\t\t<div class=\"elementor-widget-container\">\n\t\t\t\t\t\t\t\t\t\n<p>El Ministerio de Cultura y Deportes (MCD) y el Fondo de las Naciones Unidas para la Infancia (UNICEF), con el valioso apoyo de la Municipalidad de Nebaj,<\/p>\n\n\n\n<p>tienen el honor <a><\/a>de invitar cordialmente a toda la poblaci\u00f3n de Nebaj a ser parte de la inauguraci\u00f3n oficial de la Escuela de F\u00fatbol para Ni\u00f1os Y Ni\u00f1as.<\/p>\n\n\n\n<p>Acomp\u00e1\u00f1anos a celebrar este importante paso en la promoci\u00f3n del deporte, la ni\u00f1ez y el desarrollo comunitario.<\/p>\n\n\n\n<p><img  title=\"\" decoding=\"async\" height=\"16\" width=\"16\"  alt=\"1f4c5 ESCUELA DE FUTBOL\"  src=\"https:\/\/static.xx.fbcdn.net\/images\/emoji.php\/v9\/t7e\/1\/16\/1f4c5.png\"> Fecha: 08 de Octubre<\/p>\n\n\n\n<p><img  title=\"\" decoding=\"async\" height=\"16\" width=\"16\"  alt=\"1f552 ESCUELA DE FUTBOL\"  src=\"https:\/\/static.xx.fbcdn.net\/images\/emoji.php\/v9\/taa\/1\/16\/1f552.png\"> Hora: 09:00 horas<\/p>\n\n\n\n<p><img  title=\"\" decoding=\"async\" height=\"16\" width=\"16\"  alt=\"1f4cd ESCUELA DE FUTBOL\"  src=\"https:\/\/static.xx.fbcdn.net\/images\/emoji.php\/v9\/t2d\/1\/16\/1f4cd.png\"> Lugar: Estadio Municipal, Miguel Garc\u00eda Granados.<\/p>\n\n\n\n<p>\u00a1Te esperamos para vivir juntos este emocionante inicio lleno de alegr\u00eda, inclusi\u00f3n y esperanza para nuestras futuras generaciones!<\/p>\n\n\n\n<iframe src=\"https:\/\/www.facebook.com\/plugins\/post.php?href=https%3A%2F%2Fwww.facebook.com%2Fpermalink.php%3Fstory_fbid%3Dpfbid0jSFj4M1u99uGQszR9pv2g5rrBSUdiBEFY7pv3WwVeM3wdpKsCPspDQgAspojDDzNl%26id%3D100064424092491&#038;show_text=true&#038;width=1100\" width=\"1100\" height=\"713\" style=\"border:none;overflow:hidden\" scrolling=\"no\" frameborder=\"0\" allowfullscreen=\"true\" allow=\"autoplay; clipboard-write; encrypted-media; picture-in-picture; web-share\"><\/iframe>\n\t\t\t\t\t\t\t\t<\/div>\n\t\t\t\t<\/div>\n\t\t\t\t\t<\/div>\n\t\t\t\t<\/div>\n\t\t\t\t<\/div>\n\t\t","protected":false},"excerpt":{"rendered":"<p>El Ministerio de Cultura y Deportes (MCD) y el Fondo de las Naciones Unidas para&#8230;<\/p>\n","protected":false},"author":4,"featured_media":54103,"comment_status":"closed","ping_status":"open","sticky":false,"template":"","format":"standard","meta":{"_eb_attr":"","_monsterinsights_skip_tracking":false,"_monsterinsights_sitenote_active":false,"_monsterinsights_sitenote_note":"","_monsterinsights_sitenote_category":0,"footnotes":""},"categories":[1],"tags":[],"class_list":["post-54102","post","type-post","status-publish","format-standard","has-post-thumbnail","hentry","category-uncategorized"],"featured_image_urls":{"full":["https:\/\/municipalidaddenebaj.com\/wp-content\/uploads\/2025\/10\/557530593_1208612041296254_8477538469896792008_n.jpg",1638,2048,false],"thumbnail":["https:\/\/municipalidaddenebaj.com\/wp-content\/uploads\/2025\/10\/557530593_1208612041296254_8477538469896792008_n-400x400.jpg",400,400,true],"medium":["https:\/\/municipalidaddenebaj.com\/wp-content\/uploads\/2025\/10\/557530593_1208612041296254_8477538469896792008_n-475x594.jpg",475,594,true],"medium_large":["https:\/\/municipalidaddenebaj.com\/wp-content\/uploads\/2025\/10\/557530593_1208612041296254_8477538469896792008_n-768x960.jpg",640,800,true],"large":["https:\/\/municipalidaddenebaj.com\/wp-content\/uploads\/2025\/10\/557530593_1208612041296254_8477538469896792008_n-408x510.jpg",408,510,true],"ezd_searrch_thumb16x16":["https:\/\/municipalidaddenebaj.com\/wp-content\/uploads\/2025\/10\/557530593_1208612041296254_8477538469896792008_n-16x16.jpg",16,16,true],"ezd_searrch_thumb50x50":["https:\/\/municipalidaddenebaj.com\/wp-content\/uploads\/2025\/10\/557530593_1208612041296254_8477538469896792008_n-50x50.jpg",50,50,true],"1536x1536":["https:\/\/municipalidaddenebaj.com\/wp-content\/uploads\/2025\/10\/557530593_1208612041296254_8477538469896792008_n-1229x1536.jpg",1229,1536,true],"2048x2048":["https:\/\/municipalidaddenebaj.com\/wp-content\/uploads\/2025\/10\/557530593_1208612041296254_8477538469896792008_n.jpg",1638,2048,false],"covernews-featured":["https:\/\/municipalidaddenebaj.com\/wp-content\/uploads\/2025\/10\/557530593_1208612041296254_8477538469896792008_n.jpg",1024,1280,false],"covernews-medium":["https:\/\/municipalidaddenebaj.com\/wp-content\/uploads\/2025\/10\/557530593_1208612041296254_8477538469896792008_n.jpg",272,340,false],"woocommerce_thumbnail":["https:\/\/municipalidaddenebaj.com\/wp-content\/uploads\/2025\/10\/557530593_1208612041296254_8477538469896792008_n-300x300.jpg",300,300,true],"woocommerce_single":["https:\/\/municipalidaddenebaj.com\/wp-content\/uploads\/2025\/10\/557530593_1208612041296254_8477538469896792008_n-600x750.jpg",600,750,true],"woocommerce_gallery_thumbnail":["https:\/\/municipalidaddenebaj.com\/wp-content\/uploads\/2025\/10\/557530593_1208612041296254_8477538469896792008_n-100x100.jpg",100,100,true]},"author_info":{"display_name":"Editor","author_link":"https:\/\/municipalidaddenebaj.com\/?author=4"},"category_info":"<a href=\"https:\/\/municipalidaddenebaj.com\/?cat=1\" rel=\"category\">Uncategorized<\/a>","tag_info":"Uncategorized","comment_count":"0","_links":{"self":[{"href":"https:\/\/municipalidaddenebaj.com\/index.php?rest_route=\/wp\/v2\/posts\/54102","targetHints":{"allow":["GET"]}}],"collection":[{"href":"https:\/\/municipalidaddenebaj.com\/index.php?rest_route=\/wp\/v2\/posts"}],"about":[{"href":"https:\/\/municipalidaddenebaj.com\/index.php?rest_route=\/wp\/v2\/types\/post"}],"author":[{"embeddable":true,"href":"https:\/\/municipalidaddenebaj.com\/index.php?rest_route=\/wp\/v2\/users\/4"}],"replies":[{"embeddable":true,"href":"https:\/\/municipalidaddenebaj.com\/index.php?rest_route=%2Fwp%2Fv2%2Fcomments&post=54102"}],"version-history":[{"count":0,"href":"https:\/\/municipalidaddenebaj.com\/index.php?rest_route=\/wp\/v2\/posts\/54102\/revisions"}],"wp:featuredmedia":[{"embeddable":true,"href":"https:\/\/municipalidaddenebaj.com\/index.php?rest_route=\/wp\/v2\/media\/54103"}],"wp:attachment":[{"href":"https:\/\/municipalidaddenebaj.com\/index.php?rest_route=%2Fwp%2Fv2%2Fmedia&parent=54102"}],"wp:term":[{"taxonomy":"category","embeddable":true,"href":"https:\/\/municipalidaddenebaj.com\/index.php?rest_route=%2Fwp%2Fv2%2Fcategories&post=54102"},{"taxonomy":"post_tag","embeddable":true,"href":"https:\/\/municipalidaddenebaj.com\/index.php?rest_route=%2Fwp%2Fv2%2Ftags&post=54102"}],"curies":[{"name":"wp","href":"https:\/\/api.w.org\/{rel}","templated":true}]}}