{"id":54274,"date":"2025-10-07T15:12:58","date_gmt":"2025-10-07T15:12:58","guid":{"rendered":"https:\/\/municipalidaddenebaj.com\/?p=54274"},"modified":"2025-10-07T15:13:33","modified_gmt":"2025-10-07T15:13:33","slug":"inauguracion-pavimento-canton-villala","status":"publish","type":"post","link":"https:\/\/municipalidaddenebaj.com\/?p=54274","title":{"rendered":"INAUGURACI\u00d3N PAVIMENTO CANT\u00d3N VILLALA"},"content":{"rendered":"\t\t<div data-elementor-type=\"wp-post\" data-elementor-id=\"54274\" class=\"elementor elementor-54274\" data-elementor-settings=\"{&quot;ha_cmc_init_switcher&quot;:&quot;no&quot;}\">\n\t\t\t\t<div class=\"elementor-element elementor-element-3ea7fb69 e-flex e-con-boxed e-con e-parent\" data-id=\"3ea7fb69\" data-element_type=\"container\" data-e-type=\"container\" data-settings=\"{&quot;_ha_eqh_enable&quot;:false}\">\n\t\t\t\t\t<div class=\"e-con-inner\">\n\t\t\t\t<div class=\"elementor-element elementor-element-3bfd227c elementor-widget elementor-widget-text-editor\" data-id=\"3bfd227c\" data-element_type=\"widget\" data-e-type=\"widget\" data-widget_type=\"text-editor.default\">\n\t\t\t\t<div class=\"elementor-widget-container\">\n\t\t\t\t\t\t\t\t\t\n<h3 class=\"wp-block-heading\">\u00a1Una calle olvidada, hoy es un paso hacia el progreso!<\/h3>\n\n\n\n<h3 class=\"wp-block-heading\"><a><\/a>Durante a\u00f1os, la calle principal del cant\u00f3n Villala\u2019 de Nebaj fue sin\u00f3nimo de abandono: baches, polvo, lodo y dificultades constantes para vecinos, peatones y veh\u00edculos. Cada paso y cada rueda sufr\u00edan el deterioro de una v\u00eda que ped\u00eda a gritos ser atendida.<\/h3>\n\n\n\n<h3 class=\"wp-block-heading\">Hoy, eso qued\u00f3 atr\u00e1s. Gracias al compromiso de la comunidad y el trabajo coordinado con las autoridades locales, la nueva pavimentaci\u00f3n ya es una realidad.<\/h3>\n\n\n\n<h3 class=\"wp-block-heading\">Una calle digna, segura y transitable, que devuelve la esperanza y mejora la calidad de vida de quienes d\u00eda a d\u00eda la transitan. Seguimos <a href=\"https:\/\/www.facebook.com\/hashtag\/construyendofuturo?__cft__[0]=AZVK2xvMXiasbrvCQkSvPCKY29Sm9m59lhtvbtmeMGCDp9QYVCFJmh9q8W9tGQKQR1gzckamUgzGT1k3dNtWRStw_DV4mqtPnSe512m1TjmcmBtNx5fO6krWQRQOFwMI9uH508BcVEKMf1McYwLPTG9FLaVUKsrXb4-nUMivlkPOX9AUOe2kd9cN451uDG8A7mA&amp;__tn__=*NK-R\">#ConstruyendoFuturo<\/a><\/h3>\n\n\n\n<iframe src=\"https:\/\/www.facebook.com\/plugins\/post.php?href=https%3A%2F%2Fwww.facebook.com%2Fpermalink.php%3Fstory_fbid%3Dpfbid02Zk3RXCaZVx14XeNCTBTsVErCspkHo1P8RbCXvZM7iXFGfr8u4ggMn3vh9LvPu4oBl%26id%3D100064424092491&#038;show_text=true&#038;width=1100\" width=\"1100\" height=\"993\" style=\"border:none;overflow:hidden\" scrolling=\"no\" frameborder=\"0\" allowfullscreen=\"true\" allow=\"autoplay; clipboard-write; encrypted-media; picture-in-picture; web-share\"><\/iframe>\n\t\t\t\t\t\t\t\t<\/div>\n\t\t\t\t<\/div>\n\t\t\t\t\t<\/div>\n\t\t\t\t<\/div>\n\t\t\t\t<\/div>\n\t\t","protected":false},"excerpt":{"rendered":"<p>\u00a1Una calle olvidada, hoy es un paso hacia el progreso! Durante a\u00f1os, la calle principal&#8230;<\/p>\n","protected":false},"author":4,"featured_media":54275,"comment_status":"closed","ping_status":"open","sticky":false,"template":"","format":"standard","meta":{"_eb_attr":"","_monsterinsights_skip_tracking":false,"_monsterinsights_sitenote_active":false,"_monsterinsights_sitenote_note":"","_monsterinsights_sitenote_category":0,"footnotes":""},"categories":[1],"tags":[],"class_list":["post-54274","post","type-post","status-publish","format-standard","has-post-thumbnail","hentry","category-uncategorized"],"featured_image_urls":{"full":["https:\/\/municipalidaddenebaj.com\/wp-content\/uploads\/2025\/10\/558594302_1212365044254287_5406032146020336487_n.jpg",640,960,false],"thumbnail":["https:\/\/municipalidaddenebaj.com\/wp-content\/uploads\/2025\/10\/558594302_1212365044254287_5406032146020336487_n-400x400.jpg",400,400,true],"medium":["https:\/\/municipalidaddenebaj.com\/wp-content\/uploads\/2025\/10\/558594302_1212365044254287_5406032146020336487_n-396x594.jpg",396,594,true],"medium_large":["https:\/\/municipalidaddenebaj.com\/wp-content\/uploads\/2025\/10\/558594302_1212365044254287_5406032146020336487_n.jpg",640,960,false],"large":["https:\/\/municipalidaddenebaj.com\/wp-content\/uploads\/2025\/10\/558594302_1212365044254287_5406032146020336487_n-340x510.jpg",340,510,true],"ezd_searrch_thumb16x16":["https:\/\/municipalidaddenebaj.com\/wp-content\/uploads\/2025\/10\/558594302_1212365044254287_5406032146020336487_n-16x16.jpg",16,16,true],"ezd_searrch_thumb50x50":["https:\/\/municipalidaddenebaj.com\/wp-content\/uploads\/2025\/10\/558594302_1212365044254287_5406032146020336487_n-50x50.jpg",50,50,true],"1536x1536":["https:\/\/municipalidaddenebaj.com\/wp-content\/uploads\/2025\/10\/558594302_1212365044254287_5406032146020336487_n.jpg",640,960,false],"2048x2048":["https:\/\/municipalidaddenebaj.com\/wp-content\/uploads\/2025\/10\/558594302_1212365044254287_5406032146020336487_n.jpg",640,960,false],"covernews-featured":["https:\/\/municipalidaddenebaj.com\/wp-content\/uploads\/2025\/10\/558594302_1212365044254287_5406032146020336487_n.jpg",640,960,false],"covernews-medium":["https:\/\/municipalidaddenebaj.com\/wp-content\/uploads\/2025\/10\/558594302_1212365044254287_5406032146020336487_n.jpg",227,340,false],"woocommerce_thumbnail":["https:\/\/municipalidaddenebaj.com\/wp-content\/uploads\/2025\/10\/558594302_1212365044254287_5406032146020336487_n-300x300.jpg",300,300,true],"woocommerce_single":["https:\/\/municipalidaddenebaj.com\/wp-content\/uploads\/2025\/10\/558594302_1212365044254287_5406032146020336487_n-600x900.jpg",600,900,true],"woocommerce_gallery_thumbnail":["https:\/\/municipalidaddenebaj.com\/wp-content\/uploads\/2025\/10\/558594302_1212365044254287_5406032146020336487_n-100x100.jpg",100,100,true]},"author_info":{"display_name":"Editor","author_link":"https:\/\/municipalidaddenebaj.com\/?author=4"},"category_info":"<a href=\"https:\/\/municipalidaddenebaj.com\/?cat=1\" rel=\"category\">Uncategorized<\/a>","tag_info":"Uncategorized","comment_count":"0","_links":{"self":[{"href":"https:\/\/municipalidaddenebaj.com\/index.php?rest_route=\/wp\/v2\/posts\/54274","targetHints":{"allow":["GET"]}}],"collection":[{"href":"https:\/\/municipalidaddenebaj.com\/index.php?rest_route=\/wp\/v2\/posts"}],"about":[{"href":"https:\/\/municipalidaddenebaj.com\/index.php?rest_route=\/wp\/v2\/types\/post"}],"author":[{"embeddable":true,"href":"https:\/\/municipalidaddenebaj.com\/index.php?rest_route=\/wp\/v2\/users\/4"}],"replies":[{"embeddable":true,"href":"https:\/\/municipalidaddenebaj.com\/index.php?rest_route=%2Fwp%2Fv2%2Fcomments&post=54274"}],"version-history":[{"count":0,"href":"https:\/\/municipalidaddenebaj.com\/index.php?rest_route=\/wp\/v2\/posts\/54274\/revisions"}],"wp:featuredmedia":[{"embeddable":true,"href":"https:\/\/municipalidaddenebaj.com\/index.php?rest_route=\/wp\/v2\/media\/54275"}],"wp:attachment":[{"href":"https:\/\/municipalidaddenebaj.com\/index.php?rest_route=%2Fwp%2Fv2%2Fmedia&parent=54274"}],"wp:term":[{"taxonomy":"category","embeddable":true,"href":"https:\/\/municipalidaddenebaj.com\/index.php?rest_route=%2Fwp%2Fv2%2Fcategories&post=54274"},{"taxonomy":"post_tag","embeddable":true,"href":"https:\/\/municipalidaddenebaj.com\/index.php?rest_route=%2Fwp%2Fv2%2Ftags&post=54274"}],"curies":[{"name":"wp","href":"https:\/\/api.w.org\/{rel}","templated":true}]}}