{"id":54968,"date":"2025-10-15T20:35:14","date_gmt":"2025-10-15T20:35:14","guid":{"rendered":"https:\/\/municipalidaddenebaj.com\/?p=54968"},"modified":"2025-10-15T20:42:29","modified_gmt":"2025-10-15T20:42:29","slug":"feria-de-gastronomia-y-artesania-ixil-2","status":"publish","type":"post","link":"https:\/\/municipalidaddenebaj.com\/?p=54968","title":{"rendered":"Feria de Gastronom\u00eda y Artesan\u00eda Ixil"},"content":{"rendered":"\t\t<div data-elementor-type=\"wp-post\" data-elementor-id=\"54968\" class=\"elementor elementor-54968\" data-elementor-settings=\"{&quot;ha_cmc_init_switcher&quot;:&quot;no&quot;}\">\n\t\t\t\t<div class=\"elementor-element elementor-element-7dda71ef e-flex e-con-boxed e-con e-parent\" data-id=\"7dda71ef\" data-element_type=\"container\" data-e-type=\"container\" data-settings=\"{&quot;_ha_eqh_enable&quot;:false}\">\n\t\t\t\t\t<div class=\"e-con-inner\">\n\t\t\t\t<div class=\"elementor-element elementor-element-2847ba2a elementor-widget elementor-widget-text-editor\" data-id=\"2847ba2a\" data-element_type=\"widget\" data-e-type=\"widget\" data-widget_type=\"text-editor.default\">\n\t\t\t\t<div class=\"elementor-widget-container\">\n\t\t\t\t\t\t\t\t\t\n<p>\u00a1Ven\u00ed y viv\u00ed la esencia de Nebaj!<\/p>\n\n\n\n<p><a><\/a>Te invitamos a ser parte de la Feria de Gastronom\u00eda y Artesan\u00eda Ixil, un espacio lleno de sabor, cultura y tradici\u00f3n en el parque central de Nebaj.<\/p>\n\n\n\n<p>Disfrut\u00e1 de platillos t\u00edpicos, artesan\u00edas \u00fanicas y el talento de nuestra gente.<\/p>\n\n\n\n<p><img  title=\"\" decoding=\"async\" height=\"16\" width=\"16\"  alt=\"1f4cd Feria de Gastronom\u00eda y Artesan\u00eda Ixil\"  src=\"https:\/\/static.xx.fbcdn.net\/images\/emoji.php\/v9\/t2d\/1\/16\/1f4cd.png\"> Lugar: Parque Central<\/p>\n\n\n\n<p><img  title=\"\" decoding=\"async\" height=\"16\" width=\"16\"  alt=\"1f4c5 Feria de Gastronom\u00eda y Artesan\u00eda Ixil\"  src=\"https:\/\/static.xx.fbcdn.net\/images\/emoji.php\/v9\/t7e\/1\/16\/1f4c5.png\"> Fecha: S\u00e1bado 18 de Octubre<\/p>\n\n\n\n<p><img  title=\"\" decoding=\"async\" height=\"16\" width=\"16\"  alt=\"1f552 Feria de Gastronom\u00eda y Artesan\u00eda Ixil\"  src=\"https:\/\/static.xx.fbcdn.net\/images\/emoji.php\/v9\/taa\/1\/16\/1f552.png\"> Hora: 08:00<\/p>\n\n\n\n<p>\u00a1No te lo pierdas! Ven\u00ed con tu familia y amigos a celebrar lo nuestro.<\/p>\n\n\n\n<iframe src=\"https:\/\/www.facebook.com\/plugins\/post.php?href=https%3A%2F%2Fwww.facebook.com%2Fpermalink.php%3Fstory_fbid%3Dpfbid02bya3K9jNnPLGezdsBdwyN1bs2hcrHQBS82gZH64iNQrXz6icYq71iYhyrNgq33Tml%26id%3D100064424092491&#038;show_text=true&#038;width=1100\" width=\"1100\" height=\"680\" style=\"border:none;overflow:hidden\" scrolling=\"no\" frameborder=\"0\" allowfullscreen=\"true\" allow=\"autoplay; clipboard-write; encrypted-media; picture-in-picture; web-share\"><\/iframe>\n\t\t\t\t\t\t\t\t<\/div>\n\t\t\t\t<\/div>\n\t\t\t\t\t<\/div>\n\t\t\t\t<\/div>\n\t\t\t\t<\/div>\n\t\t","protected":false},"excerpt":{"rendered":"<p>\u00a1Ven\u00ed y viv\u00ed la esencia de Nebaj! Te invitamos a ser parte de la Feria&#8230;<\/p>\n","protected":false},"author":4,"featured_media":54969,"comment_status":"closed","ping_status":"open","sticky":false,"template":"","format":"standard","meta":{"_eb_attr":"","_monsterinsights_skip_tracking":false,"_monsterinsights_sitenote_active":false,"_monsterinsights_sitenote_note":"","_monsterinsights_sitenote_category":0,"footnotes":""},"categories":[1],"tags":[],"class_list":["post-54968","post","type-post","status-publish","format-standard","has-post-thumbnail","hentry","category-uncategorized"],"featured_image_urls":{"full":["https:\/\/municipalidaddenebaj.com\/wp-content\/uploads\/2025\/10\/561252021_1220385866785538_1562202235804214015_n.jpg",1638,2048,false],"thumbnail":["https:\/\/municipalidaddenebaj.com\/wp-content\/uploads\/2025\/10\/561252021_1220385866785538_1562202235804214015_n-400x400.jpg",400,400,true],"medium":["https:\/\/municipalidaddenebaj.com\/wp-content\/uploads\/2025\/10\/561252021_1220385866785538_1562202235804214015_n-475x594.jpg",475,594,true],"medium_large":["https:\/\/municipalidaddenebaj.com\/wp-content\/uploads\/2025\/10\/561252021_1220385866785538_1562202235804214015_n-768x960.jpg",640,800,true],"large":["https:\/\/municipalidaddenebaj.com\/wp-content\/uploads\/2025\/10\/561252021_1220385866785538_1562202235804214015_n-408x510.jpg",408,510,true],"ezd_searrch_thumb16x16":["https:\/\/municipalidaddenebaj.com\/wp-content\/uploads\/2025\/10\/561252021_1220385866785538_1562202235804214015_n-16x16.jpg",16,16,true],"ezd_searrch_thumb50x50":["https:\/\/municipalidaddenebaj.com\/wp-content\/uploads\/2025\/10\/561252021_1220385866785538_1562202235804214015_n-50x50.jpg",50,50,true],"1536x1536":["https:\/\/municipalidaddenebaj.com\/wp-content\/uploads\/2025\/10\/561252021_1220385866785538_1562202235804214015_n-1229x1536.jpg",1229,1536,true],"2048x2048":["https:\/\/municipalidaddenebaj.com\/wp-content\/uploads\/2025\/10\/561252021_1220385866785538_1562202235804214015_n.jpg",1638,2048,false],"covernews-featured":["https:\/\/municipalidaddenebaj.com\/wp-content\/uploads\/2025\/10\/561252021_1220385866785538_1562202235804214015_n.jpg",1024,1280,false],"covernews-medium":["https:\/\/municipalidaddenebaj.com\/wp-content\/uploads\/2025\/10\/561252021_1220385866785538_1562202235804214015_n.jpg",272,340,false],"woocommerce_thumbnail":["https:\/\/municipalidaddenebaj.com\/wp-content\/uploads\/2025\/10\/561252021_1220385866785538_1562202235804214015_n-300x300.jpg",300,300,true],"woocommerce_single":["https:\/\/municipalidaddenebaj.com\/wp-content\/uploads\/2025\/10\/561252021_1220385866785538_1562202235804214015_n-600x750.jpg",600,750,true],"woocommerce_gallery_thumbnail":["https:\/\/municipalidaddenebaj.com\/wp-content\/uploads\/2025\/10\/561252021_1220385866785538_1562202235804214015_n-100x100.jpg",100,100,true]},"author_info":{"display_name":"Editor","author_link":"https:\/\/municipalidaddenebaj.com\/?author=4"},"category_info":"<a href=\"https:\/\/municipalidaddenebaj.com\/?cat=1\" rel=\"category\">Uncategorized<\/a>","tag_info":"Uncategorized","comment_count":"0","_links":{"self":[{"href":"https:\/\/municipalidaddenebaj.com\/index.php?rest_route=\/wp\/v2\/posts\/54968","targetHints":{"allow":["GET"]}}],"collection":[{"href":"https:\/\/municipalidaddenebaj.com\/index.php?rest_route=\/wp\/v2\/posts"}],"about":[{"href":"https:\/\/municipalidaddenebaj.com\/index.php?rest_route=\/wp\/v2\/types\/post"}],"author":[{"embeddable":true,"href":"https:\/\/municipalidaddenebaj.com\/index.php?rest_route=\/wp\/v2\/users\/4"}],"replies":[{"embeddable":true,"href":"https:\/\/municipalidaddenebaj.com\/index.php?rest_route=%2Fwp%2Fv2%2Fcomments&post=54968"}],"version-history":[{"count":0,"href":"https:\/\/municipalidaddenebaj.com\/index.php?rest_route=\/wp\/v2\/posts\/54968\/revisions"}],"wp:featuredmedia":[{"embeddable":true,"href":"https:\/\/municipalidaddenebaj.com\/index.php?rest_route=\/wp\/v2\/media\/54969"}],"wp:attachment":[{"href":"https:\/\/municipalidaddenebaj.com\/index.php?rest_route=%2Fwp%2Fv2%2Fmedia&parent=54968"}],"wp:term":[{"taxonomy":"category","embeddable":true,"href":"https:\/\/municipalidaddenebaj.com\/index.php?rest_route=%2Fwp%2Fv2%2Fcategories&post=54968"},{"taxonomy":"post_tag","embeddable":true,"href":"https:\/\/municipalidaddenebaj.com\/index.php?rest_route=%2Fwp%2Fv2%2Ftags&post=54968"}],"curies":[{"name":"wp","href":"https:\/\/api.w.org\/{rel}","templated":true}]}}