{"id":55277,"date":"2025-10-21T16:39:27","date_gmt":"2025-10-21T16:39:27","guid":{"rendered":"https:\/\/municipalidaddenebaj.com\/?p=55277"},"modified":"2025-10-21T16:39:29","modified_gmt":"2025-10-21T16:39:29","slug":"55277","status":"publish","type":"post","link":"https:\/\/municipalidaddenebaj.com\/?p=55277","title":{"rendered":""},"content":{"rendered":"\n<p>Hoy recordamos aquel movimiento que abri\u00f3 las puertas a la educaci\u00f3n, la democracia y los derechos del pueblo de Guatemala. En <a href=\"https:\/\/www.facebook.com\/hashtag\/nebaj?__eep__=6&amp;__cft__[0]=AZXoyOwNrZGvDj5f20vD9XIwbYgm66RV9_V8m74uYMamtMPYRtgdtwbgU9mXAVZ0PPiMGP19gsJ7-fzqG2Tdr3Z3B3h3aguTGCHTYpHomAn_7eqsJfCXyDMun7kgzCHlCXU9ogY2eS94qTmTA8DFpbC5nOjnz3n7fC8LKZi-c_bmc8D8BfGnl3J6TWmNg3KPCZ4&amp;__tn__=*NK-R\">#Nebaj<\/a> esa misma inspiraci\u00f3n nos impulsa <a><\/a>cada d\u00eda a seguir transformando realidades.<\/p>\n\n\n\n<p>Mientras algunos conmemoraron la revoluci\u00f3n con un asueto oficial, el Alcalde Ram\u00f3n Raymundo madrug\u00f3 para inaugurar proyectos, escuchar comunidades hist\u00f3ricamente marginadas y trabajando desde temprano por las familias de Nebaj.<\/p>\n\n\n\n<p>Porque la mejor forma de honrar la historia es seguir construyendo el futuro con hechos y no volver atr\u00e1s solo con discursos.<\/p>\n\n\n\n<iframe src=\"https:\/\/www.facebook.com\/plugins\/post.php?href=https%3A%2F%2Fwww.facebook.com%2Fpermalink.php%3Fstory_fbid%3Dpfbid0n8YYJ1PonYdnVGNLNh9XvCzRgFsKKDsD5e6oBwbarepFtrmjcHq12U93SEqHB4Khl%26id%3D100064424092491&#038;show_text=true&#038;width=1100\" width=\"1100\" height=\"757\" style=\"border:none;overflow:hidden\" scrolling=\"no\" frameborder=\"0\" allowfullscreen=\"true\" allow=\"autoplay; clipboard-write; encrypted-media; picture-in-picture; web-share\"><\/iframe>\n","protected":false},"excerpt":{"rendered":"<p>Hoy recordamos aquel movimiento que abri\u00f3 las puertas a la educaci\u00f3n, la democracia y los&#8230;<\/p>\n","protected":false},"author":4,"featured_media":55278,"comment_status":"closed","ping_status":"open","sticky":false,"template":"","format":"standard","meta":{"_eb_attr":"","_monsterinsights_skip_tracking":false,"_monsterinsights_sitenote_active":false,"_monsterinsights_sitenote_note":"","_monsterinsights_sitenote_category":0,"footnotes":""},"categories":[1],"tags":[],"class_list":["post-55277","post","type-post","status-publish","format-standard","has-post-thumbnail","hentry","category-uncategorized"],"featured_image_urls":{"full":["https:\/\/municipalidaddenebaj.com\/wp-content\/uploads\/2025\/10\/568660465_1224996236324501_6919925936458846684_n.jpg",1638,2048,false],"thumbnail":["https:\/\/municipalidaddenebaj.com\/wp-content\/uploads\/2025\/10\/568660465_1224996236324501_6919925936458846684_n-400x400.jpg",400,400,true],"medium":["https:\/\/municipalidaddenebaj.com\/wp-content\/uploads\/2025\/10\/568660465_1224996236324501_6919925936458846684_n-475x594.jpg",475,594,true],"medium_large":["https:\/\/municipalidaddenebaj.com\/wp-content\/uploads\/2025\/10\/568660465_1224996236324501_6919925936458846684_n-768x960.jpg",640,800,true],"large":["https:\/\/municipalidaddenebaj.com\/wp-content\/uploads\/2025\/10\/568660465_1224996236324501_6919925936458846684_n-408x510.jpg",408,510,true],"ezd_searrch_thumb16x16":["https:\/\/municipalidaddenebaj.com\/wp-content\/uploads\/2025\/10\/568660465_1224996236324501_6919925936458846684_n-16x16.jpg",16,16,true],"ezd_searrch_thumb50x50":["https:\/\/municipalidaddenebaj.com\/wp-content\/uploads\/2025\/10\/568660465_1224996236324501_6919925936458846684_n-50x50.jpg",50,50,true],"1536x1536":["https:\/\/municipalidaddenebaj.com\/wp-content\/uploads\/2025\/10\/568660465_1224996236324501_6919925936458846684_n-1229x1536.jpg",1229,1536,true],"2048x2048":["https:\/\/municipalidaddenebaj.com\/wp-content\/uploads\/2025\/10\/568660465_1224996236324501_6919925936458846684_n.jpg",1638,2048,false],"covernews-featured":["https:\/\/municipalidaddenebaj.com\/wp-content\/uploads\/2025\/10\/568660465_1224996236324501_6919925936458846684_n.jpg",1024,1280,false],"covernews-medium":["https:\/\/municipalidaddenebaj.com\/wp-content\/uploads\/2025\/10\/568660465_1224996236324501_6919925936458846684_n.jpg",272,340,false],"woocommerce_thumbnail":["https:\/\/municipalidaddenebaj.com\/wp-content\/uploads\/2025\/10\/568660465_1224996236324501_6919925936458846684_n-300x300.jpg",300,300,true],"woocommerce_single":["https:\/\/municipalidaddenebaj.com\/wp-content\/uploads\/2025\/10\/568660465_1224996236324501_6919925936458846684_n-600x750.jpg",600,750,true],"woocommerce_gallery_thumbnail":["https:\/\/municipalidaddenebaj.com\/wp-content\/uploads\/2025\/10\/568660465_1224996236324501_6919925936458846684_n-100x100.jpg",100,100,true]},"author_info":{"display_name":"Editor","author_link":"https:\/\/municipalidaddenebaj.com\/?author=4"},"category_info":"<a href=\"https:\/\/municipalidaddenebaj.com\/?cat=1\" rel=\"category\">Uncategorized<\/a>","tag_info":"Uncategorized","comment_count":"0","_links":{"self":[{"href":"https:\/\/municipalidaddenebaj.com\/index.php?rest_route=\/wp\/v2\/posts\/55277","targetHints":{"allow":["GET"]}}],"collection":[{"href":"https:\/\/municipalidaddenebaj.com\/index.php?rest_route=\/wp\/v2\/posts"}],"about":[{"href":"https:\/\/municipalidaddenebaj.com\/index.php?rest_route=\/wp\/v2\/types\/post"}],"author":[{"embeddable":true,"href":"https:\/\/municipalidaddenebaj.com\/index.php?rest_route=\/wp\/v2\/users\/4"}],"replies":[{"embeddable":true,"href":"https:\/\/municipalidaddenebaj.com\/index.php?rest_route=%2Fwp%2Fv2%2Fcomments&post=55277"}],"version-history":[{"count":0,"href":"https:\/\/municipalidaddenebaj.com\/index.php?rest_route=\/wp\/v2\/posts\/55277\/revisions"}],"wp:featuredmedia":[{"embeddable":true,"href":"https:\/\/municipalidaddenebaj.com\/index.php?rest_route=\/wp\/v2\/media\/55278"}],"wp:attachment":[{"href":"https:\/\/municipalidaddenebaj.com\/index.php?rest_route=%2Fwp%2Fv2%2Fmedia&parent=55277"}],"wp:term":[{"taxonomy":"category","embeddable":true,"href":"https:\/\/municipalidaddenebaj.com\/index.php?rest_route=%2Fwp%2Fv2%2Fcategories&post=55277"},{"taxonomy":"post_tag","embeddable":true,"href":"https:\/\/municipalidaddenebaj.com\/index.php?rest_route=%2Fwp%2Fv2%2Ftags&post=55277"}],"curies":[{"name":"wp","href":"https:\/\/api.w.org\/{rel}","templated":true}]}}