{"id":55638,"date":"2025-10-31T21:26:47","date_gmt":"2025-10-31T21:26:47","guid":{"rendered":"https:\/\/municipalidaddenebaj.com\/?p=55638"},"modified":"2025-10-31T21:27:40","modified_gmt":"2025-10-31T21:27:40","slug":"reunion-con-lideres-comunitarios-de-qejchip","status":"publish","type":"post","link":"https:\/\/municipalidaddenebaj.com\/?p=55638","title":{"rendered":"REUNI\u00d3N CON LIDERES COMUNITARIOS DE Q&#8217;EJCHIP"},"content":{"rendered":"\t\t<div data-elementor-type=\"wp-post\" data-elementor-id=\"55638\" class=\"elementor elementor-55638\" data-elementor-settings=\"{&quot;ha_cmc_init_switcher&quot;:&quot;no&quot;}\">\n\t\t\t\t<div class=\"elementor-element elementor-element-31928395 e-flex e-con-boxed e-con e-parent\" data-id=\"31928395\" data-element_type=\"container\" data-e-type=\"container\" data-settings=\"{&quot;_ha_eqh_enable&quot;:false}\">\n\t\t\t\t\t<div class=\"e-con-inner\">\n\t\t\t\t<div class=\"elementor-element elementor-element-79e8c592 elementor-widget elementor-widget-text-editor\" data-id=\"79e8c592\" data-element_type=\"widget\" data-e-type=\"widget\" data-widget_type=\"text-editor.default\">\n\t\t\t\t<div class=\"elementor-widget-container\">\n\t\t\t\t\t\t\t\t\t\n<p>El compromiso del Gobierno Municipal es llegar a las comunidades rurales para escuchar las necesidades.<\/p>\n\n\n\n<p><a><\/a>Hoy el Se\u00f1or Alcalde Municipal sostuvo una reuni\u00f3n con los lideres comunitarios de Q&#8217;ejchip y fueron atendidos para las pr\u00f3ximas inversiones en el estudio de agua potable y una auxiliatura. <a href=\"https:\/\/www.facebook.com\/hashtag\/construyendofuturo?__eep__=6&amp;__cft__[0]=AZVg4CDTS3gqwtcg2bYtTikpnAssj2rr843q4hSsMSPbx_yFdsZ6jn-ahYnJLOWjc4xEngE2DLTJkp93Nw-0unPoBudVS7_IRL6kRI1iQC2W2nlwQl_r2XH6NjGsQXFPbss6A6xH0jSSCdxUOxjgIyQzRIzMYJ9B9-EqRY5oyA19tm_DF2y-b79n2L1T54Sx6Fo&amp;__tn__=*NK-R\">#ConstruyendoFuturo<\/a><\/p>\n\n\n\n<iframe src=\"https:\/\/www.facebook.com\/plugins\/post.php?href=https%3A%2F%2Fwww.facebook.com%2Fpermalink.php%3Fstory_fbid%3Dpfbid02VG8rNhdw3txzN6vxcABXgobLE37Bk6QqENRtBMWLXLViYMKC4dykMx9q4XxZfP4Rl%26id%3D100064424092491&#038;show_text=true&#038;width=1100\" width=\"1100\" height=\"929\" style=\"border:none;overflow:hidden\" scrolling=\"no\" frameborder=\"0\" allowfullscreen=\"true\" allow=\"autoplay; clipboard-write; encrypted-media; picture-in-picture; web-share\"><\/iframe>\n\t\t\t\t\t\t\t\t<\/div>\n\t\t\t\t<\/div>\n\t\t\t\t\t<\/div>\n\t\t\t\t<\/div>\n\t\t\t\t<\/div>\n\t\t","protected":false},"excerpt":{"rendered":"<p>El compromiso del Gobierno Municipal es llegar a las comunidades rurales para escuchar las necesidades&#8230;.<\/p>\n","protected":false},"author":4,"featured_media":55639,"comment_status":"closed","ping_status":"open","sticky":false,"template":"","format":"standard","meta":{"_eb_attr":"","_monsterinsights_skip_tracking":false,"_monsterinsights_sitenote_active":false,"_monsterinsights_sitenote_note":"","_monsterinsights_sitenote_category":0,"footnotes":""},"categories":[1],"tags":[],"class_list":["post-55638","post","type-post","status-publish","format-standard","has-post-thumbnail","hentry","category-uncategorized"],"featured_image_urls":{"full":["https:\/\/municipalidaddenebaj.com\/wp-content\/uploads\/2025\/10\/571687928_1234037568753701_6921137576666102959_n.jpg",960,720,false],"thumbnail":["https:\/\/municipalidaddenebaj.com\/wp-content\/uploads\/2025\/10\/571687928_1234037568753701_6921137576666102959_n-400x400.jpg",400,400,true],"medium":["https:\/\/municipalidaddenebaj.com\/wp-content\/uploads\/2025\/10\/571687928_1234037568753701_6921137576666102959_n-594x446.jpg",594,446,true],"medium_large":["https:\/\/municipalidaddenebaj.com\/wp-content\/uploads\/2025\/10\/571687928_1234037568753701_6921137576666102959_n-768x576.jpg",640,480,true],"large":["https:\/\/municipalidaddenebaj.com\/wp-content\/uploads\/2025\/10\/571687928_1234037568753701_6921137576666102959_n-510x383.jpg",510,383,true],"ezd_searrch_thumb16x16":["https:\/\/municipalidaddenebaj.com\/wp-content\/uploads\/2025\/10\/571687928_1234037568753701_6921137576666102959_n-16x16.jpg",16,16,true],"ezd_searrch_thumb50x50":["https:\/\/municipalidaddenebaj.com\/wp-content\/uploads\/2025\/10\/571687928_1234037568753701_6921137576666102959_n-50x50.jpg",50,50,true],"1536x1536":["https:\/\/municipalidaddenebaj.com\/wp-content\/uploads\/2025\/10\/571687928_1234037568753701_6921137576666102959_n.jpg",960,720,false],"2048x2048":["https:\/\/municipalidaddenebaj.com\/wp-content\/uploads\/2025\/10\/571687928_1234037568753701_6921137576666102959_n.jpg",960,720,false],"covernews-featured":["https:\/\/municipalidaddenebaj.com\/wp-content\/uploads\/2025\/10\/571687928_1234037568753701_6921137576666102959_n.jpg",960,720,false],"covernews-medium":["https:\/\/municipalidaddenebaj.com\/wp-content\/uploads\/2025\/10\/571687928_1234037568753701_6921137576666102959_n.jpg",453,340,false],"woocommerce_thumbnail":["https:\/\/municipalidaddenebaj.com\/wp-content\/uploads\/2025\/10\/571687928_1234037568753701_6921137576666102959_n-300x300.jpg",300,300,true],"woocommerce_single":["https:\/\/municipalidaddenebaj.com\/wp-content\/uploads\/2025\/10\/571687928_1234037568753701_6921137576666102959_n-600x450.jpg",600,450,true],"woocommerce_gallery_thumbnail":["https:\/\/municipalidaddenebaj.com\/wp-content\/uploads\/2025\/10\/571687928_1234037568753701_6921137576666102959_n-100x100.jpg",100,100,true]},"author_info":{"display_name":"Editor","author_link":"https:\/\/municipalidaddenebaj.com\/?author=4"},"category_info":"<a href=\"https:\/\/municipalidaddenebaj.com\/?cat=1\" rel=\"category\">Uncategorized<\/a>","tag_info":"Uncategorized","comment_count":"0","_links":{"self":[{"href":"https:\/\/municipalidaddenebaj.com\/index.php?rest_route=\/wp\/v2\/posts\/55638","targetHints":{"allow":["GET"]}}],"collection":[{"href":"https:\/\/municipalidaddenebaj.com\/index.php?rest_route=\/wp\/v2\/posts"}],"about":[{"href":"https:\/\/municipalidaddenebaj.com\/index.php?rest_route=\/wp\/v2\/types\/post"}],"author":[{"embeddable":true,"href":"https:\/\/municipalidaddenebaj.com\/index.php?rest_route=\/wp\/v2\/users\/4"}],"replies":[{"embeddable":true,"href":"https:\/\/municipalidaddenebaj.com\/index.php?rest_route=%2Fwp%2Fv2%2Fcomments&post=55638"}],"version-history":[{"count":0,"href":"https:\/\/municipalidaddenebaj.com\/index.php?rest_route=\/wp\/v2\/posts\/55638\/revisions"}],"wp:featuredmedia":[{"embeddable":true,"href":"https:\/\/municipalidaddenebaj.com\/index.php?rest_route=\/wp\/v2\/media\/55639"}],"wp:attachment":[{"href":"https:\/\/municipalidaddenebaj.com\/index.php?rest_route=%2Fwp%2Fv2%2Fmedia&parent=55638"}],"wp:term":[{"taxonomy":"category","embeddable":true,"href":"https:\/\/municipalidaddenebaj.com\/index.php?rest_route=%2Fwp%2Fv2%2Fcategories&post=55638"},{"taxonomy":"post_tag","embeddable":true,"href":"https:\/\/municipalidaddenebaj.com\/index.php?rest_route=%2Fwp%2Fv2%2Ftags&post=55638"}],"curies":[{"name":"wp","href":"https:\/\/api.w.org\/{rel}","templated":true}]}}