{"id":55733,"date":"2025-11-05T20:26:00","date_gmt":"2025-11-05T20:26:00","guid":{"rendered":"https:\/\/municipalidaddenebaj.com\/?p=55733"},"modified":"2025-11-05T20:27:21","modified_gmt":"2025-11-05T20:27:21","slug":"cambio-de-tuberia-de-agua-potable-y-drenaje-canton-vicruz","status":"publish","type":"post","link":"https:\/\/municipalidaddenebaj.com\/?p=55733","title":{"rendered":"CAMBIO DE TUBER\u00cdA DE AGUA POTABLE  Y DRENAJE CANT\u00d3N VICRUZ"},"content":{"rendered":"\t\t<div data-elementor-type=\"wp-post\" data-elementor-id=\"55733\" class=\"elementor elementor-55733\" data-elementor-settings=\"{&quot;ha_cmc_init_switcher&quot;:&quot;no&quot;}\">\n\t\t\t\t<div class=\"elementor-element elementor-element-29260829 e-flex e-con-boxed e-con e-parent\" data-id=\"29260829\" data-element_type=\"container\" data-e-type=\"container\" data-settings=\"{&quot;_ha_eqh_enable&quot;:false}\">\n\t\t\t\t\t<div class=\"e-con-inner\">\n\t\t\t\t<div class=\"elementor-element elementor-element-19f225ff elementor-widget elementor-widget-text-editor\" data-id=\"19f225ff\" data-element_type=\"widget\" data-e-type=\"widget\" data-widget_type=\"text-editor.default\">\n\t\t\t\t<div class=\"elementor-widget-container\">\n\t\t\t\t\t\t\t\t\t\n<p>En el Cant\u00f3n Vicruz de Nebaj, iniciaron los trabajos de cambio de tuber\u00eda de agua potable y drenaje, una labor previa a la futura pavimentaci\u00f3n de calle.<\/p>\n\n\n\n<p>Este <a><\/a>importante proyecto refleja el compromiso y liderazgo del se\u00f1or Alcalde Municipal, junto al apoyo y esfuerzo colectivo de los vecinos, quienes trabajaron de la mano con el personal municipal. <img  title=\"\" decoding=\"async\" height=\"16\" width=\"16\"  alt=\"1f91d CAMBIO DE TUBER\u00cdA DE AGUA POTABLE  Y DRENAJE CANT\u00d3N VICRUZ\"  src=\"https:\/\/static.xx.fbcdn.net\/images\/emoji.php\/v9\/t64\/1\/16\/1f91d.png\"><img  title=\"\" decoding=\"async\" height=\"16\" width=\"16\"  alt=\"1f4aa CAMBIO DE TUBER\u00cdA DE AGUA POTABLE  Y DRENAJE CANT\u00d3N VICRUZ\"  src=\"https:\/\/static.xx.fbcdn.net\/images\/emoji.php\/v9\/t6c\/1\/16\/1f4aa.png\"><\/p>\n\n\n\n<p>Un paso m\u00e1s hacia el desarrollo y bienestar de nuestras comunidades.<\/p>\n\n\n\n<p>Seguimos <a href=\"https:\/\/www.facebook.com\/hashtag\/construyendofuturo?__eep__=6&amp;__cft__[0]=AZX2wkMUAlPsnXgRsTwPb--ePnxNn2uODsFvJSm8zroh2fwUoh1fctb36Aco4NzTBgFUitsx7CN_Ek8fOusXqTkh9EMxS87KAJWB1jkcG1BV-pUb6InuEoHwgGaSh-9BmFZcyy-WRdKBDfCie7PSC0wiZkgpZbWv6JavQCUDWh6d6EVaaR1QyYIOhdrfzo2vWx0&amp;__tn__=*NK-R\">#ConstruyendoFuturo<\/a><\/p>\n\n\n\n<iframe src=\"https:\/\/www.facebook.com\/plugins\/post.php?href=https%3A%2F%2Fwww.facebook.com%2Fpermalink.php%3Fstory_fbid%3Dpfbid0dS16SiAoiGNm2sHbPPyFy5UBqX5r7txdr554HsNQY7A3J82PGjUeZWq2KuJJWf4Rl%26id%3D100064424092491&#038;show_text=true&#038;width=1100\" width=\"1100\" height=\"981\" style=\"border:none;overflow:hidden\" scrolling=\"no\" frameborder=\"0\" allowfullscreen=\"true\" allow=\"autoplay; clipboard-write; encrypted-media; picture-in-picture; web-share\"><\/iframe>\n\n\n\n<p><\/p>\n\t\t\t\t\t\t\t\t<\/div>\n\t\t\t\t<\/div>\n\t\t\t\t\t<\/div>\n\t\t\t\t<\/div>\n\t\t\t\t<\/div>\n\t\t","protected":false},"excerpt":{"rendered":"<p>En el Cant\u00f3n Vicruz de Nebaj, iniciaron los trabajos de cambio de tuber\u00eda de agua&#8230;<\/p>\n","protected":false},"author":4,"featured_media":55734,"comment_status":"closed","ping_status":"open","sticky":false,"template":"","format":"standard","meta":{"_eb_attr":"","_monsterinsights_skip_tracking":false,"_monsterinsights_sitenote_active":false,"_monsterinsights_sitenote_note":"","_monsterinsights_sitenote_category":0,"footnotes":""},"categories":[1],"tags":[],"class_list":["post-55733","post","type-post","status-publish","format-standard","has-post-thumbnail","hentry","category-uncategorized"],"featured_image_urls":{"full":["https:\/\/municipalidaddenebaj.com\/wp-content\/uploads\/2025\/11\/576906772_1238242604999864_5940119127573621226_n.jpg",960,640,false],"thumbnail":["https:\/\/municipalidaddenebaj.com\/wp-content\/uploads\/2025\/11\/576906772_1238242604999864_5940119127573621226_n-400x400.jpg",400,400,true],"medium":["https:\/\/municipalidaddenebaj.com\/wp-content\/uploads\/2025\/11\/576906772_1238242604999864_5940119127573621226_n-594x396.jpg",594,396,true],"medium_large":["https:\/\/municipalidaddenebaj.com\/wp-content\/uploads\/2025\/11\/576906772_1238242604999864_5940119127573621226_n-768x512.jpg",640,427,true],"large":["https:\/\/municipalidaddenebaj.com\/wp-content\/uploads\/2025\/11\/576906772_1238242604999864_5940119127573621226_n-510x340.jpg",510,340,true],"ezd_searrch_thumb16x16":["https:\/\/municipalidaddenebaj.com\/wp-content\/uploads\/2025\/11\/576906772_1238242604999864_5940119127573621226_n-16x16.jpg",16,16,true],"ezd_searrch_thumb50x50":["https:\/\/municipalidaddenebaj.com\/wp-content\/uploads\/2025\/11\/576906772_1238242604999864_5940119127573621226_n-50x50.jpg",50,50,true],"1536x1536":["https:\/\/municipalidaddenebaj.com\/wp-content\/uploads\/2025\/11\/576906772_1238242604999864_5940119127573621226_n.jpg",960,640,false],"2048x2048":["https:\/\/municipalidaddenebaj.com\/wp-content\/uploads\/2025\/11\/576906772_1238242604999864_5940119127573621226_n.jpg",960,640,false],"covernews-featured":["https:\/\/municipalidaddenebaj.com\/wp-content\/uploads\/2025\/11\/576906772_1238242604999864_5940119127573621226_n.jpg",960,640,false],"covernews-medium":["https:\/\/municipalidaddenebaj.com\/wp-content\/uploads\/2025\/11\/576906772_1238242604999864_5940119127573621226_n.jpg",510,340,false],"woocommerce_thumbnail":["https:\/\/municipalidaddenebaj.com\/wp-content\/uploads\/2025\/11\/576906772_1238242604999864_5940119127573621226_n-300x300.jpg",300,300,true],"woocommerce_single":["https:\/\/municipalidaddenebaj.com\/wp-content\/uploads\/2025\/11\/576906772_1238242604999864_5940119127573621226_n-600x400.jpg",600,400,true],"woocommerce_gallery_thumbnail":["https:\/\/municipalidaddenebaj.com\/wp-content\/uploads\/2025\/11\/576906772_1238242604999864_5940119127573621226_n-100x100.jpg",100,100,true]},"author_info":{"display_name":"Editor","author_link":"https:\/\/municipalidaddenebaj.com\/?author=4"},"category_info":"<a href=\"https:\/\/municipalidaddenebaj.com\/?cat=1\" rel=\"category\">Uncategorized<\/a>","tag_info":"Uncategorized","comment_count":"0","_links":{"self":[{"href":"https:\/\/municipalidaddenebaj.com\/index.php?rest_route=\/wp\/v2\/posts\/55733","targetHints":{"allow":["GET"]}}],"collection":[{"href":"https:\/\/municipalidaddenebaj.com\/index.php?rest_route=\/wp\/v2\/posts"}],"about":[{"href":"https:\/\/municipalidaddenebaj.com\/index.php?rest_route=\/wp\/v2\/types\/post"}],"author":[{"embeddable":true,"href":"https:\/\/municipalidaddenebaj.com\/index.php?rest_route=\/wp\/v2\/users\/4"}],"replies":[{"embeddable":true,"href":"https:\/\/municipalidaddenebaj.com\/index.php?rest_route=%2Fwp%2Fv2%2Fcomments&post=55733"}],"version-history":[{"count":0,"href":"https:\/\/municipalidaddenebaj.com\/index.php?rest_route=\/wp\/v2\/posts\/55733\/revisions"}],"wp:featuredmedia":[{"embeddable":true,"href":"https:\/\/municipalidaddenebaj.com\/index.php?rest_route=\/wp\/v2\/media\/55734"}],"wp:attachment":[{"href":"https:\/\/municipalidaddenebaj.com\/index.php?rest_route=%2Fwp%2Fv2%2Fmedia&parent=55733"}],"wp:term":[{"taxonomy":"category","embeddable":true,"href":"https:\/\/municipalidaddenebaj.com\/index.php?rest_route=%2Fwp%2Fv2%2Fcategories&post=55733"},{"taxonomy":"post_tag","embeddable":true,"href":"https:\/\/municipalidaddenebaj.com\/index.php?rest_route=%2Fwp%2Fv2%2Ftags&post=55733"}],"curies":[{"name":"wp","href":"https:\/\/api.w.org\/{rel}","templated":true}]}}