{"id":55958,"date":"2025-11-14T19:06:13","date_gmt":"2025-11-14T19:06:13","guid":{"rendered":"https:\/\/municipalidaddenebaj.com\/?p=55958"},"modified":"2025-11-14T20:07:28","modified_gmt":"2025-11-14T20:07:28","slug":"colocacion-de-la-primera-piedra-2","status":"publish","type":"post","link":"https:\/\/municipalidaddenebaj.com\/?p=55958","title":{"rendered":"COLOCACI\u00d3N DE LA PRIMERA PIEDRA"},"content":{"rendered":"\t\t<div data-elementor-type=\"wp-post\" data-elementor-id=\"55958\" class=\"elementor elementor-55958\" data-elementor-settings=\"{&quot;ha_cmc_init_switcher&quot;:&quot;no&quot;}\">\n\t\t\t\t<div class=\"elementor-element elementor-element-6f58a9f2 e-flex e-con-boxed e-con e-parent\" data-id=\"6f58a9f2\" data-element_type=\"container\" data-e-type=\"container\" data-settings=\"{&quot;_ha_eqh_enable&quot;:false}\">\n\t\t\t\t\t<div class=\"e-con-inner\">\n\t\t\t\t<div class=\"elementor-element elementor-element-62e1dc82 elementor-widget elementor-widget-text-editor\" data-id=\"62e1dc82\" data-element_type=\"widget\" data-e-type=\"widget\" data-widget_type=\"text-editor.default\">\n\t\t\t\t<div class=\"elementor-widget-container\">\n\t\t\t\t\t\t\t\t\t\n<h3 class=\"wp-block-heading\">Hoy marcamos un momento hist\u00f3rico para el Cant\u00f3n Vicruz.<\/h3>\n\n\n\n<h3 class=\"wp-block-heading\">Despu\u00e9s de m\u00e1s de tres d\u00e9cadas de olvido por administraciones anteriores, se coloca la primera piedra del tramo <a><\/a>de pavimento que por tantos a\u00f1os esperaron las familias de este sector.<\/h3>\n\n\n\n<h3 class=\"wp-block-heading\">Bajo el liderazgo y compromiso del se\u00f1or Alcalde Municipal, este proyecto inicia con la certeza de que muy pronto ser\u00e1 una realidad.<\/h3>\n\n\n\n<h3 class=\"wp-block-heading\">Un paso firme hacia el desarrollo, donde nunca m\u00e1s los vecinos tendr\u00e1n que enfrentar el lodo o los baches para llegar a sus hogares.<\/h3>\n\n\n\n<h3 class=\"wp-block-heading\">Seguimos <a href=\"https:\/\/www.facebook.com\/hashtag\/construyendofuturo?__eep__=6&amp;__cft__[0]=AZV-ISepqZbAGBIo0HpI5msAuPOkcxskl_yx4OjupGrNO2bAvLQjAvaUSihN1uw6S2GlkOUDj5ti1cCkur20L9f1cxHMeBq7OuNqt-IRnUEwc9KtQO3m0SEKnCpQgHg5Mm2NqUXg3CmZX94lGY9BQe-d0TaXYyv8EP-HapljCHW22oTzfU1aBYaIy0FV0ltcKS0&amp;__tn__=*NK-R\">#ConstruyendoFuturo<\/a><\/h3>\n\n\n\n<iframe src=\"https:\/\/www.facebook.com\/plugins\/post.php?href=https%3A%2F%2Fwww.facebook.com%2Fpermalink.php%3Fstory_fbid%3Dpfbid02xhU6XZ1xuSnrXjuohLLoTj4STKg2Fqo6whLXWiTT58juYDucCZU2xee7ctjg77el%26id%3D100064424092491&#038;show_text=true&#038;width=1100\" width=\"1100\" height=\"1020\" style=\"border:none;overflow:hidden\" scrolling=\"no\" frameborder=\"0\" allowfullscreen=\"true\" allow=\"autoplay; clipboard-write; encrypted-media; picture-in-picture; web-share\"><\/iframe>\n\n\n\n<p><\/p>\n\t\t\t\t\t\t\t\t<\/div>\n\t\t\t\t<\/div>\n\t\t\t\t\t<\/div>\n\t\t\t\t<\/div>\n\t\t\t\t<\/div>\n\t\t","protected":false},"excerpt":{"rendered":"<p>Hoy marcamos un momento hist\u00f3rico para el Cant\u00f3n Vicruz. Despu\u00e9s de m\u00e1s de tres d\u00e9cadas&#8230;<\/p>\n","protected":false},"author":4,"featured_media":0,"comment_status":"closed","ping_status":"open","sticky":false,"template":"","format":"standard","meta":{"_eb_attr":"","_monsterinsights_skip_tracking":false,"_monsterinsights_sitenote_active":false,"_monsterinsights_sitenote_note":"","_monsterinsights_sitenote_category":0,"footnotes":""},"categories":[1],"tags":[],"class_list":["post-55958","post","type-post","status-publish","format-standard","hentry","category-uncategorized"],"featured_image_urls":{"full":"","thumbnail":"","medium":"","medium_large":"","large":"","ezd_searrch_thumb16x16":"","ezd_searrch_thumb50x50":"","1536x1536":"","2048x2048":"","covernews-featured":"","covernews-medium":"","woocommerce_thumbnail":"","woocommerce_single":"","woocommerce_gallery_thumbnail":""},"author_info":{"display_name":"Editor","author_link":"https:\/\/municipalidaddenebaj.com\/?author=4"},"category_info":"<a href=\"https:\/\/municipalidaddenebaj.com\/?cat=1\" rel=\"category\">Uncategorized<\/a>","tag_info":"Uncategorized","comment_count":"0","_links":{"self":[{"href":"https:\/\/municipalidaddenebaj.com\/index.php?rest_route=\/wp\/v2\/posts\/55958","targetHints":{"allow":["GET"]}}],"collection":[{"href":"https:\/\/municipalidaddenebaj.com\/index.php?rest_route=\/wp\/v2\/posts"}],"about":[{"href":"https:\/\/municipalidaddenebaj.com\/index.php?rest_route=\/wp\/v2\/types\/post"}],"author":[{"embeddable":true,"href":"https:\/\/municipalidaddenebaj.com\/index.php?rest_route=\/wp\/v2\/users\/4"}],"replies":[{"embeddable":true,"href":"https:\/\/municipalidaddenebaj.com\/index.php?rest_route=%2Fwp%2Fv2%2Fcomments&post=55958"}],"version-history":[{"count":0,"href":"https:\/\/municipalidaddenebaj.com\/index.php?rest_route=\/wp\/v2\/posts\/55958\/revisions"}],"wp:attachment":[{"href":"https:\/\/municipalidaddenebaj.com\/index.php?rest_route=%2Fwp%2Fv2%2Fmedia&parent=55958"}],"wp:term":[{"taxonomy":"category","embeddable":true,"href":"https:\/\/municipalidaddenebaj.com\/index.php?rest_route=%2Fwp%2Fv2%2Fcategories&post=55958"},{"taxonomy":"post_tag","embeddable":true,"href":"https:\/\/municipalidaddenebaj.com\/index.php?rest_route=%2Fwp%2Fv2%2Ftags&post=55958"}],"curies":[{"name":"wp","href":"https:\/\/api.w.org\/{rel}","templated":true}]}}