{"id":56306,"date":"2025-12-08T15:03:31","date_gmt":"2025-12-08T15:03:31","guid":{"rendered":"https:\/\/municipalidaddenebaj.com\/?p=56306"},"modified":"2025-12-08T15:03:34","modified_gmt":"2025-12-08T15:03:34","slug":"clausura-de-becas-artesanos-2025","status":"publish","type":"post","link":"https:\/\/municipalidaddenebaj.com\/?p=56306","title":{"rendered":"CLAUSURA  DE  BECAS ARTESANOS 2025"},"content":{"rendered":"\n<h3 class=\"wp-block-heading\"><img  title=\"\" decoding=\"async\" height=\"16\" width=\"16\"  alt=\"1f4cd CLAUSURA  DE  BECAS ARTESANOS 2025\"  src=\"https:\/\/static.xx.fbcdn.net\/images\/emoji.php\/v9\/t2d\/1\/16\/1f4cd.png\">Clausura de la Beca Artesano 2025<img  title=\"\" decoding=\"async\" height=\"16\" width=\"16\"  alt=\"1f4cd CLAUSURA  DE  BECAS ARTESANOS 2025\"  src=\"https:\/\/static.xx.fbcdn.net\/images\/emoji.php\/v9\/t2d\/1\/16\/1f4cd.png\"><\/h3>\n\n\n\n<h3 class=\"wp-block-heading\">Hoy <a><\/a>celebramos la clausura del proceso de capacitaci\u00f3n municipal en funci\u00f3n de la Beca Artesano, donde 200 mujeres culminaron su proceso para la elaboraci\u00f3n de la indumentaria nebajense y tambi\u00e9n en la preparaci\u00f3n de jalea artesanal.<\/h3>\n\n\n\n<h3 class=\"wp-block-heading\">Este esfuerzo ha sido posible gracias al trabajo conjunto de la Municipalidad y el Gobierno de Guatemala a trav\u00e9s del MIDES, adem\u00e1s del respaldo del Alcalde Municipal Ram\u00f3n Raymundo Ceto, quien facilit\u00f3 los materiales y acompa\u00f1amiento constante.<\/h3>\n\n\n\n<h3 class=\"wp-block-heading\">\u00a1Vamos a seguir <a href=\"https:\/\/www.facebook.com\/hashtag\/construyendofuturo?__eep__=6&amp;__cft__[0]=AZUYfvMeQR46oI1N2p7eD0q9Xybx2sy0RrdPlWs8NsCmVMHQr7on656sEpS5CDeh9EWe1F6Dnm7GAFuhE0zZIro0MnVZIXg2tXByaRBRyBoK947orOWB4Wo5vIlcZmM9wRkMNGSuZgHIFPl6_I6StpIBYfrVZJ62d6xdknIyeNi31JxJjJXYaR8Egi3RSy4UUDk&amp;__tn__=*NK-R\">#ConstruyendoFuturo<\/a> juntos!<\/h3>\n\n\n\n<iframe src=\"https:\/\/www.facebook.com\/plugins\/post.php?href=https%3A%2F%2Fwww.facebook.com%2Fpermalink.php%3Fstory_fbid%3Dpfbid02AiYgtPEfWwTRoVvLCqBbhReZPhKfxwjMDzTSAUiDfyd5PphSLNF9vcnT2kaFXYbjl%26id%3D100064424092491&#038;show_text=true&#038;width=1100\" width=\"1100\" height=\"960\" style=\"border:none;overflow:hidden\" scrolling=\"no\" frameborder=\"0\" allowfullscreen=\"true\" allow=\"autoplay; clipboard-write; encrypted-media; picture-in-picture; web-share\"><\/iframe>\n\n\n\n<p><\/p>\n","protected":false},"excerpt":{"rendered":"<p>Clausura de la Beca Artesano 2025 Hoy celebramos la clausura del proceso de capacitaci\u00f3n municipal&#8230;<\/p>\n","protected":false},"author":4,"featured_media":56310,"comment_status":"closed","ping_status":"open","sticky":false,"template":"","format":"standard","meta":{"_eb_attr":"","_monsterinsights_skip_tracking":false,"_monsterinsights_sitenote_active":false,"_monsterinsights_sitenote_note":"","_monsterinsights_sitenote_category":0,"footnotes":""},"categories":[1],"tags":[],"class_list":["post-56306","post","type-post","status-publish","format-standard","has-post-thumbnail","hentry","category-uncategorized"],"featured_image_urls":{"full":["https:\/\/municipalidaddenebaj.com\/wp-content\/uploads\/2025\/12\/595545618_1261736845983773_5883334310423996046_n.jpg",2048,1366,false],"thumbnail":["https:\/\/municipalidaddenebaj.com\/wp-content\/uploads\/2025\/12\/595545618_1261736845983773_5883334310423996046_n-400x400.jpg",400,400,true],"medium":["https:\/\/municipalidaddenebaj.com\/wp-content\/uploads\/2025\/12\/595545618_1261736845983773_5883334310423996046_n-594x396.jpg",594,396,true],"medium_large":["https:\/\/municipalidaddenebaj.com\/wp-content\/uploads\/2025\/12\/595545618_1261736845983773_5883334310423996046_n-768x512.jpg",640,427,true],"large":["https:\/\/municipalidaddenebaj.com\/wp-content\/uploads\/2025\/12\/595545618_1261736845983773_5883334310423996046_n-510x340.jpg",510,340,true],"ezd_searrch_thumb16x16":["https:\/\/municipalidaddenebaj.com\/wp-content\/uploads\/2025\/12\/595545618_1261736845983773_5883334310423996046_n-16x16.jpg",16,16,true],"ezd_searrch_thumb50x50":["https:\/\/municipalidaddenebaj.com\/wp-content\/uploads\/2025\/12\/595545618_1261736845983773_5883334310423996046_n-50x50.jpg",50,50,true],"1536x1536":["https:\/\/municipalidaddenebaj.com\/wp-content\/uploads\/2025\/12\/595545618_1261736845983773_5883334310423996046_n-1536x1025.jpg",1536,1025,true],"2048x2048":["https:\/\/municipalidaddenebaj.com\/wp-content\/uploads\/2025\/12\/595545618_1261736845983773_5883334310423996046_n.jpg",2048,1366,false],"covernews-featured":["https:\/\/municipalidaddenebaj.com\/wp-content\/uploads\/2025\/12\/595545618_1261736845983773_5883334310423996046_n.jpg",1024,683,false],"covernews-medium":["https:\/\/municipalidaddenebaj.com\/wp-content\/uploads\/2025\/12\/595545618_1261736845983773_5883334310423996046_n.jpg",510,340,false],"woocommerce_thumbnail":["https:\/\/municipalidaddenebaj.com\/wp-content\/uploads\/2025\/12\/595545618_1261736845983773_5883334310423996046_n-300x300.jpg",300,300,true],"woocommerce_single":["https:\/\/municipalidaddenebaj.com\/wp-content\/uploads\/2025\/12\/595545618_1261736845983773_5883334310423996046_n-600x400.jpg",600,400,true],"woocommerce_gallery_thumbnail":["https:\/\/municipalidaddenebaj.com\/wp-content\/uploads\/2025\/12\/595545618_1261736845983773_5883334310423996046_n-100x100.jpg",100,100,true]},"author_info":{"display_name":"Editor","author_link":"https:\/\/municipalidaddenebaj.com\/?author=4"},"category_info":"<a href=\"https:\/\/municipalidaddenebaj.com\/?cat=1\" rel=\"category\">Uncategorized<\/a>","tag_info":"Uncategorized","comment_count":"0","_links":{"self":[{"href":"https:\/\/municipalidaddenebaj.com\/index.php?rest_route=\/wp\/v2\/posts\/56306","targetHints":{"allow":["GET"]}}],"collection":[{"href":"https:\/\/municipalidaddenebaj.com\/index.php?rest_route=\/wp\/v2\/posts"}],"about":[{"href":"https:\/\/municipalidaddenebaj.com\/index.php?rest_route=\/wp\/v2\/types\/post"}],"author":[{"embeddable":true,"href":"https:\/\/municipalidaddenebaj.com\/index.php?rest_route=\/wp\/v2\/users\/4"}],"replies":[{"embeddable":true,"href":"https:\/\/municipalidaddenebaj.com\/index.php?rest_route=%2Fwp%2Fv2%2Fcomments&post=56306"}],"version-history":[{"count":0,"href":"https:\/\/municipalidaddenebaj.com\/index.php?rest_route=\/wp\/v2\/posts\/56306\/revisions"}],"wp:featuredmedia":[{"embeddable":true,"href":"https:\/\/municipalidaddenebaj.com\/index.php?rest_route=\/wp\/v2\/media\/56310"}],"wp:attachment":[{"href":"https:\/\/municipalidaddenebaj.com\/index.php?rest_route=%2Fwp%2Fv2%2Fmedia&parent=56306"}],"wp:term":[{"taxonomy":"category","embeddable":true,"href":"https:\/\/municipalidaddenebaj.com\/index.php?rest_route=%2Fwp%2Fv2%2Fcategories&post=56306"},{"taxonomy":"post_tag","embeddable":true,"href":"https:\/\/municipalidaddenebaj.com\/index.php?rest_route=%2Fwp%2Fv2%2Ftags&post=56306"}],"curies":[{"name":"wp","href":"https:\/\/api.w.org\/{rel}","templated":true}]}}