{"id":57243,"date":"2026-01-27T15:53:56","date_gmt":"2026-01-27T15:53:56","guid":{"rendered":"https:\/\/municipalidaddenebaj.com\/?p=57243"},"modified":"2026-01-27T15:55:14","modified_gmt":"2026-01-27T15:55:14","slug":"comusan","status":"publish","type":"post","link":"https:\/\/municipalidaddenebaj.com\/?p=57243","title":{"rendered":"COMUSAN"},"content":{"rendered":"\t\t<div data-elementor-type=\"wp-post\" data-elementor-id=\"57243\" class=\"elementor elementor-57243\" data-elementor-settings=\"{&quot;ha_cmc_init_switcher&quot;:&quot;no&quot;}\">\n\t\t\t\t<div class=\"elementor-element elementor-element-35292cc8 e-flex e-con-boxed e-con e-parent\" data-id=\"35292cc8\" data-element_type=\"container\" data-e-type=\"container\" data-settings=\"{&quot;_ha_eqh_enable&quot;:false}\">\n\t\t\t\t\t<div class=\"e-con-inner\">\n\t\t\t\t<div class=\"elementor-element elementor-element-62d2c836 elementor-widget elementor-widget-text-editor\" data-id=\"62d2c836\" data-element_type=\"widget\" data-e-type=\"widget\" data-widget_type=\"text-editor.default\">\n\t\t\t\t<div class=\"elementor-widget-container\">\n\t\t\t\t\t\t\t\t\t\n<h4 class=\"wp-block-heading\">La COMUSAN de Nebaj dio inicio a un trabajo articulado y comprometido para la reducci\u00f3n de la desnutrici\u00f3n cr\u00f3nica y aguda, priorizando a las mujeres y a la ni\u00f1ez menor de cinco a\u00f1os.<\/h4>\n\n\n\n<h4 class=\"wp-block-heading\">Cada acci\u00f3n responde a un objetivo claro: garantizar el derecho de nuestra ni\u00f1ez a una vida digna y sin hambre. Seguiremos fortaleciendo iniciativas interinstitucionales como Mano a Mano, sumando esfuerzos por el bienestar de las familias.<\/h4>\n\n\n\n<h4 class=\"wp-block-heading\">Construimos juntos el Nebaj que queremos.<\/h4>\n\n\n\n<iframe src=\"https:\/\/www.facebook.com\/plugins\/post.php?href=https%3A%2F%2Fwww.facebook.com%2Fpermalink.php%3Fstory_fbid%3Dpfbid02F7ad1u7xq8ebpuTAkwtyUpdsY59xXEpmGDBw7rBK7kTvEQScF6hZZfXGygq68fUhl%26id%3D100064424092491&#038;show_text=true&#038;width=1100\" width=\"1100\" height=\"999\" style=\"border:none;overflow:hidden\" scrolling=\"no\" frameborder=\"0\" allowfullscreen=\"true\" allow=\"autoplay; clipboard-write; encrypted-media; picture-in-picture; web-share\"><\/iframe>\n\t\t\t\t\t\t\t\t<\/div>\n\t\t\t\t<\/div>\n\t\t\t\t\t<\/div>\n\t\t\t\t<\/div>\n\t\t\t\t<\/div>\n\t\t","protected":false},"excerpt":{"rendered":"<p>La COMUSAN de Nebaj dio inicio a un trabajo articulado y comprometido para la reducci\u00f3n&#8230;<\/p>\n","protected":false},"author":4,"featured_media":57244,"comment_status":"closed","ping_status":"open","sticky":false,"template":"","format":"standard","meta":{"_eb_attr":"","_monsterinsights_skip_tracking":false,"_monsterinsights_sitenote_active":false,"_monsterinsights_sitenote_note":"","_monsterinsights_sitenote_category":0,"footnotes":""},"categories":[1],"tags":[],"class_list":["post-57243","post","type-post","status-publish","format-standard","has-post-thumbnail","hentry","category-uncategorized"],"featured_image_urls":{"full":["https:\/\/municipalidaddenebaj.com\/wp-content\/uploads\/2026\/01\/622354617_1301268568697267_4547649936979256915_n.jpg",2048,1365,false],"thumbnail":["https:\/\/municipalidaddenebaj.com\/wp-content\/uploads\/2026\/01\/622354617_1301268568697267_4547649936979256915_n-400x400.jpg",400,400,true],"medium":["https:\/\/municipalidaddenebaj.com\/wp-content\/uploads\/2026\/01\/622354617_1301268568697267_4547649936979256915_n-594x396.jpg",594,396,true],"medium_large":["https:\/\/municipalidaddenebaj.com\/wp-content\/uploads\/2026\/01\/622354617_1301268568697267_4547649936979256915_n-768x512.jpg",640,427,true],"large":["https:\/\/municipalidaddenebaj.com\/wp-content\/uploads\/2026\/01\/622354617_1301268568697267_4547649936979256915_n-510x340.jpg",510,340,true],"ezd_searrch_thumb16x16":["https:\/\/municipalidaddenebaj.com\/wp-content\/uploads\/2026\/01\/622354617_1301268568697267_4547649936979256915_n-16x16.jpg",16,16,true],"ezd_searrch_thumb50x50":["https:\/\/municipalidaddenebaj.com\/wp-content\/uploads\/2026\/01\/622354617_1301268568697267_4547649936979256915_n-50x50.jpg",50,50,true],"1536x1536":["https:\/\/municipalidaddenebaj.com\/wp-content\/uploads\/2026\/01\/622354617_1301268568697267_4547649936979256915_n-1536x1024.jpg",1536,1024,true],"2048x2048":["https:\/\/municipalidaddenebaj.com\/wp-content\/uploads\/2026\/01\/622354617_1301268568697267_4547649936979256915_n.jpg",2048,1365,false],"covernews-featured":["https:\/\/municipalidaddenebaj.com\/wp-content\/uploads\/2026\/01\/622354617_1301268568697267_4547649936979256915_n.jpg",1024,683,false],"covernews-medium":["https:\/\/municipalidaddenebaj.com\/wp-content\/uploads\/2026\/01\/622354617_1301268568697267_4547649936979256915_n.jpg",510,340,false],"woocommerce_thumbnail":["https:\/\/municipalidaddenebaj.com\/wp-content\/uploads\/2026\/01\/622354617_1301268568697267_4547649936979256915_n-300x300.jpg",300,300,true],"woocommerce_single":["https:\/\/municipalidaddenebaj.com\/wp-content\/uploads\/2026\/01\/622354617_1301268568697267_4547649936979256915_n-600x400.jpg",600,400,true],"woocommerce_gallery_thumbnail":["https:\/\/municipalidaddenebaj.com\/wp-content\/uploads\/2026\/01\/622354617_1301268568697267_4547649936979256915_n-100x100.jpg",100,100,true]},"author_info":{"display_name":"Editor","author_link":"https:\/\/municipalidaddenebaj.com\/?author=4"},"category_info":"<a href=\"https:\/\/municipalidaddenebaj.com\/?cat=1\" rel=\"category\">Uncategorized<\/a>","tag_info":"Uncategorized","comment_count":"0","_links":{"self":[{"href":"https:\/\/municipalidaddenebaj.com\/index.php?rest_route=\/wp\/v2\/posts\/57243","targetHints":{"allow":["GET"]}}],"collection":[{"href":"https:\/\/municipalidaddenebaj.com\/index.php?rest_route=\/wp\/v2\/posts"}],"about":[{"href":"https:\/\/municipalidaddenebaj.com\/index.php?rest_route=\/wp\/v2\/types\/post"}],"author":[{"embeddable":true,"href":"https:\/\/municipalidaddenebaj.com\/index.php?rest_route=\/wp\/v2\/users\/4"}],"replies":[{"embeddable":true,"href":"https:\/\/municipalidaddenebaj.com\/index.php?rest_route=%2Fwp%2Fv2%2Fcomments&post=57243"}],"version-history":[{"count":0,"href":"https:\/\/municipalidaddenebaj.com\/index.php?rest_route=\/wp\/v2\/posts\/57243\/revisions"}],"wp:featuredmedia":[{"embeddable":true,"href":"https:\/\/municipalidaddenebaj.com\/index.php?rest_route=\/wp\/v2\/media\/57244"}],"wp:attachment":[{"href":"https:\/\/municipalidaddenebaj.com\/index.php?rest_route=%2Fwp%2Fv2%2Fmedia&parent=57243"}],"wp:term":[{"taxonomy":"category","embeddable":true,"href":"https:\/\/municipalidaddenebaj.com\/index.php?rest_route=%2Fwp%2Fv2%2Fcategories&post=57243"},{"taxonomy":"post_tag","embeddable":true,"href":"https:\/\/municipalidaddenebaj.com\/index.php?rest_route=%2Fwp%2Fv2%2Ftags&post=57243"}],"curies":[{"name":"wp","href":"https:\/\/api.w.org\/{rel}","templated":true}]}}