{"id":59788,"date":"2026-03-02T22:38:30","date_gmt":"2026-03-02T22:38:30","guid":{"rendered":"https:\/\/municipalidaddenebaj.com\/?p=59788"},"modified":"2026-03-02T22:40:56","modified_gmt":"2026-03-02T22:40:56","slug":"inauguracion-del-proyecto-mejoramiento-camino-pavimentacion-canton-vi-cruz","status":"publish","type":"post","link":"https:\/\/municipalidaddenebaj.com\/?p=59788","title":{"rendered":"INAUGURACI\u00d3N DEL PROYECTO MEJORAMIENTO CAMINO PAVIMENTACI\u00d3N CANT\u00d3N VI CRUZ"},"content":{"rendered":"\t\t<div data-elementor-type=\"wp-post\" data-elementor-id=\"59788\" class=\"elementor elementor-59788\" data-elementor-settings=\"{&quot;ha_cmc_init_switcher&quot;:&quot;no&quot;}\">\n\t\t\t\t<div class=\"elementor-element elementor-element-5339f78a e-flex e-con-boxed e-con e-parent\" data-id=\"5339f78a\" data-element_type=\"container\" data-e-type=\"container\" data-settings=\"{&quot;_ha_eqh_enable&quot;:false}\">\n\t\t\t\t\t<div class=\"e-con-inner\">\n\t\t\t\t<div class=\"elementor-element elementor-element-2ff6b8f2 elementor-widget elementor-widget-text-editor\" data-id=\"2ff6b8f2\" data-element_type=\"widget\" data-e-type=\"widget\" data-widget_type=\"text-editor.default\">\n\t\t\t\t<div class=\"elementor-widget-container\">\n\t\t\t\t\t\t\t\t\t\n<h4 class=\"wp-block-heading\">Cuando el compromiso es real, el desarrollo se convierte en realidad.<\/h4>\n\n\n\n<h4 class=\"wp-block-heading\">Hoy el cant\u00f3n Vi Cruz marca un antes y un despu\u00e9s con la inauguraci\u00f3n de su pavimentaci\u00f3n, una obra que transforma el acceso y mejora la calidad de vida de sus vecinos.<\/h4>\n\n\n\n<h4 class=\"wp-block-heading\">Este proyecto refleja el firme compromiso del se\u00f1or alcalde con el pueblo, trabajando con hechos concretos por el bienestar y el desarrollo de cada comunidad.<\/h4>\n\n\n\n<iframe src=\"https:\/\/www.facebook.com\/plugins\/post.php?href=https%3A%2F%2Fwww.facebook.com%2Fpermalink.php%3Fstory_fbid%3Dpfbid02YYLdTAyffouK1fb46KzgTVGNakdByzshb5ANfF6KD6QwmxAsmVdvDwRTHmTbcKmHl%26id%3D100064424092491&#038;show_text=true&#038;width=1700\" width=\"1700\" height=\"973\" style=\"border:none;overflow:hidden\" scrolling=\"no\" frameborder=\"0\" allowfullscreen=\"true\" allow=\"autoplay; clipboard-write; encrypted-media; picture-in-picture; web-share\"><\/iframe>\n\n\n\n<p><\/p>\n\t\t\t\t\t\t\t\t<\/div>\n\t\t\t\t<\/div>\n\t\t\t\t\t<\/div>\n\t\t\t\t<\/div>\n\t\t\t\t<\/div>\n\t\t","protected":false},"excerpt":{"rendered":"<p>Cuando el compromiso es real, el desarrollo se convierte en realidad. Hoy el cant\u00f3n Vi&#8230;<\/p>\n","protected":false},"author":4,"featured_media":59790,"comment_status":"closed","ping_status":"open","sticky":false,"template":"","format":"standard","meta":{"_eb_attr":"","_monsterinsights_skip_tracking":false,"_monsterinsights_sitenote_active":false,"_monsterinsights_sitenote_note":"","_monsterinsights_sitenote_category":0,"footnotes":""},"categories":[1],"tags":[],"class_list":["post-59788","post","type-post","status-publish","format-standard","has-post-thumbnail","hentry","category-uncategorized"],"featured_image_urls":{"full":["https:\/\/municipalidaddenebaj.com\/wp-content\/uploads\/2026\/03\/645412440_1329656805858443_8178465663792822648_n.jpg",2048,1152,false],"thumbnail":["https:\/\/municipalidaddenebaj.com\/wp-content\/uploads\/2026\/03\/645412440_1329656805858443_8178465663792822648_n-400x400.jpg",400,400,true],"medium":["https:\/\/municipalidaddenebaj.com\/wp-content\/uploads\/2026\/03\/645412440_1329656805858443_8178465663792822648_n-594x334.jpg",594,334,true],"medium_large":["https:\/\/municipalidaddenebaj.com\/wp-content\/uploads\/2026\/03\/645412440_1329656805858443_8178465663792822648_n-768x432.jpg",640,360,true],"large":["https:\/\/municipalidaddenebaj.com\/wp-content\/uploads\/2026\/03\/645412440_1329656805858443_8178465663792822648_n-510x287.jpg",510,287,true],"ezd_searrch_thumb16x16":["https:\/\/municipalidaddenebaj.com\/wp-content\/uploads\/2026\/03\/645412440_1329656805858443_8178465663792822648_n-16x16.jpg",16,16,true],"ezd_searrch_thumb50x50":["https:\/\/municipalidaddenebaj.com\/wp-content\/uploads\/2026\/03\/645412440_1329656805858443_8178465663792822648_n-50x50.jpg",50,50,true],"1536x1536":["https:\/\/municipalidaddenebaj.com\/wp-content\/uploads\/2026\/03\/645412440_1329656805858443_8178465663792822648_n-1536x864.jpg",1536,864,true],"2048x2048":["https:\/\/municipalidaddenebaj.com\/wp-content\/uploads\/2026\/03\/645412440_1329656805858443_8178465663792822648_n.jpg",2048,1152,false],"covernews-featured":["https:\/\/municipalidaddenebaj.com\/wp-content\/uploads\/2026\/03\/645412440_1329656805858443_8178465663792822648_n-1024x576.jpg",1024,576,true],"covernews-medium":["https:\/\/municipalidaddenebaj.com\/wp-content\/uploads\/2026\/03\/645412440_1329656805858443_8178465663792822648_n-540x340.jpg",540,340,true],"woocommerce_thumbnail":["https:\/\/municipalidaddenebaj.com\/wp-content\/uploads\/2026\/03\/645412440_1329656805858443_8178465663792822648_n-300x300.jpg",300,300,true],"woocommerce_single":["https:\/\/municipalidaddenebaj.com\/wp-content\/uploads\/2026\/03\/645412440_1329656805858443_8178465663792822648_n-600x338.jpg",600,338,true],"woocommerce_gallery_thumbnail":["https:\/\/municipalidaddenebaj.com\/wp-content\/uploads\/2026\/03\/645412440_1329656805858443_8178465663792822648_n-100x100.jpg",100,100,true]},"author_info":{"display_name":"Editor","author_link":"https:\/\/municipalidaddenebaj.com\/?author=4"},"category_info":"<a href=\"https:\/\/municipalidaddenebaj.com\/?cat=1\" rel=\"category\">Uncategorized<\/a>","tag_info":"Uncategorized","comment_count":"0","_links":{"self":[{"href":"https:\/\/municipalidaddenebaj.com\/index.php?rest_route=\/wp\/v2\/posts\/59788","targetHints":{"allow":["GET"]}}],"collection":[{"href":"https:\/\/municipalidaddenebaj.com\/index.php?rest_route=\/wp\/v2\/posts"}],"about":[{"href":"https:\/\/municipalidaddenebaj.com\/index.php?rest_route=\/wp\/v2\/types\/post"}],"author":[{"embeddable":true,"href":"https:\/\/municipalidaddenebaj.com\/index.php?rest_route=\/wp\/v2\/users\/4"}],"replies":[{"embeddable":true,"href":"https:\/\/municipalidaddenebaj.com\/index.php?rest_route=%2Fwp%2Fv2%2Fcomments&post=59788"}],"version-history":[{"count":0,"href":"https:\/\/municipalidaddenebaj.com\/index.php?rest_route=\/wp\/v2\/posts\/59788\/revisions"}],"wp:featuredmedia":[{"embeddable":true,"href":"https:\/\/municipalidaddenebaj.com\/index.php?rest_route=\/wp\/v2\/media\/59790"}],"wp:attachment":[{"href":"https:\/\/municipalidaddenebaj.com\/index.php?rest_route=%2Fwp%2Fv2%2Fmedia&parent=59788"}],"wp:term":[{"taxonomy":"category","embeddable":true,"href":"https:\/\/municipalidaddenebaj.com\/index.php?rest_route=%2Fwp%2Fv2%2Fcategories&post=59788"},{"taxonomy":"post_tag","embeddable":true,"href":"https:\/\/municipalidaddenebaj.com\/index.php?rest_route=%2Fwp%2Fv2%2Ftags&post=59788"}],"curies":[{"name":"wp","href":"https:\/\/api.w.org\/{rel}","templated":true}]}}