{"id":59794,"date":"2026-03-02T22:44:00","date_gmt":"2026-03-02T22:44:00","guid":{"rendered":"https:\/\/municipalidaddenebaj.com\/?p=59794"},"modified":"2026-03-02T22:44:50","modified_gmt":"2026-03-02T22:44:50","slug":"concentracion-con-lideres-de-las-difrentes-aldeas","status":"publish","type":"post","link":"https:\/\/municipalidaddenebaj.com\/?p=59794","title":{"rendered":"CONCENTRACI\u00d3N CON LIDERES DE LAS DIFRENTES ALDEAS."},"content":{"rendered":"\t\t<div data-elementor-type=\"wp-post\" data-elementor-id=\"59794\" class=\"elementor elementor-59794\" data-elementor-settings=\"{&quot;ha_cmc_init_switcher&quot;:&quot;no&quot;}\">\n\t\t\t\t<div class=\"elementor-element elementor-element-52b2d99a e-flex e-con-boxed e-con e-parent\" data-id=\"52b2d99a\" data-element_type=\"container\" data-e-type=\"container\" data-settings=\"{&quot;_ha_eqh_enable&quot;:false}\">\n\t\t\t\t\t<div class=\"e-con-inner\">\n\t\t\t\t<div class=\"elementor-element elementor-element-5c704ad0 elementor-widget elementor-widget-text-editor\" data-id=\"5c704ad0\" data-element_type=\"widget\" data-e-type=\"widget\" data-widget_type=\"text-editor.default\">\n\t\t\t\t<div class=\"elementor-widget-container\">\n\t\t\t\t\t\t\t\t\t\n<h4 class=\"wp-block-heading\">Cuando se trabaja con transparencia, el pueblo lo sabe.<\/h4>\n\n\n\n<h4 class=\"wp-block-heading\">En el Sal\u00f3n Municipal de Nebaj se realiz\u00f3 una concentraci\u00f3n con l\u00edderes de todas las aldeas, donde el se\u00f1or alcalde rindi\u00f3 cuentas de los proyectos ejecutados en 2025 y present\u00f3 los que se desarrollar\u00e1n en 2026.<\/h4>\n\n\n\n<h4 class=\"wp-block-heading\">En esta importante actividad tambi\u00e9n se cont\u00f3 con la presencia y acompa\u00f1amiento del Diputado Ra\u00fal Sol\u00f3rzano, fortaleciendo el trabajo coordinado en favor del municipio.<\/h4>\n\n\n\n<h4 class=\"wp-block-heading\">Este gobierno municipal reafirma su compromiso de trabajar con transparencia, responsabilidad y en unidad con las comunidades para seguir impulsando el desarrollo de Nebaj.<\/h4>\n\n\n\n<iframe src=\"https:\/\/www.facebook.com\/plugins\/post.php?href=https%3A%2F%2Fwww.facebook.com%2Fpermalink.php%3Fstory_fbid%3Dpfbid0SdXhjTQNnnoZ25HsnkzK4XSGdmeSPZ8Lq4FexRZbF8Mn7hvpVGoKrCfMCcD78Ca2l%26id%3D100064424092491&#038;show_text=true&#038;width=1800\" width=\"1800\" height=\"993\" style=\"border:none;overflow:hidden\" scrolling=\"no\" frameborder=\"0\" allowfullscreen=\"true\" allow=\"autoplay; clipboard-write; encrypted-media; picture-in-picture; web-share\"><\/iframe>\n\t\t\t\t\t\t\t\t<\/div>\n\t\t\t\t<\/div>\n\t\t\t\t\t<\/div>\n\t\t\t\t<\/div>\n\t\t\t\t<\/div>\n\t\t","protected":false},"excerpt":{"rendered":"<p>Cuando se trabaja con transparencia, el pueblo lo sabe. En el Sal\u00f3n Municipal de Nebaj&#8230;<\/p>\n","protected":false},"author":4,"featured_media":59795,"comment_status":"closed","ping_status":"open","sticky":false,"template":"","format":"standard","meta":{"_eb_attr":"","_monsterinsights_skip_tracking":false,"_monsterinsights_sitenote_active":false,"_monsterinsights_sitenote_note":"","_monsterinsights_sitenote_category":0,"footnotes":""},"categories":[1],"tags":[],"class_list":["post-59794","post","type-post","status-publish","format-standard","has-post-thumbnail","hentry","category-uncategorized"],"featured_image_urls":{"full":["https:\/\/municipalidaddenebaj.com\/wp-content\/uploads\/2026\/03\/646324894_1330173549140102_1007216493687719942_n.jpg",2048,1366,false],"thumbnail":["https:\/\/municipalidaddenebaj.com\/wp-content\/uploads\/2026\/03\/646324894_1330173549140102_1007216493687719942_n-400x400.jpg",400,400,true],"medium":["https:\/\/municipalidaddenebaj.com\/wp-content\/uploads\/2026\/03\/646324894_1330173549140102_1007216493687719942_n-594x396.jpg",594,396,true],"medium_large":["https:\/\/municipalidaddenebaj.com\/wp-content\/uploads\/2026\/03\/646324894_1330173549140102_1007216493687719942_n-768x512.jpg",640,427,true],"large":["https:\/\/municipalidaddenebaj.com\/wp-content\/uploads\/2026\/03\/646324894_1330173549140102_1007216493687719942_n-510x340.jpg",510,340,true],"ezd_searrch_thumb16x16":["https:\/\/municipalidaddenebaj.com\/wp-content\/uploads\/2026\/03\/646324894_1330173549140102_1007216493687719942_n-16x16.jpg",16,16,true],"ezd_searrch_thumb50x50":["https:\/\/municipalidaddenebaj.com\/wp-content\/uploads\/2026\/03\/646324894_1330173549140102_1007216493687719942_n-50x50.jpg",50,50,true],"1536x1536":["https:\/\/municipalidaddenebaj.com\/wp-content\/uploads\/2026\/03\/646324894_1330173549140102_1007216493687719942_n-1536x1025.jpg",1536,1025,true],"2048x2048":["https:\/\/municipalidaddenebaj.com\/wp-content\/uploads\/2026\/03\/646324894_1330173549140102_1007216493687719942_n.jpg",2048,1366,false],"covernews-featured":["https:\/\/municipalidaddenebaj.com\/wp-content\/uploads\/2026\/03\/646324894_1330173549140102_1007216493687719942_n-1024x683.jpg",1024,683,true],"covernews-medium":["https:\/\/municipalidaddenebaj.com\/wp-content\/uploads\/2026\/03\/646324894_1330173549140102_1007216493687719942_n-540x340.jpg",540,340,true],"woocommerce_thumbnail":["https:\/\/municipalidaddenebaj.com\/wp-content\/uploads\/2026\/03\/646324894_1330173549140102_1007216493687719942_n-300x300.jpg",300,300,true],"woocommerce_single":["https:\/\/municipalidaddenebaj.com\/wp-content\/uploads\/2026\/03\/646324894_1330173549140102_1007216493687719942_n-600x400.jpg",600,400,true],"woocommerce_gallery_thumbnail":["https:\/\/municipalidaddenebaj.com\/wp-content\/uploads\/2026\/03\/646324894_1330173549140102_1007216493687719942_n-100x100.jpg",100,100,true]},"author_info":{"display_name":"Editor","author_link":"https:\/\/municipalidaddenebaj.com\/?author=4"},"category_info":"<a href=\"https:\/\/municipalidaddenebaj.com\/?cat=1\" rel=\"category\">Uncategorized<\/a>","tag_info":"Uncategorized","comment_count":"0","_links":{"self":[{"href":"https:\/\/municipalidaddenebaj.com\/index.php?rest_route=\/wp\/v2\/posts\/59794","targetHints":{"allow":["GET"]}}],"collection":[{"href":"https:\/\/municipalidaddenebaj.com\/index.php?rest_route=\/wp\/v2\/posts"}],"about":[{"href":"https:\/\/municipalidaddenebaj.com\/index.php?rest_route=\/wp\/v2\/types\/post"}],"author":[{"embeddable":true,"href":"https:\/\/municipalidaddenebaj.com\/index.php?rest_route=\/wp\/v2\/users\/4"}],"replies":[{"embeddable":true,"href":"https:\/\/municipalidaddenebaj.com\/index.php?rest_route=%2Fwp%2Fv2%2Fcomments&post=59794"}],"version-history":[{"count":0,"href":"https:\/\/municipalidaddenebaj.com\/index.php?rest_route=\/wp\/v2\/posts\/59794\/revisions"}],"wp:featuredmedia":[{"embeddable":true,"href":"https:\/\/municipalidaddenebaj.com\/index.php?rest_route=\/wp\/v2\/media\/59795"}],"wp:attachment":[{"href":"https:\/\/municipalidaddenebaj.com\/index.php?rest_route=%2Fwp%2Fv2%2Fmedia&parent=59794"}],"wp:term":[{"taxonomy":"category","embeddable":true,"href":"https:\/\/municipalidaddenebaj.com\/index.php?rest_route=%2Fwp%2Fv2%2Fcategories&post=59794"},{"taxonomy":"post_tag","embeddable":true,"href":"https:\/\/municipalidaddenebaj.com\/index.php?rest_route=%2Fwp%2Fv2%2Ftags&post=59794"}],"curies":[{"name":"wp","href":"https:\/\/api.w.org\/{rel}","templated":true}]}}