{"id":60029,"date":"2026-03-04T18:53:54","date_gmt":"2026-03-04T18:53:54","guid":{"rendered":"https:\/\/municipalidaddenebaj.com\/?p=60029"},"modified":"2026-03-04T18:54:51","modified_gmt":"2026-03-04T18:54:51","slug":"dotacion-de-cementos-aldea-pulay","status":"publish","type":"post","link":"https:\/\/municipalidaddenebaj.com\/?p=60029","title":{"rendered":"DOTACI\u00d3N DE CEMENTOS ALDEA PULAY"},"content":{"rendered":"\t\t<div data-elementor-type=\"wp-post\" data-elementor-id=\"60029\" class=\"elementor elementor-60029\" data-elementor-settings=\"{&quot;ha_cmc_init_switcher&quot;:&quot;no&quot;}\">\n\t\t\t\t<div class=\"elementor-element elementor-element-56fdce33 e-flex e-con-boxed e-con e-parent\" data-id=\"56fdce33\" data-element_type=\"container\" data-e-type=\"container\" data-settings=\"{&quot;_ha_eqh_enable&quot;:false}\">\n\t\t\t\t\t<div class=\"e-con-inner\">\n\t\t\t\t<div class=\"elementor-element elementor-element-581492a9 elementor-widget elementor-widget-text-editor\" data-id=\"581492a9\" data-element_type=\"widget\" data-e-type=\"widget\" data-widget_type=\"text-editor.default\">\n\t\t\t\t<div class=\"elementor-widget-container\">\n\t\t\t\t\t\t\t\t\t\n<h4 class=\"wp-block-heading\">\u00a1El apoyo llega a cada comunidad!<\/h4>\n\n\n\n<h4 class=\"wp-block-heading\">La Municipalidad de Nebaj realiz\u00f3 la dotaci\u00f3n de cemento en la Aldea Pulay para la pavimentaci\u00f3n de sus calles.<\/h4>\n\n\n\n<h4 class=\"wp-block-heading\">Porque en esta administraci\u00f3n, no hay comunidad que se quede sin apoyo.<\/h4>\n\n\n\n<h4 class=\"wp-block-heading\">Seguimos <a href=\"https:\/\/www.facebook.com\/hashtag\/construyendofuturo?__eep__=6&amp;__cft__[0]=AZbTvi8EjJshQkaexerSlsXin9RD_7pT9nghbzcYirb7T8gPviaqC2moAyAtIaYjcnLqeqOOAuKkn4lh16JIvfz93UIM0wV5DN8hsBjqjUNi_fUCcLjypi7c9Ka0AdrCXYlVI7QAtG2Z-KqO3f67ejcxnWlqLg9FOgHbzFq6HN0R4OhO8KACP67iVxAGyAefX5Y&amp;__tn__=*NK-R\">#ConstruyendoFuturo<\/a><\/h4>\n\n\n\n<iframe src=\"https:\/\/www.facebook.com\/plugins\/post.php?href=https%3A%2F%2Fwww.facebook.com%2Fpermalink.php%3Fstory_fbid%3Dpfbid099JAVkTchYJDvYiUzgsky6qsCuB3uyjWBDQYyzmnL7xgiqNhzGBQwJmHdWMDvH5Nl%26id%3D100064424092491&#038;show_text=true&#038;width=1700\" width=\"1700\" height=\"852\" style=\"border:none;overflow:hidden\" scrolling=\"no\" frameborder=\"0\" allowfullscreen=\"true\" allow=\"autoplay; clipboard-write; encrypted-media; picture-in-picture; web-share\"><\/iframe>\n\t\t\t\t\t\t\t\t<\/div>\n\t\t\t\t<\/div>\n\t\t\t\t\t<\/div>\n\t\t\t\t<\/div>\n\t\t\t\t<\/div>\n\t\t","protected":false},"excerpt":{"rendered":"<p>\u00a1El apoyo llega a cada comunidad! La Municipalidad de Nebaj realiz\u00f3 la dotaci\u00f3n de cemento&#8230;<\/p>\n","protected":false},"author":4,"featured_media":0,"comment_status":"closed","ping_status":"open","sticky":false,"template":"","format":"standard","meta":{"_eb_attr":"","_monsterinsights_skip_tracking":false,"_monsterinsights_sitenote_active":false,"_monsterinsights_sitenote_note":"","_monsterinsights_sitenote_category":0,"footnotes":""},"categories":[1],"tags":[],"class_list":["post-60029","post","type-post","status-publish","format-standard","hentry","category-uncategorized"],"featured_image_urls":{"full":"","thumbnail":"","medium":"","medium_large":"","large":"","ezd_searrch_thumb16x16":"","ezd_searrch_thumb50x50":"","1536x1536":"","2048x2048":"","covernews-featured":"","covernews-medium":"","woocommerce_thumbnail":"","woocommerce_single":"","woocommerce_gallery_thumbnail":""},"author_info":{"display_name":"Editor","author_link":"https:\/\/municipalidaddenebaj.com\/?author=4"},"category_info":"<a href=\"https:\/\/municipalidaddenebaj.com\/?cat=1\" rel=\"category\">Uncategorized<\/a>","tag_info":"Uncategorized","comment_count":"0","_links":{"self":[{"href":"https:\/\/municipalidaddenebaj.com\/index.php?rest_route=\/wp\/v2\/posts\/60029","targetHints":{"allow":["GET"]}}],"collection":[{"href":"https:\/\/municipalidaddenebaj.com\/index.php?rest_route=\/wp\/v2\/posts"}],"about":[{"href":"https:\/\/municipalidaddenebaj.com\/index.php?rest_route=\/wp\/v2\/types\/post"}],"author":[{"embeddable":true,"href":"https:\/\/municipalidaddenebaj.com\/index.php?rest_route=\/wp\/v2\/users\/4"}],"replies":[{"embeddable":true,"href":"https:\/\/municipalidaddenebaj.com\/index.php?rest_route=%2Fwp%2Fv2%2Fcomments&post=60029"}],"version-history":[{"count":0,"href":"https:\/\/municipalidaddenebaj.com\/index.php?rest_route=\/wp\/v2\/posts\/60029\/revisions"}],"wp:attachment":[{"href":"https:\/\/municipalidaddenebaj.com\/index.php?rest_route=%2Fwp%2Fv2%2Fmedia&parent=60029"}],"wp:term":[{"taxonomy":"category","embeddable":true,"href":"https:\/\/municipalidaddenebaj.com\/index.php?rest_route=%2Fwp%2Fv2%2Fcategories&post=60029"},{"taxonomy":"post_tag","embeddable":true,"href":"https:\/\/municipalidaddenebaj.com\/index.php?rest_route=%2Fwp%2Fv2%2Ftags&post=60029"}],"curies":[{"name":"wp","href":"https:\/\/api.w.org\/{rel}","templated":true}]}}